{"id":94028,"date":"2019-11-29T17:49:32","date_gmt":"2019-11-29T16:49:32","guid":{"rendered":"https:\/\/sequiol.es\/?p=94028"},"modified":"2020-01-17T19:56:07","modified_gmt":"2020-01-17T18:56:07","slug":"llums-de-nadal","status":"publish","type":"post","link":"https:\/\/sequiol.es\/vl\/llums-de-nadal\/","title":{"rendered":"Llums de Nadal"},"content":{"rendered":"\n<p><\/p>\n\n\n\n<p><\/p>\n\n\n\n<p>Com ja ve sent\ntradicional, un mes abans del comen\u00e7ament de les Festes, els carrers de\nCastell\u00f3 agafen colorit amb l\u2019encesa de les llums t\u00edpiques nadalenques.<\/p>\n\n\n\n<p>Una encesa de\nllums a c\u00e0rrec de les m\u00e0ximes representants festeres de la nostra Ciutat, les\nReines Carmen i Gal\u00b7la, que van estar molt ben abrigallades amb les seues\ncorts, Dames de la Ciutat i Madrines i Presidents de les diferents comissions\ngaiateres.<\/p>\n\n\n\n<p>No podia faltar\nla representaci\u00f3 sequiola, aquesta vegada de mans de les nostres Madrines,\nLourdes i Alejandra, per a la Magdalena de 2020.<\/p>\n\n\n\n<p>\n\n Fotos cortes\u00eda SEQUIOL  \r\n\t<div class=\"slideshow_container slideshow_container_style-light\" style=\"height: 400px; \" data-slideshow-id=\"94019\" data-style-name=\"style-light\" data-style-version=\"2.3.1\" >\r\n\r\n\t\t\t\t\t<div class=\"slideshow_loading_icon\"><\/div>\r\n\t\t\r\n\t\t<div class=\"slideshow_content\" style=\"display: none;\">\r\n\r\n\t\t\t<div class=\"slideshow_view\">\r\n\t\t\t\t<div class=\"slideshow_slide slideshow_slide_image\">\r\n\t\t\t\t\t\t\t\t\t\t\t<img src=\"https:\/\/sequiol.es\/wp-content\/uploads\/2019\/12\/Encendido-de-luces-2.jpg\" alt=\"Encendido de luces (2)\" width=\"1125\" height=\"1687\" \/>\r\n\t\t\t\t\t\t\t\t\t\t<div class=\"slideshow_description_box slideshow_transparent\">\r\n\t\t\t\t\t\t<div class=\"slideshow_title\">Encendido de luces (2)<\/div>\t\t\t\t\t\t\t\t\t\t\t<\/div>\r\n\t\t\t\t<\/div>\r\n\r\n\t\t\t\t\t\t<div style=\"clear: both;\"><\/div><\/div><div class=\"slideshow_view\">\r\n\t\t\t\t<div class=\"slideshow_slide slideshow_slide_image\">\r\n\t\t\t\t\t\t\t\t\t\t\t<img src=\"https:\/\/sequiol.es\/wp-content\/uploads\/2019\/12\/Encendido-de-luces-1.jpg\" alt=\"Encendido de luces (1)\" width=\"1125\" height=\"750\" \/>\r\n\t\t\t\t\t\t\t\t\t\t<div class=\"slideshow_description_box slideshow_transparent\">\r\n\t\t\t\t\t\t<div class=\"slideshow_title\">Encendido de luces (1)<\/div>\t\t\t\t\t\t\t\t\t\t\t<\/div>\r\n\t\t\t\t<\/div>\r\n\r\n\t\t\t\t\t\t<div style=\"clear: both;\"><\/div><\/div>\r\n\t\t<\/div>\r\n\r\n\t\t<div class=\"slideshow_controlPanel slideshow_transparent\" style=\"display: none;\"><ul><li class=\"slideshow_togglePlay\" data-play-text=\"Play\" data-pause-text=\"Pause\"><\/li><\/ul><\/div>\r\n\r\n\t\t<div class=\"slideshow_button slideshow_previous slideshow_transparent\" role=\"button\" data-previous-text=\"Previous\" style=\"display: none;\"><\/div>\r\n\t\t<div class=\"slideshow_button slideshow_next slideshow_transparent\" role=\"button\" data-next-text=\"Next\" style=\"display: none;\"><\/div>\r\n\r\n\t\t<div class=\"slideshow_pagination\" style=\"display: none;\" data-go-to-text=\"Go to slide\"><div class=\"slideshow_pagination_center\"><\/div><\/div>\r\n\r\n\t\t<!-- WordPress Slideshow Version 2.3.1 -->\r\n\r\n\t\t\t<\/div>\r\n\r\n     \n\n<\/p>\n","protected":false},"excerpt":{"rendered":"<p>Com ja ve sent tradicional, un mes abans del comen\u00e7ament de les Festes, els carrers de Castell\u00f3 agafen colorit amb l\u2019encesa de les llums t\u00edpiques nadalenques. Una encesa de llums a c\u00e0rrec de les m\u00e0ximes representants festeres de la nostra Ciutat, les Reines Carmen i Gal\u00b7la, que van estar molt ben abrigallades amb les seues [&hellip;]<\/p>\n","protected":false},"author":4,"featured_media":94025,"comment_status":"open","ping_status":"open","sticky":false,"template":"","format":"standard","meta":{"footnotes":""},"categories":[153],"tags":[],"class_list":["post-94028","post","type-post","status-publish","format-standard","has-post-thumbnail","hentry","category-magdalena-2020-vl"],"_links":{"self":[{"href":"https:\/\/sequiol.es\/vl\/wp-json\/wp\/v2\/posts\/94028","targetHints":{"allow":["GET"]}}],"collection":[{"href":"https:\/\/sequiol.es\/vl\/wp-json\/wp\/v2\/posts"}],"about":[{"href":"https:\/\/sequiol.es\/vl\/wp-json\/wp\/v2\/types\/post"}],"author":[{"embeddable":true,"href":"https:\/\/sequiol.es\/vl\/wp-json\/wp\/v2\/users\/4"}],"replies":[{"embeddable":true,"href":"https:\/\/sequiol.es\/vl\/wp-json\/wp\/v2\/comments?post=94028"}],"version-history":[{"count":1,"href":"https:\/\/sequiol.es\/vl\/wp-json\/wp\/v2\/posts\/94028\/revisions"}],"predecessor-version":[{"id":94029,"href":"https:\/\/sequiol.es\/vl\/wp-json\/wp\/v2\/posts\/94028\/revisions\/94029"}],"wp:featuredmedia":[{"embeddable":true,"href":"https:\/\/sequiol.es\/vl\/wp-json\/wp\/v2\/media\/94025"}],"wp:attachment":[{"href":"https:\/\/sequiol.es\/vl\/wp-json\/wp\/v2\/media?parent=94028"}],"wp:term":[{"taxonomy":"category","embeddable":true,"href":"https:\/\/sequiol.es\/vl\/wp-json\/wp\/v2\/categories?post=94028"},{"taxonomy":"post_tag","embeddable":true,"href":"https:\/\/sequiol.es\/vl\/wp-json\/wp\/v2\/tags?post=94028"}],"curies":[{"name":"wp","href":"https:\/\/api.w.org\/{rel}","templated":true}]}}