{"id":90888,"date":"2019-10-12T12:59:56","date_gmt":"2019-10-12T10:59:56","guid":{"rendered":"https:\/\/sequiol.es\/?p=90888"},"modified":"2020-01-17T19:58:17","modified_gmt":"2020-01-17T18:58:17","slug":"verge-del-pilar-4","status":"publish","type":"post","link":"https:\/\/sequiol.es\/vl\/verge-del-pilar-4\/","title":{"rendered":"Verge del Pilar"},"content":{"rendered":"\n<p><\/p>\n\n\n\n<p>El dia de la Hispanitat \u00e9s tamb\u00e9 la festa gran de la Gu\u00e0rdia\nCivil i com no, dia de celebraci\u00f3 de l\u2019onom\u00e0stica de totes les dones que porten\nPilar al seu nom. <\/p>\n\n\n\n<p>Festa celebrada a tota Espanya, per\u00f2 sobretot a la\nComunitat Aragonesa, d\u2019on la Verge del Pilar \u00e9s la seua patrona. Una comunitat\namb nombrosa pres\u00e8ncia en la nostra ciutat i fortes arrels amb aquesta. Per\naix\u00f2, i com cada any, convidats pel Centre Aragon\u00e9s de Castell\u00f3, els nostres\nc\u00e0rrecs de la Magdalena 2020, Lourdes, Alejandra i Manel, acompanyats pel vicepresident\nJorge Mart\u00ed, van acudir a l&#8217;Esgl\u00e9sia de la Sant\u00edssima Trinitat per tal de participar\nen l&#8217;ofrena i posterior missa en honor a la Verge del Pilar.<\/p>\n\n\n\n<p>Abillats amb els vestits de llauradors, les xiques amb\nmantellina tal com requeria l\u2019ocasi\u00f3, van formar part d\u2019una nombrosa comitiva\ngaiatera que va acompanyar als amics aragonesos des de la seua seu fins a l\u2019esmentada\nesgl\u00e9sia.<\/p>\n\n\n\n<p>Un any m\u00e9s, no vam voler perdre&#8217;ns l&#8217;oportunitat de\ntornar a compartir amb tants ve\u00efns de la nostra ciutat que guarden les seues\narrels en la comunitat d&#8217;Arag\u00f3, i junts celebrar el dia gran de la seua\npatrona, la Pilarica.<\/p>\n\n\n\n<p>\n\nFotos cortes\u00eda Gaiata 15 Sequiol  \r\n\t<div class=\"slideshow_container slideshow_container_style-light\" style=\"height: 400px; \" data-slideshow-id=\"90835\" data-style-name=\"style-light\" data-style-version=\"2.3.1\" >\r\n\r\n\t\t\t\t\t<div class=\"slideshow_loading_icon\"><\/div>\r\n\t\t\r\n\t\t<div class=\"slideshow_content\" style=\"display: none;\">\r\n\r\n\t\t\t<div class=\"slideshow_view\">\r\n\t\t\t\t<div class=\"slideshow_slide slideshow_slide_image\">\r\n\t\t\t\t\t\t\t\t\t\t\t<img src=\"https:\/\/sequiol.es\/wp-content\/uploads\/2019\/10\/misaldelpilar-2019-10-12-12-05-281.jpg\" alt=\"misaldelpilar-2019-10-12-12-05-28(1)\" width=\"1125\" height=\"633\" \/>\r\n\t\t\t\t\t\t\t\t\t\t<div class=\"slideshow_description_box slideshow_transparent\">\r\n\t\t\t\t\t\t<div class=\"slideshow_title\">misaldelpilar-2019-10-12-12-05-28(1)<\/div>\t\t\t\t\t\t\t\t\t\t\t<\/div>\r\n\t\t\t\t<\/div>\r\n\r\n\t\t\t\t\t\t<div style=\"clear: both;\"><\/div><\/div><div class=\"slideshow_view\">\r\n\t\t\t\t<div class=\"slideshow_slide slideshow_slide_image\">\r\n\t\t\t\t\t\t\t\t\t\t\t<img src=\"https:\/\/sequiol.es\/wp-content\/uploads\/2019\/10\/misaldelpilar_470.jpg\" alt=\"misaldelpilar_470\" width=\"1125\" height=\"750\" \/>\r\n\t\t\t\t\t\t\t\t\t\t<div class=\"slideshow_description_box slideshow_transparent\">\r\n\t\t\t\t\t\t<div class=\"slideshow_title\">misaldelpilar_470<\/div>\t\t\t\t\t\t\t\t\t\t\t<\/div>\r\n\t\t\t\t<\/div>\r\n\r\n\t\t\t\t\t\t<div style=\"clear: both;\"><\/div><\/div><div class=\"slideshow_view\">\r\n\t\t\t\t<div class=\"slideshow_slide slideshow_slide_image\">\r\n\t\t\t\t\t\t\t\t\t\t\t<img src=\"https:\/\/sequiol.es\/wp-content\/uploads\/2019\/10\/misaldelpilar_394.jpg\" alt=\"misaldelpilar_394\" width=\"1125\" height=\"750\" \/>\r\n\t\t\t\t\t\t\t\t\t\t<div class=\"slideshow_description_box slideshow_transparent\">\r\n\t\t\t\t\t\t<div class=\"slideshow_title\">misaldelpilar_394<\/div>\t\t\t\t\t\t\t\t\t\t\t<\/div>\r\n\t\t\t\t<\/div>\r\n\r\n\t\t\t\t\t\t<div style=\"clear: both;\"><\/div><\/div><div class=\"slideshow_view\">\r\n\t\t\t\t<div class=\"slideshow_slide slideshow_slide_image\">\r\n\t\t\t\t\t\t\t\t\t\t\t<img src=\"https:\/\/sequiol.es\/wp-content\/uploads\/2019\/10\/misaldelpilar_182.jpg\" alt=\"misaldelpilar_182\" width=\"1125\" height=\"1687\" \/>\r\n\t\t\t\t\t\t\t\t\t\t<div class=\"slideshow_description_box slideshow_transparent\">\r\n\t\t\t\t\t\t<div class=\"slideshow_title\">misaldelpilar_182<\/div>\t\t\t\t\t\t\t\t\t\t\t<\/div>\r\n\t\t\t\t<\/div>\r\n\r\n\t\t\t\t\t\t<div style=\"clear: both;\"><\/div><\/div><div class=\"slideshow_view\">\r\n\t\t\t\t<div class=\"slideshow_slide slideshow_slide_image\">\r\n\t\t\t\t\t\t\t\t\t\t\t<img src=\"https:\/\/sequiol.es\/wp-content\/uploads\/2019\/10\/misaldelpilar_179.jpg\" alt=\"misaldelpilar_179\" width=\"1125\" height=\"1687\" \/>\r\n\t\t\t\t\t\t\t\t\t\t<div class=\"slideshow_description_box slideshow_transparent\">\r\n\t\t\t\t\t\t<div class=\"slideshow_title\">misaldelpilar_179<\/div>\t\t\t\t\t\t\t\t\t\t\t<\/div>\r\n\t\t\t\t<\/div>\r\n\r\n\t\t\t\t\t\t<div style=\"clear: both;\"><\/div><\/div><div class=\"slideshow_view\">\r\n\t\t\t\t<div class=\"slideshow_slide slideshow_slide_image\">\r\n\t\t\t\t\t\t\t\t\t\t\t<img src=\"https:\/\/sequiol.es\/wp-content\/uploads\/2019\/10\/misaldelpilar_094.jpg\" alt=\"misaldelpilar_094\" width=\"1125\" height=\"1687\" \/>\r\n\t\t\t\t\t\t\t\t\t\t<div class=\"slideshow_description_box slideshow_transparent\">\r\n\t\t\t\t\t\t<div class=\"slideshow_title\">misaldelpilar_094<\/div>\t\t\t\t\t\t\t\t\t\t\t<\/div>\r\n\t\t\t\t<\/div>\r\n\r\n\t\t\t\t\t\t<div style=\"clear: both;\"><\/div><\/div><div class=\"slideshow_view\">\r\n\t\t\t\t<div class=\"slideshow_slide slideshow_slide_image\">\r\n\t\t\t\t\t\t\t\t\t\t\t<img src=\"https:\/\/sequiol.es\/wp-content\/uploads\/2019\/10\/jmisaldelpilar_114.jpg\" alt=\"jmisaldelpilar_114\" width=\"1125\" height=\"1687\" \/>\r\n\t\t\t\t\t\t\t\t\t\t<div class=\"slideshow_description_box slideshow_transparent\">\r\n\t\t\t\t\t\t<div class=\"slideshow_title\">jmisaldelpilar_114<\/div>\t\t\t\t\t\t\t\t\t\t\t<\/div>\r\n\t\t\t\t<\/div>\r\n\r\n\t\t\t\t\t\t<div style=\"clear: both;\"><\/div><\/div><div class=\"slideshow_view\">\r\n\t\t\t\t<div class=\"slideshow_slide slideshow_slide_image\">\r\n\t\t\t\t\t\t\t\t\t\t\t<img src=\"https:\/\/sequiol.es\/wp-content\/uploads\/2019\/10\/misaldelpilarb-49cc-4fcb-bafe-17717214ce56.jpg\" alt=\"misaldelpilarb-49cc-4fcb-bafe-17717214ce56\" width=\"1125\" height=\"924\" \/>\r\n\t\t\t\t\t\t\t\t\t\t<div class=\"slideshow_description_box slideshow_transparent\">\r\n\t\t\t\t\t\t<div class=\"slideshow_title\">misaldelpilarb-49cc-4fcb-bafe-17717214ce56<\/div>\t\t\t\t\t\t\t\t\t\t\t<\/div>\r\n\t\t\t\t<\/div>\r\n\r\n\t\t\t\t\t\t<div style=\"clear: both;\"><\/div><\/div><div class=\"slideshow_view\">\r\n\t\t\t\t<div class=\"slideshow_slide slideshow_slide_image\">\r\n\t\t\t\t\t\t\t\t\t\t\t<img src=\"https:\/\/sequiol.es\/wp-content\/uploads\/2019\/10\/misaldelpilar-2019-10-12-13-49-12.jpg\" alt=\"misaldelpilar-2019-10-12-13-49-12\" width=\"1125\" height=\"844\" \/>\r\n\t\t\t\t\t\t\t\t\t\t<div class=\"slideshow_description_box slideshow_transparent\">\r\n\t\t\t\t\t\t<div class=\"slideshow_title\">misaldelpilar-2019-10-12-13-49-12<\/div>\t\t\t\t\t\t\t\t\t\t\t<\/div>\r\n\t\t\t\t<\/div>\r\n\r\n\t\t\t\t\t\t<div style=\"clear: both;\"><\/div><\/div><div class=\"slideshow_view\">\r\n\t\t\t\t<div class=\"slideshow_slide slideshow_slide_image\">\r\n\t\t\t\t\t\t\t\t\t\t\t<img src=\"https:\/\/sequiol.es\/wp-content\/uploads\/2019\/10\/misaldelpilar-2019-10-12-12-05-29.jpg\" alt=\"misaldelpilar-2019-10-12-12-05-29\" width=\"1125\" height=\"633\" \/>\r\n\t\t\t\t\t\t\t\t\t\t<div class=\"slideshow_description_box slideshow_transparent\">\r\n\t\t\t\t\t\t<div class=\"slideshow_title\">misaldelpilar-2019-10-12-12-05-29<\/div>\t\t\t\t\t\t\t\t\t\t\t<\/div>\r\n\t\t\t\t<\/div>\r\n\r\n\t\t\t\t\t\t<div style=\"clear: both;\"><\/div><\/div><div class=\"slideshow_view\">\r\n\t\t\t\t<div class=\"slideshow_slide slideshow_slide_image\">\r\n\t\t\t\t\t\t\t\t\t\t\t<img src=\"https:\/\/sequiol.es\/wp-content\/uploads\/2019\/10\/misaldelpilar-2019-10-12-12-05-291.jpg\" alt=\"misaldelpilar-2019-10-12-12-05-29(1)\" width=\"1125\" height=\"2000\" \/>\r\n\t\t\t\t\t\t\t\t\t\t<div class=\"slideshow_description_box slideshow_transparent\">\r\n\t\t\t\t\t\t<div class=\"slideshow_title\">misaldelpilar-2019-10-12-12-05-29(1)<\/div>\t\t\t\t\t\t\t\t\t\t\t<\/div>\r\n\t\t\t\t<\/div>\r\n\r\n\t\t\t\t\t\t<div style=\"clear: both;\"><\/div><\/div><div class=\"slideshow_view\">\r\n\t\t\t\t<div class=\"slideshow_slide slideshow_slide_image\">\r\n\t\t\t\t\t\t\t\t\t\t\t<img src=\"https:\/\/sequiol.es\/wp-content\/uploads\/2019\/10\/misaldelpilar-2019-10-12-12-05-28.jpg\" alt=\"misaldelpilar-2019-10-12-12-05-28\" width=\"1125\" height=\"2000\" \/>\r\n\t\t\t\t\t\t\t\t\t\t<div class=\"slideshow_description_box slideshow_transparent\">\r\n\t\t\t\t\t\t<div class=\"slideshow_title\">misaldelpilar-2019-10-12-12-05-28<\/div>\t\t\t\t\t\t\t\t\t\t\t<\/div>\r\n\t\t\t\t<\/div>\r\n\r\n\t\t\t\t\t\t<div style=\"clear: both;\"><\/div><\/div>\r\n\t\t<\/div>\r\n\r\n\t\t<div class=\"slideshow_controlPanel slideshow_transparent\" style=\"display: none;\"><ul><li class=\"slideshow_togglePlay\" data-play-text=\"Play\" data-pause-text=\"Pause\"><\/li><\/ul><\/div>\r\n\r\n\t\t<div class=\"slideshow_button slideshow_previous slideshow_transparent\" role=\"button\" data-previous-text=\"Previous\" style=\"display: none;\"><\/div>\r\n\t\t<div class=\"slideshow_button slideshow_next slideshow_transparent\" role=\"button\" data-next-text=\"Next\" style=\"display: none;\"><\/div>\r\n\r\n\t\t<div class=\"slideshow_pagination\" style=\"display: none;\" data-go-to-text=\"Go to slide\"><div class=\"slideshow_pagination_center\"><\/div><\/div>\r\n\r\n\t\t<!-- WordPress Slideshow Version 2.3.1 -->\r\n\r\n\t\t\t<\/div>\r\n\r\n          \n\n<\/p>\n","protected":false},"excerpt":{"rendered":"<p>El dia de la Hispanitat \u00e9s tamb\u00e9 la festa gran de la Gu\u00e0rdia Civil i com no, dia de celebraci\u00f3 de l\u2019onom\u00e0stica de totes les dones que porten Pilar al seu nom. Festa celebrada a tota Espanya, per\u00f2 sobretot a la Comunitat Aragonesa, d\u2019on la Verge del Pilar \u00e9s la seua patrona. Una comunitat amb [&hellip;]<\/p>\n","protected":false},"author":4,"featured_media":90853,"comment_status":"open","ping_status":"open","sticky":false,"template":"","format":"standard","meta":{"footnotes":""},"categories":[150],"tags":[],"class_list":["post-90888","post","type-post","status-publish","format-standard","has-post-thumbnail","hentry","category-magdalena-2019-vl"],"_links":{"self":[{"href":"https:\/\/sequiol.es\/vl\/wp-json\/wp\/v2\/posts\/90888","targetHints":{"allow":["GET"]}}],"collection":[{"href":"https:\/\/sequiol.es\/vl\/wp-json\/wp\/v2\/posts"}],"about":[{"href":"https:\/\/sequiol.es\/vl\/wp-json\/wp\/v2\/types\/post"}],"author":[{"embeddable":true,"href":"https:\/\/sequiol.es\/vl\/wp-json\/wp\/v2\/users\/4"}],"replies":[{"embeddable":true,"href":"https:\/\/sequiol.es\/vl\/wp-json\/wp\/v2\/comments?post=90888"}],"version-history":[{"count":1,"href":"https:\/\/sequiol.es\/vl\/wp-json\/wp\/v2\/posts\/90888\/revisions"}],"predecessor-version":[{"id":90889,"href":"https:\/\/sequiol.es\/vl\/wp-json\/wp\/v2\/posts\/90888\/revisions\/90889"}],"wp:featuredmedia":[{"embeddable":true,"href":"https:\/\/sequiol.es\/vl\/wp-json\/wp\/v2\/media\/90853"}],"wp:attachment":[{"href":"https:\/\/sequiol.es\/vl\/wp-json\/wp\/v2\/media?parent=90888"}],"wp:term":[{"taxonomy":"category","embeddable":true,"href":"https:\/\/sequiol.es\/vl\/wp-json\/wp\/v2\/categories?post=90888"},{"taxonomy":"post_tag","embeddable":true,"href":"https:\/\/sequiol.es\/vl\/wp-json\/wp\/v2\/tags?post=90888"}],"curies":[{"name":"wp","href":"https:\/\/api.w.org\/{rel}","templated":true}]}}