{"id":89623,"date":"2019-09-07T19:15:53","date_gmt":"2019-09-07T17:15:53","guid":{"rendered":"https:\/\/sequiol.es\/?p=89623"},"modified":"2020-01-17T19:59:23","modified_gmt":"2020-01-17T18:59:23","slug":"768e-aniversari-de-la-fundacio-de-castello","status":"publish","type":"post","link":"https:\/\/sequiol.es\/vl\/768e-aniversari-de-la-fundacio-de-castello\/","title":{"rendered":"768\u00e8  Aniversari de la Fundaci\u00f3 de Castell\u00f3"},"content":{"rendered":"\n<p><\/p>\n\n\n\n<p>La Ciutat de\nCastell\u00f3 ha celebrat el cap de setmana del 6 al 8 de setembre el 768\u00e8\naniversari de la seua fundaci\u00f3, el dia en que es va signar l\u2019autoritzaci\u00f3\nperqu\u00e8 els habitants de Castell\u00f3 pogueren traslladar-se a la Plana.<\/p>\n\n\n\n<p>Unes jornades per\nreivindicar l\u2019amor per la nostra terra i el nostre orgull de genealogia. I dins\nl\u2019\u00e0mplia programaci\u00f3 d\u2019actes commemoratius, es va disparar una sonora\nmascletada a la que no van faltar els m\u00e0xims representants festers de la\nCiutat, Reines de les Festes, Dames de la Ciutat, Madrines i Presidentes de\ntotes les comissions gaiateres, gent de Colles i Ens vinculats, etc.<\/p>\n\n\n\n<p>No podie faltar\nen una ocasi\u00f3 tan especial, la gaiata 15 Sequiol amb els seus c\u00e0rrecs per al\n2020, Lourdes Moreno, Alejandra S\u00e1ez, Manel Rubio i la Presidenta Elisabeth\nBreva.<\/p>\n\n\n\n<p>El cam\u00ed que van\nfer fa ara 768 anys els nostres avantpassats fundadors, \u00e9s l\u2019origen del nostre\npoble i, com diu Bernat Artola al Preg\u00f3, quin Fillol oblidaria la rabassa\nmaternal.<\/p>\n\n\n\n<p> Fotos cortes\u00eda Gaiata 15 Sequiol  \r\n\t<div class=\"slideshow_container slideshow_container_style-light\" style=\"height: 400px; \" data-slideshow-id=\"89587\" data-style-name=\"style-light\" data-style-version=\"2.3.1\" >\r\n\r\n\t\t\t\t\t<div class=\"slideshow_loading_icon\"><\/div>\r\n\t\t\r\n\t\t<div class=\"slideshow_content\" style=\"display: none;\">\r\n\r\n\t\t\t<div class=\"slideshow_view\">\r\n\t\t\t\t<div class=\"slideshow_slide slideshow_slide_image\">\r\n\t\t\t\t\t\t\t\t\t\t\t<img src=\"https:\/\/sequiol.es\/wp-content\/uploads\/2019\/09\/AniversariofundacionCastellon-2019-09-07-14-14-15.jpg\" alt=\"AniversariofundacionCastellon-2019-09-07-14-14-15\" width=\"886\" height=\"591\" \/>\r\n\t\t\t\t\t\t\t\t\t\t<div class=\"slideshow_description_box slideshow_transparent\">\r\n\t\t\t\t\t\t<div class=\"slideshow_title\">AniversariofundacionCastellon-2019-09-07-14-14-15<\/div>\t\t\t\t\t\t\t\t\t\t\t<\/div>\r\n\t\t\t\t<\/div>\r\n\r\n\t\t\t\t\t\t<div style=\"clear: both;\"><\/div><\/div><div class=\"slideshow_view\">\r\n\t\t\t\t<div class=\"slideshow_slide slideshow_slide_image\">\r\n\t\t\t\t\t\t\t\t\t\t\t<img src=\"https:\/\/sequiol.es\/wp-content\/uploads\/2019\/09\/AniversariofundacionCastellon-2019-09-07-14-14-03.jpg\" alt=\"AniversariofundacionCastellon-2019-09-07-14-14-03\" width=\"886\" height=\"591\" \/>\r\n\t\t\t\t\t\t\t\t\t\t<div class=\"slideshow_description_box slideshow_transparent\">\r\n\t\t\t\t\t\t<div class=\"slideshow_title\">AniversariofundacionCastellon-2019-09-07-14-14-03<\/div>\t\t\t\t\t\t\t\t\t\t\t<\/div>\r\n\t\t\t\t<\/div>\r\n\r\n\t\t\t\t\t\t<div style=\"clear: both;\"><\/div><\/div><div class=\"slideshow_view\">\r\n\t\t\t\t<div class=\"slideshow_slide slideshow_slide_image\">\r\n\t\t\t\t\t\t\t\t\t\t\t<img src=\"https:\/\/sequiol.es\/wp-content\/uploads\/2019\/09\/AniversariofundacionCastellon-2019-09-07-16-41-12.jpg\" alt=\"AniversariofundacionCastellon-2019-09-07-16-41-12\" width=\"1600\" height=\"1200\" \/>\r\n\t\t\t\t\t\t\t\t\t\t<div class=\"slideshow_description_box slideshow_transparent\">\r\n\t\t\t\t\t\t<div class=\"slideshow_title\">AniversariofundacionCastellon-2019-09-07-16-41-12<\/div>\t\t\t\t\t\t\t\t\t\t\t<\/div>\r\n\t\t\t\t<\/div>\r\n\r\n\t\t\t\t\t\t<div style=\"clear: both;\"><\/div><\/div><div class=\"slideshow_view\">\r\n\t\t\t\t<div class=\"slideshow_slide slideshow_slide_image\">\r\n\t\t\t\t\t\t\t\t\t\t\t<img src=\"https:\/\/sequiol.es\/wp-content\/uploads\/2019\/09\/AniversariofundacionCastellon-2019-09-07-16-41-121.jpg\" alt=\"AniversariofundacionCastellon-2019-09-07-16-41-12(1)\" width=\"1296\" height=\"970\" \/>\r\n\t\t\t\t\t\t\t\t\t\t<div class=\"slideshow_description_box slideshow_transparent\">\r\n\t\t\t\t\t\t<div class=\"slideshow_title\">AniversariofundacionCastellon-2019-09-07-16-41-12(1)<\/div>\t\t\t\t\t\t\t\t\t\t\t<\/div>\r\n\t\t\t\t<\/div>\r\n\r\n\t\t\t\t\t\t<div style=\"clear: both;\"><\/div><\/div><div class=\"slideshow_view\">\r\n\t\t\t\t<div class=\"slideshow_slide slideshow_slide_image\">\r\n\t\t\t\t\t\t\t\t\t\t\t<img src=\"https:\/\/sequiol.es\/wp-content\/uploads\/2019\/09\/AniversariofundacionCastellon-2019-09-07-16-41-11.jpg\" alt=\"AniversariofundacionCastellon-2019-09-07-16-41-11\" width=\"1600\" height=\"1200\" \/>\r\n\t\t\t\t\t\t\t\t\t\t<div class=\"slideshow_description_box slideshow_transparent\">\r\n\t\t\t\t\t\t<div class=\"slideshow_title\">AniversariofundacionCastellon-2019-09-07-16-41-11<\/div>\t\t\t\t\t\t\t\t\t\t\t<\/div>\r\n\t\t\t\t<\/div>\r\n\r\n\t\t\t\t\t\t<div style=\"clear: both;\"><\/div><\/div><div class=\"slideshow_view\">\r\n\t\t\t\t<div class=\"slideshow_slide slideshow_slide_image\">\r\n\t\t\t\t\t\t\t\t\t\t\t<img src=\"https:\/\/sequiol.es\/wp-content\/uploads\/2019\/09\/AniversariofundacionCastellon-2019-09-07-16-41-113.jpg\" alt=\"AniversariofundacionCastellon-2019-09-07-16-41-11(3)\" width=\"1296\" height=\"970\" \/>\r\n\t\t\t\t\t\t\t\t\t\t<div class=\"slideshow_description_box slideshow_transparent\">\r\n\t\t\t\t\t\t<div class=\"slideshow_title\">AniversariofundacionCastellon-2019-09-07-16-41-11(3)<\/div>\t\t\t\t\t\t\t\t\t\t\t<\/div>\r\n\t\t\t\t<\/div>\r\n\r\n\t\t\t\t\t\t<div style=\"clear: both;\"><\/div><\/div><div class=\"slideshow_view\">\r\n\t\t\t\t<div class=\"slideshow_slide slideshow_slide_image\">\r\n\t\t\t\t\t\t\t\t\t\t\t<img src=\"https:\/\/sequiol.es\/wp-content\/uploads\/2019\/09\/AniversariofundacionCastellon-2019-09-07-16-41-112.jpg\" alt=\"AniversariofundacionCastellon-2019-09-07-16-41-11(2)\" width=\"1600\" height=\"1200\" \/>\r\n\t\t\t\t\t\t\t\t\t\t<div class=\"slideshow_description_box slideshow_transparent\">\r\n\t\t\t\t\t\t<div class=\"slideshow_title\">AniversariofundacionCastellon-2019-09-07-16-41-11(2)<\/div>\t\t\t\t\t\t\t\t\t\t\t<\/div>\r\n\t\t\t\t<\/div>\r\n\r\n\t\t\t\t\t\t<div style=\"clear: both;\"><\/div><\/div><div class=\"slideshow_view\">\r\n\t\t\t\t<div class=\"slideshow_slide slideshow_slide_image\">\r\n\t\t\t\t\t\t\t\t\t\t\t<img src=\"https:\/\/sequiol.es\/wp-content\/uploads\/2019\/09\/AniversariofundacionCastellon-2019-09-07-16-41-111.jpg\" alt=\"AniversariofundacionCastellon-2019-09-07-16-41-11(1)\" width=\"1200\" height=\"1600\" \/>\r\n\t\t\t\t\t\t\t\t\t\t<div class=\"slideshow_description_box slideshow_transparent\">\r\n\t\t\t\t\t\t<div class=\"slideshow_title\">AniversariofundacionCastellon-2019-09-07-16-41-11(1)<\/div>\t\t\t\t\t\t\t\t\t\t\t<\/div>\r\n\t\t\t\t<\/div>\r\n\r\n\t\t\t\t\t\t<div style=\"clear: both;\"><\/div><\/div><div class=\"slideshow_view\">\r\n\t\t\t\t<div class=\"slideshow_slide slideshow_slide_image\">\r\n\t\t\t\t\t\t\t\t\t\t\t<img src=\"https:\/\/sequiol.es\/wp-content\/uploads\/2019\/09\/AniversariofundacionCastellon-2019-09-07-16-41-10.jpg\" alt=\"AniversariofundacionCastellon-2019-09-07-16-41-10\" width=\"1600\" height=\"1200\" \/>\r\n\t\t\t\t\t\t\t\t\t\t<div class=\"slideshow_description_box slideshow_transparent\">\r\n\t\t\t\t\t\t<div class=\"slideshow_title\">AniversariofundacionCastellon-2019-09-07-16-41-10<\/div>\t\t\t\t\t\t\t\t\t\t\t<\/div>\r\n\t\t\t\t<\/div>\r\n\r\n\t\t\t\t\t\t<div style=\"clear: both;\"><\/div><\/div><div class=\"slideshow_view\">\r\n\t\t\t\t<div class=\"slideshow_slide slideshow_slide_image\">\r\n\t\t\t\t\t\t\t\t\t\t\t<img src=\"https:\/\/sequiol.es\/wp-content\/uploads\/2019\/09\/AniversariofundacionCastellon-2019-09-07-15-25-23.jpg\" alt=\"AniversariofundacionCastellon-2019-09-07-15-25-23\" width=\"1600\" height=\"1200\" \/>\r\n\t\t\t\t\t\t\t\t\t\t<div class=\"slideshow_description_box slideshow_transparent\">\r\n\t\t\t\t\t\t<div class=\"slideshow_title\">AniversariofundacionCastellon-2019-09-07-15-25-23<\/div>\t\t\t\t\t\t\t\t\t\t\t<\/div>\r\n\t\t\t\t<\/div>\r\n\r\n\t\t\t\t\t\t<div style=\"clear: both;\"><\/div><\/div><div class=\"slideshow_view\">\r\n\t\t\t\t<div class=\"slideshow_slide slideshow_slide_image\">\r\n\t\t\t\t\t\t\t\t\t\t\t<img src=\"https:\/\/sequiol.es\/wp-content\/uploads\/2019\/09\/AniversariofundacionCastellon-2019-09-07-15-25-14.jpg\" alt=\"AniversariofundacionCastellon-2019-09-07-15-25-14\" width=\"1296\" height=\"970\" \/>\r\n\t\t\t\t\t\t\t\t\t\t<div class=\"slideshow_description_box slideshow_transparent\">\r\n\t\t\t\t\t\t<div class=\"slideshow_title\">AniversariofundacionCastellon-2019-09-07-15-25-14<\/div>\t\t\t\t\t\t\t\t\t\t\t<\/div>\r\n\t\t\t\t<\/div>\r\n\r\n\t\t\t\t\t\t<div style=\"clear: both;\"><\/div><\/div>\r\n\t\t<\/div>\r\n\r\n\t\t<div class=\"slideshow_controlPanel slideshow_transparent\" style=\"display: none;\"><ul><li class=\"slideshow_togglePlay\" data-play-text=\"Play\" data-pause-text=\"Pause\"><\/li><\/ul><\/div>\r\n\r\n\t\t<div class=\"slideshow_button slideshow_previous slideshow_transparent\" role=\"button\" data-previous-text=\"Previous\" style=\"display: none;\"><\/div>\r\n\t\t<div class=\"slideshow_button slideshow_next slideshow_transparent\" role=\"button\" data-next-text=\"Next\" style=\"display: none;\"><\/div>\r\n\r\n\t\t<div class=\"slideshow_pagination\" style=\"display: none;\" data-go-to-text=\"Go to slide\"><div class=\"slideshow_pagination_center\"><\/div><\/div>\r\n\r\n\t\t<!-- WordPress Slideshow Version 2.3.1 -->\r\n\r\n\t\t\t<\/div>\r\n\r\n    <\/p>\n","protected":false},"excerpt":{"rendered":"<p>La Ciutat de Castell\u00f3 ha celebrat el cap de setmana del 6 al 8 de setembre el 768\u00e8 aniversari de la seua fundaci\u00f3, el dia en que es va signar l\u2019autoritzaci\u00f3 perqu\u00e8 els habitants de Castell\u00f3 pogueren traslladar-se a la Plana. Unes jornades per reivindicar l\u2019amor per la nostra terra i el nostre orgull de [&hellip;]<\/p>\n","protected":false},"author":4,"featured_media":89617,"comment_status":"open","ping_status":"open","sticky":false,"template":"","format":"standard","meta":{"footnotes":""},"categories":[153],"tags":[],"class_list":["post-89623","post","type-post","status-publish","format-standard","has-post-thumbnail","hentry","category-magdalena-2020-vl"],"_links":{"self":[{"href":"https:\/\/sequiol.es\/vl\/wp-json\/wp\/v2\/posts\/89623","targetHints":{"allow":["GET"]}}],"collection":[{"href":"https:\/\/sequiol.es\/vl\/wp-json\/wp\/v2\/posts"}],"about":[{"href":"https:\/\/sequiol.es\/vl\/wp-json\/wp\/v2\/types\/post"}],"author":[{"embeddable":true,"href":"https:\/\/sequiol.es\/vl\/wp-json\/wp\/v2\/users\/4"}],"replies":[{"embeddable":true,"href":"https:\/\/sequiol.es\/vl\/wp-json\/wp\/v2\/comments?post=89623"}],"version-history":[{"count":1,"href":"https:\/\/sequiol.es\/vl\/wp-json\/wp\/v2\/posts\/89623\/revisions"}],"predecessor-version":[{"id":89624,"href":"https:\/\/sequiol.es\/vl\/wp-json\/wp\/v2\/posts\/89623\/revisions\/89624"}],"wp:featuredmedia":[{"embeddable":true,"href":"https:\/\/sequiol.es\/vl\/wp-json\/wp\/v2\/media\/89617"}],"wp:attachment":[{"href":"https:\/\/sequiol.es\/vl\/wp-json\/wp\/v2\/media?parent=89623"}],"wp:term":[{"taxonomy":"category","embeddable":true,"href":"https:\/\/sequiol.es\/vl\/wp-json\/wp\/v2\/categories?post=89623"},{"taxonomy":"post_tag","embeddable":true,"href":"https:\/\/sequiol.es\/vl\/wp-json\/wp\/v2\/tags?post=89623"}],"curies":[{"name":"wp","href":"https:\/\/api.w.org\/{rel}","templated":true}]}}