{"id":67498,"date":"2018-07-28T10:58:05","date_gmt":"2018-07-28T08:58:05","guid":{"rendered":"https:\/\/sequiol.es\/?p=67498"},"modified":"2018-08-14T11:02:35","modified_gmt":"2018-08-14T09:02:35","slug":"recepcio-a-les-corts-2018-i-2019","status":"publish","type":"post","link":"https:\/\/sequiol.es\/vl\/recepcio-a-les-corts-2018-i-2019\/","title":{"rendered":"Recepci\u00f3 a les Corts 2018 i 2019"},"content":{"rendered":"<p>Una vegada realitzada l&#8217;elecci\u00f3 de Reines i Dames i escollida per l\u2019Assemblea la Presidenta de la Junta de Festes per a l\u2019exercici 2019,  el m\u00f3n de la Festa es reunia de nou al migdia seg\u00fcent, aquesta vegada en el Palau de la Festa, per tal de celebrar la recepci\u00f3 a les Reines i Dames dels anys 2018 i 2019. A les primeres per a posar el colof\u00f3 i el fermall d&#8217;or al seu any, on hem tingut el privilegi de comptar amb Beatriz Belenguer com a Dama de la Ciutat, i a les segones per a donar-los la benvinguda i on tindrem a Nagore, Madrina Infantil Sequiolera 2018, com a Dama de la Ciutat Infantil de la Reina Natalia.<br \/>\nL&#8217;acte va comptar amb els parlaments emotius i nost\u00e0lgics de comiat de Carla Bernat i Lucia Burguete, Reines 2018, i amb els parlaments emocionats de Natalia Collazos, Reina Infantil 2019, i de Natalia Palacio, Reina 2019, finalitzant amb les paraules de l&#8217;alcaldessa de la Ciutat, Amparo Marco.<br \/>\nCom a integrants que seran de la Cort de les Reines de les Festes, les nostres Madrines per al 2019, Andrea Mol\u00e9s i Natalia Queral, acudien al solemne acte acompanyades pel President Infantil Marc Osorio i la Presidenta Elisabeth Breva.<br \/>\nAmb els posats fotogr\u00e0fics en les escalinates de l&#8217;escenari del Palau, finalitzava un acte que marca l&#8217;inici d&#8217;un nou any il\u2022lusionant, replet de felicitat i de festa.<br \/>\nEnhorabona a tots i totes.<\/p>\n<div id=\"SEQUIOL\" class=\"galeria-diapositivas\">\r\n\t<div class=\"slideshow_container slideshow_container_style-light\" style=\"height: 400px; \" data-slideshow-id=\"67494\" data-style-name=\"style-light\" data-style-version=\"2.3.1\" >\r\n\r\n\t\t\t\t\t<div class=\"slideshow_loading_icon\"><\/div>\r\n\t\t\r\n\t\t<div class=\"slideshow_content\" style=\"display: none;\">\r\n\r\n\t\t\t<div class=\"slideshow_view\">\r\n\t\t\t\t<div class=\"slideshow_slide slideshow_slide_image\">\r\n\t\t\t\t\t\t\t\t\t\t\t<img src=\"https:\/\/sequiol.es\/wp-content\/uploads\/2018\/08\/ELECCION-DAMAS-CIUDAD-20191040670.jpg\" alt=\"ELECCION DAMAS CIUDAD 20191040670\" width=\"4000\" height=\"3000\" \/>\r\n\t\t\t\t\t\t\t\t\t\t<div class=\"slideshow_description_box slideshow_transparent\">\r\n\t\t\t\t\t\t<div class=\"slideshow_title\">ELECCION DAMAS CIUDAD 20191040670<\/div>\t\t\t\t\t\t\t\t\t\t\t<\/div>\r\n\t\t\t\t<\/div>\r\n\r\n\t\t\t\t\t\t<div style=\"clear: both;\"><\/div><\/div><div class=\"slideshow_view\">\r\n\t\t\t\t<div class=\"slideshow_slide slideshow_slide_image\">\r\n\t\t\t\t\t\t\t\t\t\t\t<img src=\"https:\/\/sequiol.es\/wp-content\/uploads\/2018\/08\/ELECCION-DAMAS-CIUDAD-20191040668.jpg\" alt=\"ELECCION DAMAS CIUDAD 20191040668\" width=\"4000\" height=\"3000\" \/>\r\n\t\t\t\t\t\t\t\t\t\t<div class=\"slideshow_description_box slideshow_transparent\">\r\n\t\t\t\t\t\t<div class=\"slideshow_title\">ELECCION DAMAS CIUDAD 20191040668<\/div>\t\t\t\t\t\t\t\t\t\t\t<\/div>\r\n\t\t\t\t<\/div>\r\n\r\n\t\t\t\t\t\t<div style=\"clear: both;\"><\/div><\/div><div class=\"slideshow_view\">\r\n\t\t\t\t<div class=\"slideshow_slide slideshow_slide_image\">\r\n\t\t\t\t\t\t\t\t\t\t\t<img src=\"https:\/\/sequiol.es\/wp-content\/uploads\/2018\/08\/ELECCION-DAMAS-CIUDAD-20191040643.jpg\" alt=\"ELECCION DAMAS CIUDAD 20191040643\" width=\"4000\" height=\"3000\" \/>\r\n\t\t\t\t\t\t\t\t\t\t<div class=\"slideshow_description_box slideshow_transparent\">\r\n\t\t\t\t\t\t<div class=\"slideshow_title\">ELECCION DAMAS CIUDAD 20191040643<\/div>\t\t\t\t\t\t\t\t\t\t\t<\/div>\r\n\t\t\t\t<\/div>\r\n\r\n\t\t\t\t\t\t<div style=\"clear: both;\"><\/div><\/div><div class=\"slideshow_view\">\r\n\t\t\t\t<div class=\"slideshow_slide slideshow_slide_image\">\r\n\t\t\t\t\t\t\t\t\t\t\t<img src=\"https:\/\/sequiol.es\/wp-content\/uploads\/2018\/08\/ELECCION-DAMAS-CIUDAD-20191040647.jpg\" alt=\"ELECCION DAMAS CIUDAD 20191040647\" width=\"4000\" height=\"3000\" \/>\r\n\t\t\t\t\t\t\t\t\t\t<div class=\"slideshow_description_box slideshow_transparent\">\r\n\t\t\t\t\t\t<div class=\"slideshow_title\">ELECCION DAMAS CIUDAD 20191040647<\/div>\t\t\t\t\t\t\t\t\t\t\t<\/div>\r\n\t\t\t\t<\/div>\r\n\r\n\t\t\t\t\t\t<div style=\"clear: both;\"><\/div><\/div><div class=\"slideshow_view\">\r\n\t\t\t\t<div class=\"slideshow_slide slideshow_slide_image\">\r\n\t\t\t\t\t\t\t\t\t\t\t<img src=\"https:\/\/sequiol.es\/wp-content\/uploads\/2018\/08\/ELECCION-DAMAS-CIUDAD-20191040646.jpg\" alt=\"ELECCION DAMAS CIUDAD 20191040646\" width=\"4000\" height=\"3000\" \/>\r\n\t\t\t\t\t\t\t\t\t\t<div class=\"slideshow_description_box slideshow_transparent\">\r\n\t\t\t\t\t\t<div class=\"slideshow_title\">ELECCION DAMAS CIUDAD 20191040646<\/div>\t\t\t\t\t\t\t\t\t\t\t<\/div>\r\n\t\t\t\t<\/div>\r\n\r\n\t\t\t\t\t\t<div style=\"clear: both;\"><\/div><\/div><div class=\"slideshow_view\">\r\n\t\t\t\t<div class=\"slideshow_slide slideshow_slide_image\">\r\n\t\t\t\t\t\t\t\t\t\t\t<img src=\"https:\/\/sequiol.es\/wp-content\/uploads\/2018\/08\/ELECCION-DAMAS-CIUDAD-20191040653.jpg\" alt=\"ELECCION DAMAS CIUDAD 20191040653\" width=\"4000\" height=\"3000\" \/>\r\n\t\t\t\t\t\t\t\t\t\t<div class=\"slideshow_description_box slideshow_transparent\">\r\n\t\t\t\t\t\t<div class=\"slideshow_title\">ELECCION DAMAS CIUDAD 20191040653<\/div>\t\t\t\t\t\t\t\t\t\t\t<\/div>\r\n\t\t\t\t<\/div>\r\n\r\n\t\t\t\t\t\t<div style=\"clear: both;\"><\/div><\/div><div class=\"slideshow_view\">\r\n\t\t\t\t<div class=\"slideshow_slide slideshow_slide_image\">\r\n\t\t\t\t\t\t\t\t\t\t\t<img src=\"https:\/\/sequiol.es\/wp-content\/uploads\/2018\/08\/ELECCION-DAMAS-CIUDAD-20191040654.jpg\" alt=\"ELECCION DAMAS CIUDAD 20191040654\" width=\"4000\" height=\"3000\" \/>\r\n\t\t\t\t\t\t\t\t\t\t<div class=\"slideshow_description_box slideshow_transparent\">\r\n\t\t\t\t\t\t<div class=\"slideshow_title\">ELECCION DAMAS CIUDAD 20191040654<\/div>\t\t\t\t\t\t\t\t\t\t\t<\/div>\r\n\t\t\t\t<\/div>\r\n\r\n\t\t\t\t\t\t<div style=\"clear: both;\"><\/div><\/div><div class=\"slideshow_view\">\r\n\t\t\t\t<div class=\"slideshow_slide slideshow_slide_image\">\r\n\t\t\t\t\t\t\t\t\t\t\t<img src=\"https:\/\/sequiol.es\/wp-content\/uploads\/2018\/08\/ELECCION-DAMAS-CIUDAD-20191040655.jpg\" alt=\"ELECCION DAMAS CIUDAD 20191040655\" width=\"4000\" height=\"3000\" \/>\r\n\t\t\t\t\t\t\t\t\t\t<div class=\"slideshow_description_box slideshow_transparent\">\r\n\t\t\t\t\t\t<div class=\"slideshow_title\">ELECCION DAMAS CIUDAD 20191040655<\/div>\t\t\t\t\t\t\t\t\t\t\t<\/div>\r\n\t\t\t\t<\/div>\r\n\r\n\t\t\t\t\t\t<div style=\"clear: both;\"><\/div><\/div><div class=\"slideshow_view\">\r\n\t\t\t\t<div class=\"slideshow_slide slideshow_slide_image\">\r\n\t\t\t\t\t\t\t\t\t\t\t<img src=\"https:\/\/sequiol.es\/wp-content\/uploads\/2018\/08\/ELECCION-DAMAS-CIUDAD-20191040665.jpg\" alt=\"ELECCION DAMAS CIUDAD 20191040665\" width=\"4000\" height=\"3000\" \/>\r\n\t\t\t\t\t\t\t\t\t\t<div class=\"slideshow_description_box slideshow_transparent\">\r\n\t\t\t\t\t\t<div class=\"slideshow_title\">ELECCION DAMAS CIUDAD 20191040665<\/div>\t\t\t\t\t\t\t\t\t\t\t<\/div>\r\n\t\t\t\t<\/div>\r\n\r\n\t\t\t\t\t\t<div style=\"clear: both;\"><\/div><\/div><div class=\"slideshow_view\">\r\n\t\t\t\t<div class=\"slideshow_slide slideshow_slide_image\">\r\n\t\t\t\t\t\t\t\t\t\t\t<img src=\"https:\/\/sequiol.es\/wp-content\/uploads\/2018\/08\/ELECCION-DAMAS-CIUDAD-20191040667.jpg\" alt=\"ELECCION DAMAS CIUDAD 20191040667\" width=\"4000\" height=\"3000\" \/>\r\n\t\t\t\t\t\t\t\t\t\t<div class=\"slideshow_description_box slideshow_transparent\">\r\n\t\t\t\t\t\t<div class=\"slideshow_title\">ELECCION DAMAS CIUDAD 20191040667<\/div>\t\t\t\t\t\t\t\t\t\t\t<\/div>\r\n\t\t\t\t<\/div>\r\n\r\n\t\t\t\t\t\t<div style=\"clear: both;\"><\/div><\/div><div class=\"slideshow_view\">\r\n\t\t\t\t<div class=\"slideshow_slide slideshow_slide_image\">\r\n\t\t\t\t\t\t\t\t\t\t\t<img src=\"https:\/\/sequiol.es\/wp-content\/uploads\/2018\/08\/ELECCION-DAMAS-CIUDAD-2019_2478.jpg\" alt=\"ELECCION DAMAS CIUDAD 2019_2478\" width=\"4032\" height=\"3024\" \/>\r\n\t\t\t\t\t\t\t\t\t\t<div class=\"slideshow_description_box slideshow_transparent\">\r\n\t\t\t\t\t\t<div class=\"slideshow_title\">ELECCION DAMAS CIUDAD 2019_2478<\/div>\t\t\t\t\t\t\t\t\t\t\t<\/div>\r\n\t\t\t\t<\/div>\r\n\r\n\t\t\t\t\t\t<div style=\"clear: both;\"><\/div><\/div><div class=\"slideshow_view\">\r\n\t\t\t\t<div class=\"slideshow_slide slideshow_slide_image\">\r\n\t\t\t\t\t\t\t\t\t\t\t<img src=\"https:\/\/sequiol.es\/wp-content\/uploads\/2018\/08\/ELECCION-DAMAS-CIUDAD-2019_2481-e1534235965124.jpg\" alt=\"ELECCION DAMAS CIUDAD 2019_2481\" width=\"3024\" height=\"4032\" \/>\r\n\t\t\t\t\t\t\t\t\t\t<div class=\"slideshow_description_box slideshow_transparent\">\r\n\t\t\t\t\t\t<div class=\"slideshow_title\">ELECCION DAMAS CIUDAD 2019_2481<\/div>\t\t\t\t\t\t\t\t\t\t\t<\/div>\r\n\t\t\t\t<\/div>\r\n\r\n\t\t\t\t\t\t<div style=\"clear: both;\"><\/div><\/div><div class=\"slideshow_view\">\r\n\t\t\t\t<div class=\"slideshow_slide slideshow_slide_image\">\r\n\t\t\t\t\t\t\t\t\t\t\t<img src=\"https:\/\/sequiol.es\/wp-content\/uploads\/2018\/08\/ELECCION-DAMAS-CIUDAD-2019_2480-e1534236004645.jpg\" alt=\"ELECCION DAMAS CIUDAD 2019_2480\" width=\"3088\" height=\"2320\" \/>\r\n\t\t\t\t\t\t\t\t\t\t<div class=\"slideshow_description_box slideshow_transparent\">\r\n\t\t\t\t\t\t<div class=\"slideshow_title\">ELECCION DAMAS CIUDAD 2019_2480<\/div>\t\t\t\t\t\t\t\t\t\t\t<\/div>\r\n\t\t\t\t<\/div>\r\n\r\n\t\t\t\t\t\t<div style=\"clear: both;\"><\/div><\/div>\r\n\t\t<\/div>\r\n\r\n\t\t<div class=\"slideshow_controlPanel slideshow_transparent\" style=\"display: none;\"><ul><li class=\"slideshow_togglePlay\" data-play-text=\"Play\" data-pause-text=\"Pause\"><\/li><\/ul><\/div>\r\n\r\n\t\t<div class=\"slideshow_button slideshow_previous slideshow_transparent\" role=\"button\" data-previous-text=\"Previous\" style=\"display: none;\"><\/div>\r\n\t\t<div class=\"slideshow_button slideshow_next slideshow_transparent\" role=\"button\" data-next-text=\"Next\" style=\"display: none;\"><\/div>\r\n\r\n\t\t<div class=\"slideshow_pagination\" style=\"display: none;\" data-go-to-text=\"Go to slide\"><div class=\"slideshow_pagination_center\"><\/div><\/div>\r\n\r\n\t\t<!-- WordPress Slideshow Version 2.3.1 -->\r\n\r\n\t\t\t<\/div>\r\n\r\n<\/div>\n<p style=\"text-align: center;\"><small>Fotos cortes\u00eda de Sequiol <\/small><\/p>\n","protected":false},"excerpt":{"rendered":"<p>Una vegada realitzada l&#8217;elecci\u00f3 de Reines i Dames i escollida per l\u2019Assemblea la Presidenta de la Junta de Festes per a l\u2019exercici 2019, el m\u00f3n de la Festa es reunia de nou al migdia seg\u00fcent, aquesta vegada en el Palau de la Festa, per tal de celebrar la recepci\u00f3 a les Reines i Dames dels [&hellip;]<\/p>\n","protected":false},"author":4,"featured_media":67474,"comment_status":"open","ping_status":"open","sticky":false,"template":"","format":"standard","meta":{"footnotes":""},"categories":[150],"tags":[],"class_list":["post-67498","post","type-post","status-publish","format-standard","has-post-thumbnail","hentry","category-magdalena-2019-vl"],"_links":{"self":[{"href":"https:\/\/sequiol.es\/vl\/wp-json\/wp\/v2\/posts\/67498","targetHints":{"allow":["GET"]}}],"collection":[{"href":"https:\/\/sequiol.es\/vl\/wp-json\/wp\/v2\/posts"}],"about":[{"href":"https:\/\/sequiol.es\/vl\/wp-json\/wp\/v2\/types\/post"}],"author":[{"embeddable":true,"href":"https:\/\/sequiol.es\/vl\/wp-json\/wp\/v2\/users\/4"}],"replies":[{"embeddable":true,"href":"https:\/\/sequiol.es\/vl\/wp-json\/wp\/v2\/comments?post=67498"}],"version-history":[{"count":2,"href":"https:\/\/sequiol.es\/vl\/wp-json\/wp\/v2\/posts\/67498\/revisions"}],"predecessor-version":[{"id":67500,"href":"https:\/\/sequiol.es\/vl\/wp-json\/wp\/v2\/posts\/67498\/revisions\/67500"}],"wp:featuredmedia":[{"embeddable":true,"href":"https:\/\/sequiol.es\/vl\/wp-json\/wp\/v2\/media\/67474"}],"wp:attachment":[{"href":"https:\/\/sequiol.es\/vl\/wp-json\/wp\/v2\/media?parent=67498"}],"wp:term":[{"taxonomy":"category","embeddable":true,"href":"https:\/\/sequiol.es\/vl\/wp-json\/wp\/v2\/categories?post=67498"},{"taxonomy":"post_tag","embeddable":true,"href":"https:\/\/sequiol.es\/vl\/wp-json\/wp\/v2\/tags?post=67498"}],"curies":[{"name":"wp","href":"https:\/\/api.w.org\/{rel}","templated":true}]}}