{"id":53336,"date":"2018-02-17T11:09:35","date_gmt":"2018-02-17T10:09:35","guid":{"rendered":"https:\/\/sequiol.es\/?p=53336"},"modified":"2018-03-01T11:22:35","modified_gmt":"2018-03-01T10:22:35","slug":"exaltacio-falleres-majors-la-que-faltava-2","status":"publish","type":"post","link":"https:\/\/sequiol.es\/vl\/exaltacio-falleres-majors-la-que-faltava-2\/","title":{"rendered":"Exaltaci\u00f3 Falleres Majors \u201cLa que Faltava\u201d"},"content":{"rendered":"<p>Al Teatre Municipal \u201cCarmen Tur\u201d de la ve\u00efna localitat de La Vall d\u2019Uix\u00f3 es va celebrar l\u2019acte d\u2019Exaltaci\u00f3 de les Falleres Majors 2018 i les seues Corts d\u2019Honor, de la nostra falla germana \u201cLa que Faltava\u201d.<br \/>\nNo podia faltar la pres\u00e8ncia Sequiolera a un acte tan entranyable, i per aix\u00f2, all\u00ed van estar els nostres c\u00e0rrecs infantils Nagore Garcia i Iker Miralles, aix\u00ed com la nostra Madrina \u00c0gueda Ibars, acompanyada pel vicepresident Vicente Javier Queral.<br \/>\nD\u2019aquesta manera, la gaiata 15 Sequiol rendia galania a la Fallera Major Infantil 2018, xiqueta Silvia Oliver Ordu\u00f1a, i a la Fallera Major 2018, senyoreta Isabel Soriano Cubells, aix\u00ed com a les seues comissions de l\u2019associaci\u00f3 fallera que presideix Rub\u00e9n G\u00f3mez-Chamorro Garc\u00eda.<br \/>\nUn acte que confirma l\u2019amistat entre ambdues associacions, en una llarga hist\u00f2ria de germanor de fallers i gaiaters, a La Vall i a Castell\u00f3. A punt de comen\u00e7ar les Festes Josefines, desitgem als nostres ve\u00efns que tinguen unes meravelloses Falles 2018.<\/p>\n<div id=\"SEQUIOL\" class=\"galeria-diapositivas\">\r\n\t<div class=\"slideshow_container slideshow_container_style-light\" style=\"height: 400px; \" data-slideshow-id=\"51893\" data-style-name=\"style-light\" data-style-version=\"2.3.1\" >\r\n\r\n\t\t\t\t\t<div class=\"slideshow_loading_icon\"><\/div>\r\n\t\t\r\n\t\t<div class=\"slideshow_content\" style=\"display: none;\">\r\n\r\n\t\t\t<div class=\"slideshow_view\">\r\n\t\t\t\t<div class=\"slideshow_slide slideshow_slide_image\">\r\n\t\t\t\t\t\t\t\t\t\t\t<img src=\"https:\/\/sequiol.es\/wp-content\/uploads\/2018\/02\/FALLA-VALL-DE-UXO_1464.jpg\" alt=\"FALLA VALL DE UXO_1464\" width=\"1335\" height=\"890\" \/>\r\n\t\t\t\t\t\t\t\t\t\t<div class=\"slideshow_description_box slideshow_transparent\">\r\n\t\t\t\t\t\t<div class=\"slideshow_title\">FALLA VALL DE UXO_1464<\/div>\t\t\t\t\t\t\t\t\t\t\t<\/div>\r\n\t\t\t\t<\/div>\r\n\r\n\t\t\t\t\t\t<div style=\"clear: both;\"><\/div><\/div><div class=\"slideshow_view\">\r\n\t\t\t\t<div class=\"slideshow_slide slideshow_slide_image\">\r\n\t\t\t\t\t\t\t\t\t\t\t<img src=\"https:\/\/sequiol.es\/wp-content\/uploads\/2018\/02\/FALLA-VALL-DE-UXO_1463.jpg\" alt=\"FALLA VALL DE UXO_1463\" width=\"1335\" height=\"890\" \/>\r\n\t\t\t\t\t\t\t\t\t\t<div class=\"slideshow_description_box slideshow_transparent\">\r\n\t\t\t\t\t\t<div class=\"slideshow_title\">FALLA VALL DE UXO_1463<\/div>\t\t\t\t\t\t\t\t\t\t\t<\/div>\r\n\t\t\t\t<\/div>\r\n\r\n\t\t\t\t\t\t<div style=\"clear: both;\"><\/div><\/div><div class=\"slideshow_view\">\r\n\t\t\t\t<div class=\"slideshow_slide slideshow_slide_image\">\r\n\t\t\t\t\t\t\t\t\t\t\t<img src=\"https:\/\/sequiol.es\/wp-content\/uploads\/2018\/02\/FALLA-VALL-DE-UXO_1462.jpg\" alt=\"FALLA VALL DE UXO_1462\" width=\"1335\" height=\"890\" \/>\r\n\t\t\t\t\t\t\t\t\t\t<div class=\"slideshow_description_box slideshow_transparent\">\r\n\t\t\t\t\t\t<div class=\"slideshow_title\">FALLA VALL DE UXO_1462<\/div>\t\t\t\t\t\t\t\t\t\t\t<\/div>\r\n\t\t\t\t<\/div>\r\n\r\n\t\t\t\t\t\t<div style=\"clear: both;\"><\/div><\/div><div class=\"slideshow_view\">\r\n\t\t\t\t<div class=\"slideshow_slide slideshow_slide_image\">\r\n\t\t\t\t\t\t\t\t\t\t\t<img src=\"https:\/\/sequiol.es\/wp-content\/uploads\/2018\/02\/FALLA-VALL-DE-UXO_1461.jpg\" alt=\"FALLA VALL DE UXO_1461\" width=\"1335\" height=\"890\" \/>\r\n\t\t\t\t\t\t\t\t\t\t<div class=\"slideshow_description_box slideshow_transparent\">\r\n\t\t\t\t\t\t<div class=\"slideshow_title\">FALLA VALL DE UXO_1461<\/div>\t\t\t\t\t\t\t\t\t\t\t<\/div>\r\n\t\t\t\t<\/div>\r\n\r\n\t\t\t\t\t\t<div style=\"clear: both;\"><\/div><\/div><div class=\"slideshow_view\">\r\n\t\t\t\t<div class=\"slideshow_slide slideshow_slide_image\">\r\n\t\t\t\t\t\t\t\t\t\t\t<img src=\"https:\/\/sequiol.es\/wp-content\/uploads\/2018\/02\/FALLA-VALL-DE-UXO_1502.jpg\" alt=\"FALLA VALL DE UXO_1502\" width=\"1335\" height=\"890\" \/>\r\n\t\t\t\t\t\t\t\t\t\t<div class=\"slideshow_description_box slideshow_transparent\">\r\n\t\t\t\t\t\t<div class=\"slideshow_title\">FALLA VALL DE UXO_1502<\/div>\t\t\t\t\t\t\t\t\t\t\t<\/div>\r\n\t\t\t\t<\/div>\r\n\r\n\t\t\t\t\t\t<div style=\"clear: both;\"><\/div><\/div><div class=\"slideshow_view\">\r\n\t\t\t\t<div class=\"slideshow_slide slideshow_slide_image\">\r\n\t\t\t\t\t\t\t\t\t\t\t<img src=\"https:\/\/sequiol.es\/wp-content\/uploads\/2018\/02\/FALLA-VALL-DE-UXO_1500.jpg\" alt=\"FALLA VALL DE UXO_1500\" width=\"1335\" height=\"890\" \/>\r\n\t\t\t\t\t\t\t\t\t\t<div class=\"slideshow_description_box slideshow_transparent\">\r\n\t\t\t\t\t\t<div class=\"slideshow_title\">FALLA VALL DE UXO_1500<\/div>\t\t\t\t\t\t\t\t\t\t\t<\/div>\r\n\t\t\t\t<\/div>\r\n\r\n\t\t\t\t\t\t<div style=\"clear: both;\"><\/div><\/div><div class=\"slideshow_view\">\r\n\t\t\t\t<div class=\"slideshow_slide slideshow_slide_image\">\r\n\t\t\t\t\t\t\t\t\t\t\t<img src=\"https:\/\/sequiol.es\/wp-content\/uploads\/2018\/02\/FALLA-VALL-DE-UXO_1497.jpg\" alt=\"FALLA VALL DE UXO_1497\" width=\"1335\" height=\"890\" \/>\r\n\t\t\t\t\t\t\t\t\t\t<div class=\"slideshow_description_box slideshow_transparent\">\r\n\t\t\t\t\t\t<div class=\"slideshow_title\">FALLA VALL DE UXO_1497<\/div>\t\t\t\t\t\t\t\t\t\t\t<\/div>\r\n\t\t\t\t<\/div>\r\n\r\n\t\t\t\t\t\t<div style=\"clear: both;\"><\/div><\/div><div class=\"slideshow_view\">\r\n\t\t\t\t<div class=\"slideshow_slide slideshow_slide_image\">\r\n\t\t\t\t\t\t\t\t\t\t\t<img src=\"https:\/\/sequiol.es\/wp-content\/uploads\/2018\/02\/FALLA-VALL-DE-UXO_1496.jpg\" alt=\"FALLA VALL DE UXO_1496\" width=\"1335\" height=\"890\" \/>\r\n\t\t\t\t\t\t\t\t\t\t<div class=\"slideshow_description_box slideshow_transparent\">\r\n\t\t\t\t\t\t<div class=\"slideshow_title\">FALLA VALL DE UXO_1496<\/div>\t\t\t\t\t\t\t\t\t\t\t<\/div>\r\n\t\t\t\t<\/div>\r\n\r\n\t\t\t\t\t\t<div style=\"clear: both;\"><\/div><\/div><div class=\"slideshow_view\">\r\n\t\t\t\t<div class=\"slideshow_slide slideshow_slide_image\">\r\n\t\t\t\t\t\t\t\t\t\t\t<img src=\"https:\/\/sequiol.es\/wp-content\/uploads\/2018\/02\/FALLA-VALL-DE-UXO_1495.jpg\" alt=\"FALLA VALL DE UXO_1495\" width=\"1335\" height=\"890\" \/>\r\n\t\t\t\t\t\t\t\t\t\t<div class=\"slideshow_description_box slideshow_transparent\">\r\n\t\t\t\t\t\t<div class=\"slideshow_title\">FALLA VALL DE UXO_1495<\/div>\t\t\t\t\t\t\t\t\t\t\t<\/div>\r\n\t\t\t\t<\/div>\r\n\r\n\t\t\t\t\t\t<div style=\"clear: both;\"><\/div><\/div><div class=\"slideshow_view\">\r\n\t\t\t\t<div class=\"slideshow_slide slideshow_slide_image\">\r\n\t\t\t\t\t\t\t\t\t\t\t<img src=\"https:\/\/sequiol.es\/wp-content\/uploads\/2018\/02\/FALLA-VALL-DE-UXO_1494.jpg\" alt=\"FALLA VALL DE UXO_1494\" width=\"1335\" height=\"890\" \/>\r\n\t\t\t\t\t\t\t\t\t\t<div class=\"slideshow_description_box slideshow_transparent\">\r\n\t\t\t\t\t\t<div class=\"slideshow_title\">FALLA VALL DE UXO_1494<\/div>\t\t\t\t\t\t\t\t\t\t\t<\/div>\r\n\t\t\t\t<\/div>\r\n\r\n\t\t\t\t\t\t<div style=\"clear: both;\"><\/div><\/div><div class=\"slideshow_view\">\r\n\t\t\t\t<div class=\"slideshow_slide slideshow_slide_image\">\r\n\t\t\t\t\t\t\t\t\t\t\t<img src=\"https:\/\/sequiol.es\/wp-content\/uploads\/2018\/02\/FALLA-VALL-DE-UXO_1493.jpg\" alt=\"FALLA VALL DE UXO_1493\" width=\"1335\" height=\"890\" \/>\r\n\t\t\t\t\t\t\t\t\t\t<div class=\"slideshow_description_box slideshow_transparent\">\r\n\t\t\t\t\t\t<div class=\"slideshow_title\">FALLA VALL DE UXO_1493<\/div>\t\t\t\t\t\t\t\t\t\t\t<\/div>\r\n\t\t\t\t<\/div>\r\n\r\n\t\t\t\t\t\t<div style=\"clear: both;\"><\/div><\/div><div class=\"slideshow_view\">\r\n\t\t\t\t<div class=\"slideshow_slide slideshow_slide_image\">\r\n\t\t\t\t\t\t\t\t\t\t\t<img src=\"https:\/\/sequiol.es\/wp-content\/uploads\/2018\/02\/FALLA-VALL-DE-UXO_1491.jpg\" alt=\"FALLA VALL DE UXO_1491\" width=\"1335\" height=\"890\" \/>\r\n\t\t\t\t\t\t\t\t\t\t<div class=\"slideshow_description_box slideshow_transparent\">\r\n\t\t\t\t\t\t<div class=\"slideshow_title\">FALLA VALL DE UXO_1491<\/div>\t\t\t\t\t\t\t\t\t\t\t<\/div>\r\n\t\t\t\t<\/div>\r\n\r\n\t\t\t\t\t\t<div style=\"clear: both;\"><\/div><\/div><div class=\"slideshow_view\">\r\n\t\t\t\t<div class=\"slideshow_slide slideshow_slide_image\">\r\n\t\t\t\t\t\t\t\t\t\t\t<img src=\"https:\/\/sequiol.es\/wp-content\/uploads\/2018\/02\/FALLA-VALL-DE-UXO_1490.jpg\" alt=\"FALLA VALL DE UXO_1490\" width=\"1335\" height=\"890\" \/>\r\n\t\t\t\t\t\t\t\t\t\t<div class=\"slideshow_description_box slideshow_transparent\">\r\n\t\t\t\t\t\t<div class=\"slideshow_title\">FALLA VALL DE UXO_1490<\/div>\t\t\t\t\t\t\t\t\t\t\t<\/div>\r\n\t\t\t\t<\/div>\r\n\r\n\t\t\t\t\t\t<div style=\"clear: both;\"><\/div><\/div><div class=\"slideshow_view\">\r\n\t\t\t\t<div class=\"slideshow_slide slideshow_slide_image\">\r\n\t\t\t\t\t\t\t\t\t\t\t<img src=\"https:\/\/sequiol.es\/wp-content\/uploads\/2018\/02\/FALLA-VALL-DE-UXO_1488.jpg\" alt=\"FALLA VALL DE UXO_1488\" width=\"1335\" height=\"890\" \/>\r\n\t\t\t\t\t\t\t\t\t\t<div class=\"slideshow_description_box slideshow_transparent\">\r\n\t\t\t\t\t\t<div class=\"slideshow_title\">FALLA VALL DE UXO_1488<\/div>\t\t\t\t\t\t\t\t\t\t\t<\/div>\r\n\t\t\t\t<\/div>\r\n\r\n\t\t\t\t\t\t<div style=\"clear: both;\"><\/div><\/div><div class=\"slideshow_view\">\r\n\t\t\t\t<div class=\"slideshow_slide slideshow_slide_image\">\r\n\t\t\t\t\t\t\t\t\t\t\t<img src=\"https:\/\/sequiol.es\/wp-content\/uploads\/2018\/02\/FALLA-VALL-DE-UXO_1487.jpg\" alt=\"FALLA VALL DE UXO_1487\" width=\"1335\" height=\"890\" \/>\r\n\t\t\t\t\t\t\t\t\t\t<div class=\"slideshow_description_box slideshow_transparent\">\r\n\t\t\t\t\t\t<div class=\"slideshow_title\">FALLA VALL DE UXO_1487<\/div>\t\t\t\t\t\t\t\t\t\t\t<\/div>\r\n\t\t\t\t<\/div>\r\n\r\n\t\t\t\t\t\t<div style=\"clear: both;\"><\/div><\/div><div class=\"slideshow_view\">\r\n\t\t\t\t<div class=\"slideshow_slide slideshow_slide_image\">\r\n\t\t\t\t\t\t\t\t\t\t\t<img src=\"https:\/\/sequiol.es\/wp-content\/uploads\/2018\/02\/FALLA-VALL-DE-UXO_1486.jpg\" alt=\"FALLA VALL DE UXO_1486\" width=\"1335\" height=\"890\" \/>\r\n\t\t\t\t\t\t\t\t\t\t<div class=\"slideshow_description_box slideshow_transparent\">\r\n\t\t\t\t\t\t<div class=\"slideshow_title\">FALLA VALL DE UXO_1486<\/div>\t\t\t\t\t\t\t\t\t\t\t<\/div>\r\n\t\t\t\t<\/div>\r\n\r\n\t\t\t\t\t\t<div style=\"clear: both;\"><\/div><\/div><div class=\"slideshow_view\">\r\n\t\t\t\t<div class=\"slideshow_slide slideshow_slide_image\">\r\n\t\t\t\t\t\t\t\t\t\t\t<img src=\"https:\/\/sequiol.es\/wp-content\/uploads\/2018\/02\/FALLA-VALL-DE-UXO_1485.jpg\" alt=\"FALLA VALL DE UXO_1485\" width=\"1335\" height=\"890\" \/>\r\n\t\t\t\t\t\t\t\t\t\t<div class=\"slideshow_description_box slideshow_transparent\">\r\n\t\t\t\t\t\t<div class=\"slideshow_title\">FALLA VALL DE UXO_1485<\/div>\t\t\t\t\t\t\t\t\t\t\t<\/div>\r\n\t\t\t\t<\/div>\r\n\r\n\t\t\t\t\t\t<div style=\"clear: both;\"><\/div><\/div><div class=\"slideshow_view\">\r\n\t\t\t\t<div class=\"slideshow_slide slideshow_slide_image\">\r\n\t\t\t\t\t\t\t\t\t\t\t<img src=\"https:\/\/sequiol.es\/wp-content\/uploads\/2018\/02\/FALLA-VALL-DE-UXO_1484.jpg\" alt=\"FALLA VALL DE UXO_1484\" width=\"1335\" height=\"890\" \/>\r\n\t\t\t\t\t\t\t\t\t\t<div class=\"slideshow_description_box slideshow_transparent\">\r\n\t\t\t\t\t\t<div class=\"slideshow_title\">FALLA VALL DE UXO_1484<\/div>\t\t\t\t\t\t\t\t\t\t\t<\/div>\r\n\t\t\t\t<\/div>\r\n\r\n\t\t\t\t\t\t<div style=\"clear: both;\"><\/div><\/div><div class=\"slideshow_view\">\r\n\t\t\t\t<div class=\"slideshow_slide slideshow_slide_image\">\r\n\t\t\t\t\t\t\t\t\t\t\t<img src=\"https:\/\/sequiol.es\/wp-content\/uploads\/2018\/02\/FALLA-VALL-DE-UXO_1483.jpg\" alt=\"FALLA VALL DE UXO_1483\" width=\"1335\" height=\"890\" \/>\r\n\t\t\t\t\t\t\t\t\t\t<div class=\"slideshow_description_box slideshow_transparent\">\r\n\t\t\t\t\t\t<div class=\"slideshow_title\">FALLA VALL DE UXO_1483<\/div>\t\t\t\t\t\t\t\t\t\t\t<\/div>\r\n\t\t\t\t<\/div>\r\n\r\n\t\t\t\t\t\t<div style=\"clear: both;\"><\/div><\/div><div class=\"slideshow_view\">\r\n\t\t\t\t<div class=\"slideshow_slide slideshow_slide_image\">\r\n\t\t\t\t\t\t\t\t\t\t\t<img src=\"https:\/\/sequiol.es\/wp-content\/uploads\/2018\/02\/FALLA-VALL-DE-UXO_1482.jpg\" alt=\"FALLA VALL DE UXO_1482\" width=\"1335\" height=\"890\" \/>\r\n\t\t\t\t\t\t\t\t\t\t<div class=\"slideshow_description_box slideshow_transparent\">\r\n\t\t\t\t\t\t<div class=\"slideshow_title\">FALLA VALL DE UXO_1482<\/div>\t\t\t\t\t\t\t\t\t\t\t<\/div>\r\n\t\t\t\t<\/div>\r\n\r\n\t\t\t\t\t\t<div style=\"clear: both;\"><\/div><\/div><div class=\"slideshow_view\">\r\n\t\t\t\t<div class=\"slideshow_slide slideshow_slide_image\">\r\n\t\t\t\t\t\t\t\t\t\t\t<img src=\"https:\/\/sequiol.es\/wp-content\/uploads\/2018\/02\/FALLA-VALL-DE-UXO_1481.jpg\" alt=\"FALLA VALL DE UXO_1481\" width=\"1335\" height=\"890\" \/>\r\n\t\t\t\t\t\t\t\t\t\t<div class=\"slideshow_description_box slideshow_transparent\">\r\n\t\t\t\t\t\t<div class=\"slideshow_title\">FALLA VALL DE UXO_1481<\/div>\t\t\t\t\t\t\t\t\t\t\t<\/div>\r\n\t\t\t\t<\/div>\r\n\r\n\t\t\t\t\t\t<div style=\"clear: both;\"><\/div><\/div><div class=\"slideshow_view\">\r\n\t\t\t\t<div class=\"slideshow_slide slideshow_slide_image\">\r\n\t\t\t\t\t\t\t\t\t\t\t<img src=\"https:\/\/sequiol.es\/wp-content\/uploads\/2018\/02\/FALLA-VALL-DE-UXO_1480.jpg\" alt=\"FALLA VALL DE UXO_1480\" width=\"1335\" height=\"890\" \/>\r\n\t\t\t\t\t\t\t\t\t\t<div class=\"slideshow_description_box slideshow_transparent\">\r\n\t\t\t\t\t\t<div class=\"slideshow_title\">FALLA VALL DE UXO_1480<\/div>\t\t\t\t\t\t\t\t\t\t\t<\/div>\r\n\t\t\t\t<\/div>\r\n\r\n\t\t\t\t\t\t<div style=\"clear: both;\"><\/div><\/div><div class=\"slideshow_view\">\r\n\t\t\t\t<div class=\"slideshow_slide slideshow_slide_image\">\r\n\t\t\t\t\t\t\t\t\t\t\t<img src=\"https:\/\/sequiol.es\/wp-content\/uploads\/2018\/02\/FALLA-VALL-DE-UXO_1478.jpg\" alt=\"FALLA VALL DE UXO_1478\" width=\"1335\" height=\"890\" \/>\r\n\t\t\t\t\t\t\t\t\t\t<div class=\"slideshow_description_box slideshow_transparent\">\r\n\t\t\t\t\t\t<div class=\"slideshow_title\">FALLA VALL DE UXO_1478<\/div>\t\t\t\t\t\t\t\t\t\t\t<\/div>\r\n\t\t\t\t<\/div>\r\n\r\n\t\t\t\t\t\t<div style=\"clear: both;\"><\/div><\/div><div class=\"slideshow_view\">\r\n\t\t\t\t<div class=\"slideshow_slide slideshow_slide_image\">\r\n\t\t\t\t\t\t\t\t\t\t\t<img src=\"https:\/\/sequiol.es\/wp-content\/uploads\/2018\/02\/FALLA-VALL-DE-UXO_1477.jpg\" alt=\"FALLA VALL DE UXO_1477\" width=\"1335\" height=\"890\" \/>\r\n\t\t\t\t\t\t\t\t\t\t<div class=\"slideshow_description_box slideshow_transparent\">\r\n\t\t\t\t\t\t<div class=\"slideshow_title\">FALLA VALL DE UXO_1477<\/div>\t\t\t\t\t\t\t\t\t\t\t<\/div>\r\n\t\t\t\t<\/div>\r\n\r\n\t\t\t\t\t\t<div style=\"clear: both;\"><\/div><\/div><div class=\"slideshow_view\">\r\n\t\t\t\t<div class=\"slideshow_slide slideshow_slide_image\">\r\n\t\t\t\t\t\t\t\t\t\t\t<img src=\"https:\/\/sequiol.es\/wp-content\/uploads\/2018\/02\/FALLA-VALL-DE-UXO_1476.jpg\" alt=\"FALLA VALL DE UXO_1476\" width=\"1335\" height=\"890\" \/>\r\n\t\t\t\t\t\t\t\t\t\t<div class=\"slideshow_description_box slideshow_transparent\">\r\n\t\t\t\t\t\t<div class=\"slideshow_title\">FALLA VALL DE UXO_1476<\/div>\t\t\t\t\t\t\t\t\t\t\t<\/div>\r\n\t\t\t\t<\/div>\r\n\r\n\t\t\t\t\t\t<div style=\"clear: both;\"><\/div><\/div><div class=\"slideshow_view\">\r\n\t\t\t\t<div class=\"slideshow_slide slideshow_slide_image\">\r\n\t\t\t\t\t\t\t\t\t\t\t<img src=\"https:\/\/sequiol.es\/wp-content\/uploads\/2018\/02\/FALLA-VALL-DE-UXO_1474.jpg\" alt=\"FALLA VALL DE UXO_1474\" width=\"1335\" height=\"890\" \/>\r\n\t\t\t\t\t\t\t\t\t\t<div class=\"slideshow_description_box slideshow_transparent\">\r\n\t\t\t\t\t\t<div class=\"slideshow_title\">FALLA VALL DE UXO_1474<\/div>\t\t\t\t\t\t\t\t\t\t\t<\/div>\r\n\t\t\t\t<\/div>\r\n\r\n\t\t\t\t\t\t<div style=\"clear: both;\"><\/div><\/div><div class=\"slideshow_view\">\r\n\t\t\t\t<div class=\"slideshow_slide slideshow_slide_image\">\r\n\t\t\t\t\t\t\t\t\t\t\t<img src=\"https:\/\/sequiol.es\/wp-content\/uploads\/2018\/02\/FALLA-VALL-DE-UXO_1472.jpg\" alt=\"FALLA VALL DE UXO_1472\" width=\"1335\" height=\"890\" \/>\r\n\t\t\t\t\t\t\t\t\t\t<div class=\"slideshow_description_box slideshow_transparent\">\r\n\t\t\t\t\t\t<div class=\"slideshow_title\">FALLA VALL DE UXO_1472<\/div>\t\t\t\t\t\t\t\t\t\t\t<\/div>\r\n\t\t\t\t<\/div>\r\n\r\n\t\t\t\t\t\t<div style=\"clear: both;\"><\/div><\/div><div class=\"slideshow_view\">\r\n\t\t\t\t<div class=\"slideshow_slide slideshow_slide_image\">\r\n\t\t\t\t\t\t\t\t\t\t\t<img src=\"https:\/\/sequiol.es\/wp-content\/uploads\/2018\/02\/FALLA-VALL-DE-UXO_1470.jpg\" alt=\"FALLA VALL DE UXO_1470\" width=\"1335\" height=\"890\" \/>\r\n\t\t\t\t\t\t\t\t\t\t<div class=\"slideshow_description_box slideshow_transparent\">\r\n\t\t\t\t\t\t<div class=\"slideshow_title\">FALLA VALL DE UXO_1470<\/div>\t\t\t\t\t\t\t\t\t\t\t<\/div>\r\n\t\t\t\t<\/div>\r\n\r\n\t\t\t\t\t\t<div style=\"clear: both;\"><\/div><\/div><div class=\"slideshow_view\">\r\n\t\t\t\t<div class=\"slideshow_slide slideshow_slide_image\">\r\n\t\t\t\t\t\t\t\t\t\t\t<img src=\"https:\/\/sequiol.es\/wp-content\/uploads\/2018\/02\/FALLA-VALL-DE-UXO_1469.jpg\" alt=\"FALLA VALL DE UXO_1469\" width=\"1335\" height=\"890\" \/>\r\n\t\t\t\t\t\t\t\t\t\t<div class=\"slideshow_description_box slideshow_transparent\">\r\n\t\t\t\t\t\t<div class=\"slideshow_title\">FALLA VALL DE UXO_1469<\/div>\t\t\t\t\t\t\t\t\t\t\t<\/div>\r\n\t\t\t\t<\/div>\r\n\r\n\t\t\t\t\t\t<div style=\"clear: both;\"><\/div><\/div><div class=\"slideshow_view\">\r\n\t\t\t\t<div class=\"slideshow_slide slideshow_slide_image\">\r\n\t\t\t\t\t\t\t\t\t\t\t<img src=\"https:\/\/sequiol.es\/wp-content\/uploads\/2018\/02\/FALLA-VALL-DE-UXO_1467.jpg\" alt=\"FALLA VALL DE UXO_1467\" width=\"1335\" height=\"890\" \/>\r\n\t\t\t\t\t\t\t\t\t\t<div class=\"slideshow_description_box slideshow_transparent\">\r\n\t\t\t\t\t\t<div class=\"slideshow_title\">FALLA VALL DE UXO_1467<\/div>\t\t\t\t\t\t\t\t\t\t\t<\/div>\r\n\t\t\t\t<\/div>\r\n\r\n\t\t\t\t\t\t<div style=\"clear: both;\"><\/div><\/div><div class=\"slideshow_view\">\r\n\t\t\t\t<div class=\"slideshow_slide slideshow_slide_image\">\r\n\t\t\t\t\t\t\t\t\t\t\t<img src=\"https:\/\/sequiol.es\/wp-content\/uploads\/2018\/02\/FALLA-VALL-DE-UXO_1465.jpg\" alt=\"FALLA VALL DE UXO_1465\" width=\"1335\" height=\"890\" \/>\r\n\t\t\t\t\t\t\t\t\t\t<div class=\"slideshow_description_box slideshow_transparent\">\r\n\t\t\t\t\t\t<div class=\"slideshow_title\">FALLA VALL DE UXO_1465<\/div>\t\t\t\t\t\t\t\t\t\t\t<\/div>\r\n\t\t\t\t<\/div>\r\n\r\n\t\t\t\t\t\t<div style=\"clear: both;\"><\/div><\/div>\r\n\t\t<\/div>\r\n\r\n\t\t<div class=\"slideshow_controlPanel slideshow_transparent\" style=\"display: none;\"><ul><li class=\"slideshow_togglePlay\" data-play-text=\"Play\" data-pause-text=\"Pause\"><\/li><\/ul><\/div>\r\n\r\n\t\t<div class=\"slideshow_button slideshow_previous slideshow_transparent\" role=\"button\" data-previous-text=\"Previous\" style=\"display: none;\"><\/div>\r\n\t\t<div class=\"slideshow_button slideshow_next slideshow_transparent\" role=\"button\" data-next-text=\"Next\" style=\"display: none;\"><\/div>\r\n\r\n\t\t<div class=\"slideshow_pagination\" style=\"display: none;\" data-go-to-text=\"Go to slide\"><div class=\"slideshow_pagination_center\"><\/div><\/div>\r\n\r\n\t\t<!-- WordPress Slideshow Version 2.3.1 -->\r\n\r\n\t\t\t<\/div>\r\n\r\n<\/div>\n<p style=\"text-align: center;\"><small>Fotos cortes\u00eda de Sequiol <\/small><\/p>\n","protected":false},"excerpt":{"rendered":"<p>Al Teatre Municipal \u201cCarmen Tur\u201d de la ve\u00efna localitat de La Vall d\u2019Uix\u00f3 es va celebrar l\u2019acte d\u2019Exaltaci\u00f3 de les Falleres Majors 2018 i les seues Corts d\u2019Honor, de la nostra falla germana \u201cLa que Faltava\u201d. No podia faltar la pres\u00e8ncia Sequiolera a un acte tan entranyable, i per aix\u00f2, all\u00ed van estar els nostres [&hellip;]<\/p>\n","protected":false},"author":4,"featured_media":51908,"comment_status":"open","ping_status":"open","sticky":false,"template":"","format":"standard","meta":{"footnotes":""},"categories":[144],"tags":[],"class_list":["post-53336","post","type-post","status-publish","format-standard","has-post-thumbnail","hentry","category-magdalena-2018-vl"],"_links":{"self":[{"href":"https:\/\/sequiol.es\/vl\/wp-json\/wp\/v2\/posts\/53336","targetHints":{"allow":["GET"]}}],"collection":[{"href":"https:\/\/sequiol.es\/vl\/wp-json\/wp\/v2\/posts"}],"about":[{"href":"https:\/\/sequiol.es\/vl\/wp-json\/wp\/v2\/types\/post"}],"author":[{"embeddable":true,"href":"https:\/\/sequiol.es\/vl\/wp-json\/wp\/v2\/users\/4"}],"replies":[{"embeddable":true,"href":"https:\/\/sequiol.es\/vl\/wp-json\/wp\/v2\/comments?post=53336"}],"version-history":[{"count":1,"href":"https:\/\/sequiol.es\/vl\/wp-json\/wp\/v2\/posts\/53336\/revisions"}],"predecessor-version":[{"id":53337,"href":"https:\/\/sequiol.es\/vl\/wp-json\/wp\/v2\/posts\/53336\/revisions\/53337"}],"wp:featuredmedia":[{"embeddable":true,"href":"https:\/\/sequiol.es\/vl\/wp-json\/wp\/v2\/media\/51908"}],"wp:attachment":[{"href":"https:\/\/sequiol.es\/vl\/wp-json\/wp\/v2\/media?parent=53336"}],"wp:term":[{"taxonomy":"category","embeddable":true,"href":"https:\/\/sequiol.es\/vl\/wp-json\/wp\/v2\/categories?post=53336"},{"taxonomy":"post_tag","embeddable":true,"href":"https:\/\/sequiol.es\/vl\/wp-json\/wp\/v2\/tags?post=53336"}],"curies":[{"name":"wp","href":"https:\/\/api.w.org\/{rel}","templated":true}]}}