{"id":134451,"date":"2025-07-12T12:06:42","date_gmt":"2025-07-12T10:06:42","guid":{"rendered":"https:\/\/sequiol.es\/?p=134451"},"modified":"2025-08-19T16:12:13","modified_gmt":"2025-08-19T14:12:13","slug":"sant-cristofol-2025-missa-i-benediccio-de-vehicles","status":"publish","type":"post","link":"https:\/\/sequiol.es\/vl\/sant-cristofol-2025-missa-i-benediccio-de-vehicles\/","title":{"rendered":"Sant Crist\u00f2fol 2025 &#8211; Missa i benedicci\u00f3 de vehicles"},"content":{"rendered":"<p><span style=\"font-weight: 400;\">Castell\u00f3 celebra amb fervor i eleg\u00e0ncia la festivitat de Sant Crist\u00f2fol.<\/span><\/p>\n<p><span style=\"font-weight: 400;\">Dins del marc de les celebracions en honor al patr\u00f3 Sant Crist\u00f2fol, al migdia tingu\u00e9 lloc la tradicional missa a la Concatedral de Santa Maria, ambientada amb les melodies de la rondalla <\/span><i><span style=\"font-weight: 400;\">Vora S\u00e9quia<\/span><\/i><span style=\"font-weight: 400;\"> i el volteig general de campanes al <\/span><i><span style=\"font-weight: 400;\">Fadr\u00ed<\/span><\/i><span style=\"font-weight: 400;\">, s\u00edmbol sonor de festa i devoci\u00f3.<\/span><\/p>\n<p><span style=\"font-weight: 400;\">L\u2019acte religi\u00f3s va ser presidit per les Reines de les Festes de Castell\u00f3, envoltades per les seues corts d\u2019honor, totes elles mostrant amb distinci\u00f3 el t\u00edpic vestit de castellonera i tocades amb la tradicional mantellina espanyola, com marca la costum.<\/span><\/p>\n<p><span style=\"font-weight: 400;\">Els primers bancs de l\u2019esgl\u00e9sia acolliren les representacions de les diferents comissions de sector. <\/span><i><span style=\"font-weight: 400;\">Sequiol<\/span><\/i><span style=\"font-weight: 400;\"> estigu\u00e9 representat per les Madrines, <\/span><b>Claudia Llopis <\/b><span style=\"font-weight: 400;\">i <\/span><b>Natalia Esp\u00edn,<\/b><span style=\"font-weight: 400;\"> acompanyades pel comissionat <\/span><b>Vicente Javier Villarroya<\/b><span style=\"font-weight: 400;\">. Tamb\u00e9 estigu\u00e9 present la presidenta <\/span><b>Elisabeth Breva,<\/b><span style=\"font-weight: 400;\"> en representaci\u00f3 de la <\/span><i><span style=\"font-weight: 400;\">Reial Confraria de la Mare de D\u00e9u del Lled\u00f3.<\/span><\/i><\/p>\n<p><span style=\"font-weight: 400;\">Una vegada conclosa l\u2019eucaristia, tot el seguici, encap\u00e7alat per la <\/span><i><span style=\"font-weight: 400;\">Colla de Dol\u00e7ainers i Tabaleters<\/span><\/i><span style=\"font-weight: 400;\">, va desfilar per la Pla\u00e7a Major, on un emocionant remat pirot\u00e8cnic va posar el toc final a una jornada plena de tradici\u00f3 i sentiments.<\/span><\/p>\n<p><span style=\"font-weight: 400;\">Tot i l\u2019amena\u00e7a de pluja, que oblig\u00e0 a suspendre la tradicional benedicci\u00f3 de vehicles, el repartiment de cintes commemoratives es realitz\u00e0 directament a la pla\u00e7a, mantenint viva l\u2019ess\u00e8ncia de la festivitat.<\/span><\/p>\n<p>&nbsp;<\/p>\n\r\n\t<div class=\"slideshow_container slideshow_container_style-light\" style=\"height: 400px; \" data-slideshow-id=\"134429\" data-style-name=\"style-light\" data-style-version=\"2.3.1\" >\r\n\r\n\t\t\t\t\t<div class=\"slideshow_loading_icon\"><\/div>\r\n\t\t\r\n\t\t<div class=\"slideshow_content\" style=\"display: none;\">\r\n\r\n\t\t\t<div class=\"slideshow_view\">\r\n\t\t\t\t<div class=\"slideshow_slide slideshow_slide_image\">\r\n\t\t\t\t\t\t\t\t\t\t\t<img src=\"https:\/\/sequiol.es\/wp-content\/uploads\/2025\/08\/20250712_misa_sant_cristofol_IMG_8604.webp\" alt=\"20250712_misa_sant_cristofol_IMG_8604\" width=\"1620\" height=\"2160\" \/>\r\n\t\t\t\t\t\t\t\t\t\t<div class=\"slideshow_description_box slideshow_transparent\">\r\n\t\t\t\t\t\t<div class=\"slideshow_title\">20250712_misa_sant_cristofol_IMG_8604<\/div>\t\t\t\t\t\t\t\t\t\t\t<\/div>\r\n\t\t\t\t<\/div>\r\n\r\n\t\t\t\t\t\t<div style=\"clear: both;\"><\/div><\/div><div class=\"slideshow_view\">\r\n\t\t\t\t<div class=\"slideshow_slide slideshow_slide_image\">\r\n\t\t\t\t\t\t\t\t\t\t\t<img src=\"https:\/\/sequiol.es\/wp-content\/uploads\/2025\/08\/20250712_misa_sant_cristofol_IMG_8602.webp\" alt=\"20250712_misa_sant_cristofol_IMG_8602\" width=\"1620\" height=\"2160\" \/>\r\n\t\t\t\t\t\t\t\t\t\t<div class=\"slideshow_description_box slideshow_transparent\">\r\n\t\t\t\t\t\t<div class=\"slideshow_title\">20250712_misa_sant_cristofol_IMG_8602<\/div>\t\t\t\t\t\t\t\t\t\t\t<\/div>\r\n\t\t\t\t<\/div>\r\n\r\n\t\t\t\t\t\t<div style=\"clear: both;\"><\/div><\/div><div class=\"slideshow_view\">\r\n\t\t\t\t<div class=\"slideshow_slide slideshow_slide_image\">\r\n\t\t\t\t\t\t\t\t\t\t\t<img src=\"https:\/\/sequiol.es\/wp-content\/uploads\/2025\/08\/20250712_misa_sant_cristofol_IMG_2773.webp\" alt=\"20250712_misa_sant_cristofol_IMG_2773\" width=\"1620\" height=\"2160\" \/>\r\n\t\t\t\t\t\t\t\t\t\t<div class=\"slideshow_description_box slideshow_transparent\">\r\n\t\t\t\t\t\t<div class=\"slideshow_title\">20250712_misa_sant_cristofol_IMG_2773<\/div>\t\t\t\t\t\t\t\t\t\t\t<\/div>\r\n\t\t\t\t<\/div>\r\n\r\n\t\t\t\t\t\t<div style=\"clear: both;\"><\/div><\/div><div class=\"slideshow_view\">\r\n\t\t\t\t<div class=\"slideshow_slide slideshow_slide_image\">\r\n\t\t\t\t\t\t\t\t\t\t\t<img src=\"https:\/\/sequiol.es\/wp-content\/uploads\/2025\/08\/20250712_misa_sant_cristofol_IMG_2764-scaled.webp\" alt=\"20250712_misa_sant_cristofol_IMG_2764\" width=\"2560\" height=\"1920\" \/>\r\n\t\t\t\t\t\t\t\t\t\t<div class=\"slideshow_description_box slideshow_transparent\">\r\n\t\t\t\t\t\t<div class=\"slideshow_title\">20250712_misa_sant_cristofol_IMG_2764<\/div>\t\t\t\t\t\t\t\t\t\t\t<\/div>\r\n\t\t\t\t<\/div>\r\n\r\n\t\t\t\t\t\t<div style=\"clear: both;\"><\/div><\/div><div class=\"slideshow_view\">\r\n\t\t\t\t<div class=\"slideshow_slide slideshow_slide_image\">\r\n\t\t\t\t\t\t\t\t\t\t\t<img src=\"https:\/\/sequiol.es\/wp-content\/uploads\/2025\/08\/20250712_misa_sant_cristofol_04233f29-5fa1-4e46-aa5c-f8680f9cb86c_source-aspect-ratio_default_0-scaled.webp\" alt=\"20250712_misa_sant_cristofol_04233f29-5fa1-4e46-aa5c-f8680f9cb86c_source-aspect-ratio_default_0\" width=\"2560\" height=\"1707\" \/>\r\n\t\t\t\t\t\t\t\t\t\t<div class=\"slideshow_description_box slideshow_transparent\">\r\n\t\t\t\t\t\t<div class=\"slideshow_title\">20250712_misa_sant_cristofol_04233f29-5fa1-4e46-aa5c-f8680f9cb86c_source-aspect-ratio_default_0<\/div>\t\t\t\t\t\t\t\t\t\t\t<\/div>\r\n\t\t\t\t<\/div>\r\n\r\n\t\t\t\t\t\t<div style=\"clear: both;\"><\/div><\/div><div class=\"slideshow_view\">\r\n\t\t\t\t<div class=\"slideshow_slide slideshow_slide_image\">\r\n\t\t\t\t\t\t\t\t\t\t\t<img src=\"https:\/\/sequiol.es\/wp-content\/uploads\/2025\/08\/20250712_misa_sant_cristofol_331c9613-bfdc-4be5-97c7-7ed0cb2342b8.webp\" alt=\"20250712_misa_sant_cristofol_331c9613-bfdc-4be5-97c7-7ed0cb2342b8\" width=\"1620\" height=\"2160\" \/>\r\n\t\t\t\t\t\t\t\t\t\t<div class=\"slideshow_description_box slideshow_transparent\">\r\n\t\t\t\t\t\t<div class=\"slideshow_title\">20250712_misa_sant_cristofol_331c9613-bfdc-4be5-97c7-7ed0cb2342b8<\/div>\t\t\t\t\t\t\t\t\t\t\t<\/div>\r\n\t\t\t\t<\/div>\r\n\r\n\t\t\t\t\t\t<div style=\"clear: both;\"><\/div><\/div>\r\n\t\t<\/div>\r\n\r\n\t\t<div class=\"slideshow_controlPanel slideshow_transparent\" style=\"display: none;\"><ul><li class=\"slideshow_togglePlay\" data-play-text=\"Play\" data-pause-text=\"Pause\"><\/li><\/ul><\/div>\r\n\r\n\t\t<div class=\"slideshow_button slideshow_previous slideshow_transparent\" role=\"button\" data-previous-text=\"Previous\" style=\"display: none;\"><\/div>\r\n\t\t<div class=\"slideshow_button slideshow_next slideshow_transparent\" role=\"button\" data-next-text=\"Next\" style=\"display: none;\"><\/div>\r\n\r\n\t\t<div class=\"slideshow_pagination\" style=\"display: none;\" data-go-to-text=\"Go to slide\"><div class=\"slideshow_pagination_center\"><\/div><\/div>\r\n\r\n\t\t<!-- WordPress Slideshow Version 2.3.1 -->\r\n\r\n\t\t\t<\/div>\r\n\r\n\n","protected":false},"excerpt":{"rendered":"<p>Castell\u00f3 celebra amb fervor i eleg\u00e0ncia la festivitat de Sant Crist\u00f2fol. Dins del marc de les celebracions en honor al patr\u00f3 Sant Crist\u00f2fol, al migdia tingu\u00e9 lloc la tradicional missa a la Concatedral de Santa Maria, ambientada amb les melodies de la rondalla Vora S\u00e9quia i el volteig general de campanes al Fadr\u00ed, s\u00edmbol sonor [&hellip;]<\/p>\n","protected":false},"author":1,"featured_media":134441,"comment_status":"open","ping_status":"open","sticky":false,"template":"","format":"standard","meta":{"footnotes":""},"categories":[177],"tags":[],"class_list":["post-134451","post","type-post","status-publish","format-standard","has-post-thumbnail","hentry","category-magdalena-2025-vl"],"_links":{"self":[{"href":"https:\/\/sequiol.es\/vl\/wp-json\/wp\/v2\/posts\/134451","targetHints":{"allow":["GET"]}}],"collection":[{"href":"https:\/\/sequiol.es\/vl\/wp-json\/wp\/v2\/posts"}],"about":[{"href":"https:\/\/sequiol.es\/vl\/wp-json\/wp\/v2\/types\/post"}],"author":[{"embeddable":true,"href":"https:\/\/sequiol.es\/vl\/wp-json\/wp\/v2\/users\/1"}],"replies":[{"embeddable":true,"href":"https:\/\/sequiol.es\/vl\/wp-json\/wp\/v2\/comments?post=134451"}],"version-history":[{"count":1,"href":"https:\/\/sequiol.es\/vl\/wp-json\/wp\/v2\/posts\/134451\/revisions"}],"predecessor-version":[{"id":134452,"href":"https:\/\/sequiol.es\/vl\/wp-json\/wp\/v2\/posts\/134451\/revisions\/134452"}],"wp:featuredmedia":[{"embeddable":true,"href":"https:\/\/sequiol.es\/vl\/wp-json\/wp\/v2\/media\/134441"}],"wp:attachment":[{"href":"https:\/\/sequiol.es\/vl\/wp-json\/wp\/v2\/media?parent=134451"}],"wp:term":[{"taxonomy":"category","embeddable":true,"href":"https:\/\/sequiol.es\/vl\/wp-json\/wp\/v2\/categories?post=134451"},{"taxonomy":"post_tag","embeddable":true,"href":"https:\/\/sequiol.es\/vl\/wp-json\/wp\/v2\/tags?post=134451"}],"curies":[{"name":"wp","href":"https:\/\/api.w.org\/{rel}","templated":true}]}}