{"id":134427,"date":"2025-07-11T15:46:44","date_gmt":"2025-07-11T13:46:44","guid":{"rendered":"https:\/\/sequiol.es\/?p=134427"},"modified":"2025-08-19T15:53:41","modified_gmt":"2025-08-19T13:53:41","slug":"sant-cristofol-2025-concert","status":"publish","type":"post","link":"https:\/\/sequiol.es\/vl\/sant-cristofol-2025-concert\/","title":{"rendered":"Sant Crist\u00f2fol 2025 &#8211; Concert"},"content":{"rendered":"<p><span style=\"font-weight: 400;\">Sant Crist\u00f2fol \u00e9s un dels patrons de la ciutat, junt amb Sant Vicent Ferrer, Sant Blai i la Mare de D\u00e9u del Lled\u00f3 \u2013patrona principal\u2013. I com a tal, el <\/span><i><span style=\"font-weight: 400;\">Patronat Municipal de Festes,<\/span><\/i><span style=\"font-weight: 400;\"> en col\u00b7laboraci\u00f3 amb la <\/span><i><span style=\"font-weight: 400;\">Federaci\u00f3 Gestora de Gaiates,<\/span><\/i><span style=\"font-weight: 400;\"> prepara un programa am\u00e9 que es desenvolupa el segon cap de setmana de juliol.<\/span><\/p>\n<p><span style=\"font-weight: 400;\">Sant Crist\u00f2fol 2025 va comen\u00e7ar amb for\u00e7a gr\u00e0cies al tradicional concert de la Banda Municipal a la pla\u00e7a Major. Sota el lema <\/span><i><span style=\"font-weight: 400;\">\u201cViatjant per Espanya\u201d<\/span><\/i><span style=\"font-weight: 400;\">, el repertori va ser un homenatge musical a ciutats com Madrid, Santander, Sevilla, Alacant, Val\u00e8ncia i, per descomptat, Castell\u00f3.<\/span><\/p>\n<p><span style=\"font-weight: 400;\">La Banda, dirigida per Jos\u00e9 Vicente Ram\u00f3n Segarra, va interpretar peces emblem\u00e0tiques com el pasdoble <\/span><i><span style=\"font-weight: 400;\">Santander<\/span><\/i><span style=\"font-weight: 400;\">, el preludi <\/span><i><span style=\"font-weight: 400;\">La Torre del Oro<\/span><\/i><span style=\"font-weight: 400;\">, i les suites simf\u00f2niques <\/span><i><span style=\"font-weight: 400;\">Danzas Alicantinas<\/span><\/i><span style=\"font-weight: 400;\"> i <\/span><i><span style=\"font-weight: 400;\">Los Madriles<\/span><\/i><span style=\"font-weight: 400;\">. El colof\u00f3 final el van posar els temes locals <\/span><i><span style=\"font-weight: 400;\">Fadrell <\/span><\/i><span style=\"font-weight: 400;\">i <\/span><i><span style=\"font-weight: 400;\">Rotllo i Canya<\/span><\/i><span style=\"font-weight: 400;\">, que van fer vibrar el p\u00fablic.<\/span><\/p>\n<p><span style=\"font-weight: 400;\">La representaci\u00f3 de <\/span><i><span style=\"font-weight: 400;\">Sequiol,<\/span><\/i><span style=\"font-weight: 400;\"> amb les seues Madrines <\/span><b>Natalia Esp\u00edn <\/b><span style=\"font-weight: 400;\">i <\/span><b>Claudia Llopis<\/b><span style=\"font-weight: 400;\">, junt amb la presidenta <\/span><b>Elisabeth Breva<\/b><span style=\"font-weight: 400;\">, va aportar eleg\u00e0ncia i tradici\u00f3 a l\u2019esdeveniment.<\/span><\/p>\n<p>&nbsp;<\/p>\n\r\n\t<div class=\"slideshow_container slideshow_container_style-light\" style=\"height: 400px; \" data-slideshow-id=\"134412\" data-style-name=\"style-light\" data-style-version=\"2.3.1\" >\r\n\r\n\t\t\t\t\t<div class=\"slideshow_loading_icon\"><\/div>\r\n\t\t\r\n\t\t<div class=\"slideshow_content\" style=\"display: none;\">\r\n\r\n\t\t\t<div class=\"slideshow_view\">\r\n\t\t\t\t<div class=\"slideshow_slide slideshow_slide_image\">\r\n\t\t\t\t\t\t\t\t\t\t\t<img src=\"https:\/\/sequiol.es\/wp-content\/uploads\/2025\/08\/20250711_concierto_sant_cristofol_IMG_8593.webp\" alt=\"20250711_concierto_sant_cristofol_IMG_8593\" width=\"1620\" height=\"2160\" \/>\r\n\t\t\t\t\t\t\t\t\t\t<div class=\"slideshow_description_box slideshow_transparent\">\r\n\t\t\t\t\t\t<div class=\"slideshow_title\">20250711_concierto_sant_cristofol_IMG_8593<\/div>\t\t\t\t\t\t\t\t\t\t\t<\/div>\r\n\t\t\t\t<\/div>\r\n\r\n\t\t\t\t\t\t<div style=\"clear: both;\"><\/div><\/div><div class=\"slideshow_view\">\r\n\t\t\t\t<div class=\"slideshow_slide slideshow_slide_image\">\r\n\t\t\t\t\t\t\t\t\t\t\t<img src=\"https:\/\/sequiol.es\/wp-content\/uploads\/2025\/08\/20250711_concierto_sant_cristofol_IMG_8588.webp\" alt=\"20250711_concierto_sant_cristofol_IMG_8588\" width=\"1620\" height=\"2160\" \/>\r\n\t\t\t\t\t\t\t\t\t\t<div class=\"slideshow_description_box slideshow_transparent\">\r\n\t\t\t\t\t\t<div class=\"slideshow_title\">20250711_concierto_sant_cristofol_IMG_8588<\/div>\t\t\t\t\t\t\t\t\t\t\t<\/div>\r\n\t\t\t\t<\/div>\r\n\r\n\t\t\t\t\t\t<div style=\"clear: both;\"><\/div><\/div><div class=\"slideshow_view\">\r\n\t\t\t\t<div class=\"slideshow_slide slideshow_slide_image\">\r\n\t\t\t\t\t\t\t\t\t\t\t<img src=\"https:\/\/sequiol.es\/wp-content\/uploads\/2025\/08\/20250711_concierto_sant_cristofol_IMG_8582-scaled.webp\" alt=\"20250711_concierto_sant_cristofol_IMG_8582\" width=\"2560\" height=\"1920\" \/>\r\n\t\t\t\t\t\t\t\t\t\t<div class=\"slideshow_description_box slideshow_transparent\">\r\n\t\t\t\t\t\t<div class=\"slideshow_title\">20250711_concierto_sant_cristofol_IMG_8582<\/div>\t\t\t\t\t\t\t\t\t\t\t<\/div>\r\n\t\t\t\t<\/div>\r\n\r\n\t\t\t\t\t\t<div style=\"clear: both;\"><\/div><\/div><div class=\"slideshow_view\">\r\n\t\t\t\t<div class=\"slideshow_slide slideshow_slide_image\">\r\n\t\t\t\t\t\t\t\t\t\t\t<img src=\"https:\/\/sequiol.es\/wp-content\/uploads\/2025\/08\/20250711_concierto_sant_cristofol_D13669A8-C728-49E3-BBCA-E5D380C60AD7-scaled.webp\" alt=\"20250711_concierto_sant_cristofol_D13669A8-C728-49E3-BBCA-E5D380C60AD7\" width=\"2560\" height=\"1441\" \/>\r\n\t\t\t\t\t\t\t\t\t\t<div class=\"slideshow_description_box slideshow_transparent\">\r\n\t\t\t\t\t\t<div class=\"slideshow_title\">20250711_concierto_sant_cristofol_D13669A8-C728-49E3-BBCA-E5D380C60AD7<\/div>\t\t\t\t\t\t\t\t\t\t\t<\/div>\r\n\t\t\t\t<\/div>\r\n\r\n\t\t\t\t\t\t<div style=\"clear: both;\"><\/div><\/div>\r\n\t\t<\/div>\r\n\r\n\t\t<div class=\"slideshow_controlPanel slideshow_transparent\" style=\"display: none;\"><ul><li class=\"slideshow_togglePlay\" data-play-text=\"Play\" data-pause-text=\"Pause\"><\/li><\/ul><\/div>\r\n\r\n\t\t<div class=\"slideshow_button slideshow_previous slideshow_transparent\" role=\"button\" data-previous-text=\"Previous\" style=\"display: none;\"><\/div>\r\n\t\t<div class=\"slideshow_button slideshow_next slideshow_transparent\" role=\"button\" data-next-text=\"Next\" style=\"display: none;\"><\/div>\r\n\r\n\t\t<div class=\"slideshow_pagination\" style=\"display: none;\" data-go-to-text=\"Go to slide\"><div class=\"slideshow_pagination_center\"><\/div><\/div>\r\n\r\n\t\t<!-- WordPress Slideshow Version 2.3.1 -->\r\n\r\n\t\t\t<\/div>\r\n\r\n\n","protected":false},"excerpt":{"rendered":"<p>Sant Crist\u00f2fol \u00e9s un dels patrons de la ciutat, junt amb Sant Vicent Ferrer, Sant Blai i la Mare de D\u00e9u del Lled\u00f3 \u2013patrona principal\u2013. I com a tal, el Patronat Municipal de Festes, en col\u00b7laboraci\u00f3 amb la Federaci\u00f3 Gestora de Gaiates, prepara un programa am\u00e9 que es desenvolupa el segon cap de setmana de [&hellip;]<\/p>\n","protected":false},"author":1,"featured_media":134418,"comment_status":"open","ping_status":"open","sticky":false,"template":"","format":"standard","meta":{"footnotes":""},"categories":[177],"tags":[],"class_list":["post-134427","post","type-post","status-publish","format-standard","has-post-thumbnail","hentry","category-magdalena-2025-vl"],"_links":{"self":[{"href":"https:\/\/sequiol.es\/vl\/wp-json\/wp\/v2\/posts\/134427","targetHints":{"allow":["GET"]}}],"collection":[{"href":"https:\/\/sequiol.es\/vl\/wp-json\/wp\/v2\/posts"}],"about":[{"href":"https:\/\/sequiol.es\/vl\/wp-json\/wp\/v2\/types\/post"}],"author":[{"embeddable":true,"href":"https:\/\/sequiol.es\/vl\/wp-json\/wp\/v2\/users\/1"}],"replies":[{"embeddable":true,"href":"https:\/\/sequiol.es\/vl\/wp-json\/wp\/v2\/comments?post=134427"}],"version-history":[{"count":1,"href":"https:\/\/sequiol.es\/vl\/wp-json\/wp\/v2\/posts\/134427\/revisions"}],"predecessor-version":[{"id":134428,"href":"https:\/\/sequiol.es\/vl\/wp-json\/wp\/v2\/posts\/134427\/revisions\/134428"}],"wp:featuredmedia":[{"embeddable":true,"href":"https:\/\/sequiol.es\/vl\/wp-json\/wp\/v2\/media\/134418"}],"wp:attachment":[{"href":"https:\/\/sequiol.es\/vl\/wp-json\/wp\/v2\/media?parent=134427"}],"wp:term":[{"taxonomy":"category","embeddable":true,"href":"https:\/\/sequiol.es\/vl\/wp-json\/wp\/v2\/categories?post=134427"},{"taxonomy":"post_tag","embeddable":true,"href":"https:\/\/sequiol.es\/vl\/wp-json\/wp\/v2\/tags?post=134427"}],"curies":[{"name":"wp","href":"https:\/\/api.w.org\/{rel}","templated":true}]}}