{"id":134240,"date":"2025-06-14T18:37:59","date_gmt":"2025-06-14T16:37:59","guid":{"rendered":"https:\/\/sequiol.es\/?p=134240"},"modified":"2025-07-08T18:40:41","modified_gmt":"2025-07-08T16:40:41","slug":"ratificacio-de-carrecs-per-a-la-magdalena-2026","status":"publish","type":"post","link":"https:\/\/sequiol.es\/vl\/ratificacio-de-carrecs-per-a-la-magdalena-2026\/","title":{"rendered":"Ratificaci\u00f3 de c\u00e0rrecs per a la Magdalena 2026"},"content":{"rendered":"<p><span style=\"font-weight: 400;\">Amb l\u2019arribada del mes de juny, <\/span><i><span style=\"font-weight: 400;\">Sequiol <\/span><\/i><span style=\"font-weight: 400;\">inicia una nova edici\u00f3 festiva, ratificant a qui seran les seues m\u00e0ximes representants. Tal com queda recollit en el reglament de l\u2019associaci\u00f3, en les primeres setmanes del mes, la Junta Directiva es convoca per certificar aquelles persones que consten en la llista de preferencials per a ocupar els m\u00e0xims c\u00e0rrecs representatius de <\/span><i><span style=\"font-weight: 400;\">l@s\u00a0 Sequiol@s.<\/span><\/i><\/p>\n<p><span style=\"font-weight: 400;\">Aix\u00ed, el passat dissabte 14 de juny, per unanimitat, la Junta Directiva de <\/span><i><span style=\"font-weight: 400;\">Sequiol <\/span><\/i><span style=\"font-weight: 400;\">va elegir la senyoreta Mar\u00eda Collados Marz\u00e1 com a Madrina per a la Magdalena 2026. I la xiqueta Vega Peraire Sousa, com a Madrina Infantil per a la Magdalena 2026.<\/span><\/p>\n<p><span style=\"font-weight: 400;\">La preceptiva telefonada a les elegides, per part de la presidenta de l\u2019associaci\u00f3, Elisabeth Breva, per comunicar-los la bona nova, donava el tret de sortida a la Magdalena 2026.<\/span><\/p>\n<p><span style=\"font-weight: 400;\">L\u2019arribada de Mar\u00eda i Vega al <\/span><i><span style=\"font-weight: 400;\">Cau Gaiater<\/span><\/i><span style=\"font-weight: 400;\"> va ser rebuda amb una salva d\u2019aplaudiments que <\/span><i><span style=\"font-weight: 400;\">l@s Sequiol@s<\/span><\/i><span style=\"font-weight: 400;\"> brindaren a les seues noves m\u00e0ximes representants, encap\u00e7alant la comitiva de felicitacions unes emocionad\u00edssimes Claudia i Natalia, Madrines de la Magdalena 2025 que, d\u2019aquesta manera, passaven el testimoni a qui les precediran en la pr\u00f2xima edici\u00f3 magdalenera.<\/span><\/p>\n<p><i><span style=\"font-weight: 400;\">Sequiol<\/span><\/i><span style=\"font-weight: 400;\"> complia amb els terminis establerts i ja es preparava per a la Magdalena 2026, on Mar\u00eda Collados Marz\u00e1, com a Madrina, i Vega Peraire Sousa, com a Madrina Infantil, seran les m\u00e0ximes representants de la que, possiblement, \u00e9s <\/span><i><span style=\"font-weight: 400;\">la millor Gaiata del m\u00f3n: Sequiol!!!<\/span><\/i><\/p>\n<p>&nbsp;<\/p>\n\r\n\t<div class=\"slideshow_container slideshow_container_style-light\" style=\"height: 400px; \" data-slideshow-id=\"134189\" data-style-name=\"style-light\" data-style-version=\"2.3.1\" >\r\n\r\n\t\t\t\t\t<div class=\"slideshow_loading_icon\"><\/div>\r\n\t\t\r\n\t\t<div class=\"slideshow_content\" style=\"display: none;\">\r\n\r\n\t\t\t<div class=\"slideshow_view\">\r\n\t\t\t\t<div class=\"slideshow_slide slideshow_slide_image\">\r\n\t\t\t\t\t\t\t\t\t\t\t<img src=\"https:\/\/sequiol.es\/wp-content\/uploads\/2025\/07\/20250614_ratificacion_cargos_PHOTO-2025-06-14-16-08-131-scaled.webp\" alt=\"20250614_ratificacion_cargos_PHOTO-2025-06-14-16-08-13(1)\" width=\"2560\" height=\"1920\" \/>\r\n\t\t\t\t\t\t\t\t\t\t<div class=\"slideshow_description_box slideshow_transparent\">\r\n\t\t\t\t\t\t<div class=\"slideshow_title\">20250614_ratificacion_cargos_PHOTO-2025-06-14-16-08-13(1)<\/div>\t\t\t\t\t\t\t\t\t\t\t<\/div>\r\n\t\t\t\t<\/div>\r\n\r\n\t\t\t\t\t\t<div style=\"clear: both;\"><\/div><\/div><div class=\"slideshow_view\">\r\n\t\t\t\t<div class=\"slideshow_slide slideshow_slide_image\">\r\n\t\t\t\t\t\t\t\t\t\t\t<img src=\"https:\/\/sequiol.es\/wp-content\/uploads\/2025\/07\/20250614_ratificacion_cargos_PHOTO-2025-06-14-16-08-13-scaled.webp\" alt=\"20250614_ratificacion_cargos_PHOTO-2025-06-14-16-08-13\" width=\"2560\" height=\"1920\" \/>\r\n\t\t\t\t\t\t\t\t\t\t<div class=\"slideshow_description_box slideshow_transparent\">\r\n\t\t\t\t\t\t<div class=\"slideshow_title\">20250614_ratificacion_cargos_PHOTO-2025-06-14-16-08-13<\/div>\t\t\t\t\t\t\t\t\t\t\t<\/div>\r\n\t\t\t\t<\/div>\r\n\r\n\t\t\t\t\t\t<div style=\"clear: both;\"><\/div><\/div><div class=\"slideshow_view\">\r\n\t\t\t\t<div class=\"slideshow_slide slideshow_slide_image\">\r\n\t\t\t\t\t\t\t\t\t\t\t<img src=\"https:\/\/sequiol.es\/wp-content\/uploads\/2025\/07\/20250614_ratificacion_cargos_IMG_8083.webp\" alt=\"20250614_ratificacion_cargos_IMG_8083\" width=\"1620\" height=\"2160\" \/>\r\n\t\t\t\t\t\t\t\t\t\t<div class=\"slideshow_description_box slideshow_transparent\">\r\n\t\t\t\t\t\t<div class=\"slideshow_title\">20250614_ratificacion_cargos_IMG_8083<\/div>\t\t\t\t\t\t\t\t\t\t\t<\/div>\r\n\t\t\t\t<\/div>\r\n\r\n\t\t\t\t\t\t<div style=\"clear: both;\"><\/div><\/div><div class=\"slideshow_view\">\r\n\t\t\t\t<div class=\"slideshow_slide slideshow_slide_image\">\r\n\t\t\t\t\t\t\t\t\t\t\t<img src=\"https:\/\/sequiol.es\/wp-content\/uploads\/2025\/07\/20250614_ratificacion_cargos_IMG_8074.webp\" alt=\"20250614_ratificacion_cargos_IMG_8074\" width=\"1620\" height=\"2160\" \/>\r\n\t\t\t\t\t\t\t\t\t\t<div class=\"slideshow_description_box slideshow_transparent\">\r\n\t\t\t\t\t\t<div class=\"slideshow_title\">20250614_ratificacion_cargos_IMG_8074<\/div>\t\t\t\t\t\t\t\t\t\t\t<\/div>\r\n\t\t\t\t<\/div>\r\n\r\n\t\t\t\t\t\t<div style=\"clear: both;\"><\/div><\/div><div class=\"slideshow_view\">\r\n\t\t\t\t<div class=\"slideshow_slide slideshow_slide_image\">\r\n\t\t\t\t\t\t\t\t\t\t\t<img src=\"https:\/\/sequiol.es\/wp-content\/uploads\/2025\/07\/20250614_ratificacion_cargos_IMG_8073.webp\" alt=\"20250614_ratificacion_cargos_IMG_8073\" width=\"1455\" height=\"2160\" \/>\r\n\t\t\t\t\t\t\t\t\t\t<div class=\"slideshow_description_box slideshow_transparent\">\r\n\t\t\t\t\t\t<div class=\"slideshow_title\">20250614_ratificacion_cargos_IMG_8073<\/div>\t\t\t\t\t\t\t\t\t\t\t<\/div>\r\n\t\t\t\t<\/div>\r\n\r\n\t\t\t\t\t\t<div style=\"clear: both;\"><\/div><\/div><div class=\"slideshow_view\">\r\n\t\t\t\t<div class=\"slideshow_slide slideshow_slide_image\">\r\n\t\t\t\t\t\t\t\t\t\t\t<img src=\"https:\/\/sequiol.es\/wp-content\/uploads\/2025\/07\/20250614_ratificacion_cargos_IMG_8072.webp\" alt=\"20250614_ratificacion_cargos_IMG_8072\" width=\"1709\" height=\"2160\" \/>\r\n\t\t\t\t\t\t\t\t\t\t<div class=\"slideshow_description_box slideshow_transparent\">\r\n\t\t\t\t\t\t<div class=\"slideshow_title\">20250614_ratificacion_cargos_IMG_8072<\/div>\t\t\t\t\t\t\t\t\t\t\t<\/div>\r\n\t\t\t\t<\/div>\r\n\r\n\t\t\t\t\t\t<div style=\"clear: both;\"><\/div><\/div><div class=\"slideshow_view\">\r\n\t\t\t\t<div class=\"slideshow_slide slideshow_slide_image\">\r\n\t\t\t\t\t\t\t\t\t\t\t<img src=\"https:\/\/sequiol.es\/wp-content\/uploads\/2025\/07\/20250614_ratificacion_cargos_IMG_8071.webp\" alt=\"20250614_ratificacion_cargos_IMG_8071\" width=\"1481\" height=\"2160\" \/>\r\n\t\t\t\t\t\t\t\t\t\t<div class=\"slideshow_description_box slideshow_transparent\">\r\n\t\t\t\t\t\t<div class=\"slideshow_title\">20250614_ratificacion_cargos_IMG_8071<\/div>\t\t\t\t\t\t\t\t\t\t\t<\/div>\r\n\t\t\t\t<\/div>\r\n\r\n\t\t\t\t\t\t<div style=\"clear: both;\"><\/div><\/div><div class=\"slideshow_view\">\r\n\t\t\t\t<div class=\"slideshow_slide slideshow_slide_image\">\r\n\t\t\t\t\t\t\t\t\t\t\t<img src=\"https:\/\/sequiol.es\/wp-content\/uploads\/2025\/07\/20250614_ratificacion_cargos_Captura-2025-06-15-a-las-8.49.31.jpeg.webp\" alt=\"20250614_ratificacion_cargos_Captura 2025-06-15 a las 8.49.31.jpeg\" width=\"2323\" height=\"2160\" \/>\r\n\t\t\t\t\t\t\t\t\t\t<div class=\"slideshow_description_box slideshow_transparent\">\r\n\t\t\t\t\t\t<div class=\"slideshow_title\">20250614_ratificacion_cargos_Captura 2025-06-15 a las 8.49.31.jpeg<\/div>\t\t\t\t\t\t\t\t\t\t\t<\/div>\r\n\t\t\t\t<\/div>\r\n\r\n\t\t\t\t\t\t<div style=\"clear: both;\"><\/div><\/div><div class=\"slideshow_view\">\r\n\t\t\t\t<div class=\"slideshow_slide slideshow_slide_image\">\r\n\t\t\t\t\t\t\t\t\t\t\t<img src=\"https:\/\/sequiol.es\/wp-content\/uploads\/2025\/07\/20250614_ratificacion_cargos_Captura-2025-06-15-a-las-8.47.07.jpeg.webp\" alt=\"20250614_ratificacion_cargos_Captura 2025-06-15 a las 8.47.07.jpeg\" width=\"1636\" height=\"2160\" \/>\r\n\t\t\t\t\t\t\t\t\t\t<div class=\"slideshow_description_box slideshow_transparent\">\r\n\t\t\t\t\t\t<div class=\"slideshow_title\">20250614_ratificacion_cargos_Captura 2025-06-15 a las 8.47.07.jpeg<\/div>\t\t\t\t\t\t\t\t\t\t\t<\/div>\r\n\t\t\t\t<\/div>\r\n\r\n\t\t\t\t\t\t<div style=\"clear: both;\"><\/div><\/div><div class=\"slideshow_view\">\r\n\t\t\t\t<div class=\"slideshow_slide slideshow_slide_image\">\r\n\t\t\t\t\t\t\t\t\t\t\t<img src=\"https:\/\/sequiol.es\/wp-content\/uploads\/2025\/07\/20250614_ratificacion_cargos_Captura-2025-06-15-a-las-8.45.55.jpeg.webp\" alt=\"20250614_ratificacion_cargos_Captura 2025-06-15 a las 8.45.55.jpeg\" width=\"1487\" height=\"2160\" \/>\r\n\t\t\t\t\t\t\t\t\t\t<div class=\"slideshow_description_box slideshow_transparent\">\r\n\t\t\t\t\t\t<div class=\"slideshow_title\">20250614_ratificacion_cargos_Captura 2025-06-15 a las 8.45.55.jpeg<\/div>\t\t\t\t\t\t\t\t\t\t\t<\/div>\r\n\t\t\t\t<\/div>\r\n\r\n\t\t\t\t\t\t<div style=\"clear: both;\"><\/div><\/div><div class=\"slideshow_view\">\r\n\t\t\t\t<div class=\"slideshow_slide slideshow_slide_image\">\r\n\t\t\t\t\t\t\t\t\t\t\t<img src=\"https:\/\/sequiol.es\/wp-content\/uploads\/2025\/07\/20250614_ratificacion_cargos_Captura-2025-06-15-a-las-8.45.18.jpeg.webp\" alt=\"20250614_ratificacion_cargos_Captura 2025-06-15 a las 8.45.18.jpeg\" width=\"1420\" height=\"2160\" \/>\r\n\t\t\t\t\t\t\t\t\t\t<div class=\"slideshow_description_box slideshow_transparent\">\r\n\t\t\t\t\t\t<div class=\"slideshow_title\">20250614_ratificacion_cargos_Captura 2025-06-15 a las 8.45.18.jpeg<\/div>\t\t\t\t\t\t\t\t\t\t\t<\/div>\r\n\t\t\t\t<\/div>\r\n\r\n\t\t\t\t\t\t<div style=\"clear: both;\"><\/div><\/div><div class=\"slideshow_view\">\r\n\t\t\t\t<div class=\"slideshow_slide slideshow_slide_image\">\r\n\t\t\t\t\t\t\t\t\t\t\t<img src=\"https:\/\/sequiol.es\/wp-content\/uploads\/2025\/07\/20250614_ratificacion_cargos_Captura-2025-06-15-a-las-8.44.43.jpeg.webp\" alt=\"20250614_ratificacion_cargos_Captura 2025-06-15 a las 8.44.43.jpeg\" width=\"1428\" height=\"2160\" \/>\r\n\t\t\t\t\t\t\t\t\t\t<div class=\"slideshow_description_box slideshow_transparent\">\r\n\t\t\t\t\t\t<div class=\"slideshow_title\">20250614_ratificacion_cargos_Captura 2025-06-15 a las 8.44.43.jpeg<\/div>\t\t\t\t\t\t\t\t\t\t\t<\/div>\r\n\t\t\t\t<\/div>\r\n\r\n\t\t\t\t\t\t<div style=\"clear: both;\"><\/div><\/div><div class=\"slideshow_view\">\r\n\t\t\t\t<div class=\"slideshow_slide slideshow_slide_image\">\r\n\t\t\t\t\t\t\t\t\t\t\t<img src=\"https:\/\/sequiol.es\/wp-content\/uploads\/2025\/07\/20250614_ratificacion_cargos_Captura-2025-06-15-a-las-8.43.28.jpeg.webp\" alt=\"20250614_ratificacion_cargos_Captura 2025-06-15 a las 8.43.28.jpeg\" width=\"1388\" height=\"2160\" \/>\r\n\t\t\t\t\t\t\t\t\t\t<div class=\"slideshow_description_box slideshow_transparent\">\r\n\t\t\t\t\t\t<div class=\"slideshow_title\">20250614_ratificacion_cargos_Captura 2025-06-15 a las 8.43.28.jpeg<\/div>\t\t\t\t\t\t\t\t\t\t\t<\/div>\r\n\t\t\t\t<\/div>\r\n\r\n\t\t\t\t\t\t<div style=\"clear: both;\"><\/div><\/div><div class=\"slideshow_view\">\r\n\t\t\t\t<div class=\"slideshow_slide slideshow_slide_image\">\r\n\t\t\t\t\t\t\t\t\t\t\t<img src=\"https:\/\/sequiol.es\/wp-content\/uploads\/2025\/07\/20250614_ratificacion_cargos_Captura-2025-06-15-a-las-8.41.29.jpeg.webp\" alt=\"20250614_ratificacion_cargos_Captura 2025-06-15 a las 8.41.29.jpeg\" width=\"1468\" height=\"2160\" \/>\r\n\t\t\t\t\t\t\t\t\t\t<div class=\"slideshow_description_box slideshow_transparent\">\r\n\t\t\t\t\t\t<div class=\"slideshow_title\">20250614_ratificacion_cargos_Captura 2025-06-15 a las 8.41.29.jpeg<\/div>\t\t\t\t\t\t\t\t\t\t\t<\/div>\r\n\t\t\t\t<\/div>\r\n\r\n\t\t\t\t\t\t<div style=\"clear: both;\"><\/div><\/div><div class=\"slideshow_view\">\r\n\t\t\t\t<div class=\"slideshow_slide slideshow_slide_image\">\r\n\t\t\t\t\t\t\t\t\t\t\t<img src=\"https:\/\/sequiol.es\/wp-content\/uploads\/2025\/07\/20250614_ratificacion_cargos_Captura-2025-06-15-a-las-8.40.42.jpeg.webp\" alt=\"20250614_ratificacion_cargos_Captura 2025-06-15 a las 8.40.42.jpeg\" width=\"2048\" height=\"2160\" \/>\r\n\t\t\t\t\t\t\t\t\t\t<div class=\"slideshow_description_box slideshow_transparent\">\r\n\t\t\t\t\t\t<div class=\"slideshow_title\">20250614_ratificacion_cargos_Captura 2025-06-15 a las 8.40.42.jpeg<\/div>\t\t\t\t\t\t\t\t\t\t\t<\/div>\r\n\t\t\t\t<\/div>\r\n\r\n\t\t\t\t\t\t<div style=\"clear: both;\"><\/div><\/div><div class=\"slideshow_view\">\r\n\t\t\t\t<div class=\"slideshow_slide slideshow_slide_image\">\r\n\t\t\t\t\t\t\t\t\t\t\t<img src=\"https:\/\/sequiol.es\/wp-content\/uploads\/2025\/07\/20250614_ratificacion_cargos_Captura-2025-06-15-a-las-8.39.40.jpeg.webp\" alt=\"20250614_ratificacion_cargos_Captura 2025-06-15 a las 8.39.40.jpeg\" width=\"1321\" height=\"2160\" \/>\r\n\t\t\t\t\t\t\t\t\t\t<div class=\"slideshow_description_box slideshow_transparent\">\r\n\t\t\t\t\t\t<div class=\"slideshow_title\">20250614_ratificacion_cargos_Captura 2025-06-15 a las 8.39.40.jpeg<\/div>\t\t\t\t\t\t\t\t\t\t\t<\/div>\r\n\t\t\t\t<\/div>\r\n\r\n\t\t\t\t\t\t<div style=\"clear: both;\"><\/div><\/div>\r\n\t\t<\/div>\r\n\r\n\t\t<div class=\"slideshow_controlPanel slideshow_transparent\" style=\"display: none;\"><ul><li class=\"slideshow_togglePlay\" data-play-text=\"Play\" data-pause-text=\"Pause\"><\/li><\/ul><\/div>\r\n\r\n\t\t<div class=\"slideshow_button slideshow_previous slideshow_transparent\" role=\"button\" data-previous-text=\"Previous\" style=\"display: none;\"><\/div>\r\n\t\t<div class=\"slideshow_button slideshow_next slideshow_transparent\" role=\"button\" data-next-text=\"Next\" style=\"display: none;\"><\/div>\r\n\r\n\t\t<div class=\"slideshow_pagination\" style=\"display: none;\" data-go-to-text=\"Go to slide\"><div class=\"slideshow_pagination_center\"><\/div><\/div>\r\n\r\n\t\t<!-- WordPress Slideshow Version 2.3.1 -->\r\n\r\n\t\t\t<\/div>\r\n\r\n\n","protected":false},"excerpt":{"rendered":"<p>Amb l\u2019arribada del mes de juny, Sequiol inicia una nova edici\u00f3 festiva, ratificant a qui seran les seues m\u00e0ximes representants. Tal com queda recollit en el reglament de l\u2019associaci\u00f3, en les primeres setmanes del mes, la Junta Directiva es convoca per certificar aquelles persones que consten en la llista de preferencials per a ocupar els [&hellip;]<\/p>\n","protected":false},"author":1,"featured_media":134204,"comment_status":"open","ping_status":"open","sticky":false,"template":"","format":"standard","meta":{"footnotes":""},"categories":[181],"tags":[],"class_list":["post-134240","post","type-post","status-publish","format-standard","has-post-thumbnail","hentry","category-magdalena-2026-vl"],"_links":{"self":[{"href":"https:\/\/sequiol.es\/vl\/wp-json\/wp\/v2\/posts\/134240","targetHints":{"allow":["GET"]}}],"collection":[{"href":"https:\/\/sequiol.es\/vl\/wp-json\/wp\/v2\/posts"}],"about":[{"href":"https:\/\/sequiol.es\/vl\/wp-json\/wp\/v2\/types\/post"}],"author":[{"embeddable":true,"href":"https:\/\/sequiol.es\/vl\/wp-json\/wp\/v2\/users\/1"}],"replies":[{"embeddable":true,"href":"https:\/\/sequiol.es\/vl\/wp-json\/wp\/v2\/comments?post=134240"}],"version-history":[{"count":1,"href":"https:\/\/sequiol.es\/vl\/wp-json\/wp\/v2\/posts\/134240\/revisions"}],"predecessor-version":[{"id":134241,"href":"https:\/\/sequiol.es\/vl\/wp-json\/wp\/v2\/posts\/134240\/revisions\/134241"}],"wp:featuredmedia":[{"embeddable":true,"href":"https:\/\/sequiol.es\/vl\/wp-json\/wp\/v2\/media\/134204"}],"wp:attachment":[{"href":"https:\/\/sequiol.es\/vl\/wp-json\/wp\/v2\/media?parent=134240"}],"wp:term":[{"taxonomy":"category","embeddable":true,"href":"https:\/\/sequiol.es\/vl\/wp-json\/wp\/v2\/categories?post=134240"},{"taxonomy":"post_tag","embeddable":true,"href":"https:\/\/sequiol.es\/vl\/wp-json\/wp\/v2\/tags?post=134240"}],"curies":[{"name":"wp","href":"https:\/\/api.w.org\/{rel}","templated":true}]}}