{"id":133648,"date":"2025-05-03T11:44:20","date_gmt":"2025-05-03T09:44:20","guid":{"rendered":"https:\/\/sequiol.es\/?p=133648"},"modified":"2025-05-23T12:47:50","modified_gmt":"2025-05-23T10:47:50","slug":"el-pregonet-plena-la-ciutat-dalegria-i-musica","status":"publish","type":"post","link":"https:\/\/sequiol.es\/vl\/el-pregonet-plena-la-ciutat-dalegria-i-musica\/","title":{"rendered":"El Pregonet plena la ciutat d&#8217;alegria i m\u00fasica"},"content":{"rendered":"<p><span style=\"font-weight: 400;\">dissabte 3 de maig<\/span><\/p>\n<p><b>El <\/b><b><i>Pregonet<\/i><\/b><b> \u00e9s un dels actes m\u00e9s estimats de les festes en honor a la <\/b><b><i>Mare de D\u00e9u del Lled\u00f3<\/i><\/b><b>, declarades d&#8217;Inter\u00e9s Tur\u00edstic Auton\u00f2mic.<\/b><\/p>\n<p><span style=\"font-weight: 400;\">Un acte, organitzat per la Reial Confraria de la <\/span><i><span style=\"font-weight: 400;\">Mare de D\u00e9u del Lled\u00f3<\/span><\/i><span style=\"font-weight: 400;\">, que estava previst desenvolupar l&#8217;\u00faltim dissabte del mes d&#8217;abril per\u00f2 que, els seus organitzadors, amb molt bon criteri, van decidir posposar a causa de la recent defunci\u00f3 del Papa Francisco. Un ajornament que va implicar algun problema d&#8217;intend\u00e8ncia a l&#8217;hora d&#8217;organitzar l&#8217;esdeveniment.<\/span><\/p>\n<p><span style=\"font-weight: 400;\">El canvi de dates va provocar que no es disposava dels tradicionals bous que arrosseguen la carrossa principal del festeig el que, lluny de desanimar als organitzadors, va suposar un esper\u00f3 m\u00e9s perqu\u00e8 el <\/span><i><span style=\"font-weight: 400;\">Pregonet<\/span><\/i><span style=\"font-weight: 400;\"> fora tot un \u00e8xit de participaci\u00f3, amb prop de dos-cents xiquets i xiquetes, juntament amb un variat elenc d&#8217;agrupacions folkl\u00f2riques; tots ells, amb un \u00fanic objectiu: rendir tribut a la nostra Patrona.<\/span><\/p>\n<p><span style=\"font-weight: 400;\">Va comptar, la desfilada, amb quatre carrosses i cinc carros, on van processionar la Reina de les Festes, Carla Ib\u00e1\u00f1ez, acompanyada de les seues Dames de la Ciutat Infantils. Junt amb elles, una nodrida representaci\u00f3 de <\/span><b><i>Sequiol@s<\/i><\/b><span style=\"font-weight: 400;\"> infantils: Clinton Vicente Sanahuja de la Cruz, \u2060Claudia Garc\u00eda Gozalbo i\u2060 Ainara Salinas Valls, juntament amb la nostra Madrina Infantil, Natalia Esp\u00edn Solano, al capdavant; molt ben escortada per la nostra Madrina, Caludia Llopis i la Presidenta de l&#8217;associaci\u00f3.<\/span><\/p>\n<p><span style=\"font-weight: 400;\">Un <\/span><i><span style=\"font-weight: 400;\">Pregonet<\/span><\/i><span style=\"font-weight: 400;\"> que, partint de la pla\u00e7a Clav\u00e9, va rec\u00f3rrer pels carrers Enmig, Porta del Sol, Gasset, Major i Arxipreste Balaguer, finalitzant al costat de la cocatedral de Santa Mar\u00eda. Els tradicionals <\/span><i><span style=\"font-weight: 400;\">ball dels arets, els nanos i el gegants o els cavallets<\/span><\/i><span style=\"font-weight: 400;\"> del Corpus juntament amb els quatre grups de ball <\/span><i><span style=\"font-weight: 400;\">\u2013Grup Castell\u00f3, El Forcat, Nova Escola i Escola de Dansa Castell\u00f3\u2013<\/span><\/i><span style=\"font-weight: 400;\"> van captar l&#8217;atenci\u00f3 del p\u00fablic, afegint un toc festiu i costumista, van interpretant peces emblem\u00e0tiques del folklore castellonenc, amenitzades pel so del tabal i la dol\u00e7aina.\u00a0<\/span><\/p>\n<p><span style=\"font-weight: 400;\">Entre el nombros\u00edssim p\u00fablic que va acompanyar al <\/span><i><span style=\"font-weight: 400;\">Pregonet,<\/span><\/i><span style=\"font-weight: 400;\"> trobem a l&#8217;Alcaldessa de la Ciutat, acompanyada de les Regidores de Festes i la de Cultura i Educaci\u00f3, gaudint de l&#8217;entusiasme i comprom\u00eds demostrat pels m\u00e9s xicotets amb nostres m\u00e9s arrelades tradicions, participant, activament, en aquest colorista i simb\u00f2lic <\/span><i><span style=\"font-weight: 400;\">Pregonet.<\/span><\/i><\/p>\n<p><span style=\"font-weight: 400;\">En vespra del gran dia en qu\u00e8 la ciutat de Castell\u00f3 es prepara per a viure, amb fervor, el dia gran de les festes patronals en honor a la <\/span><i><span style=\"font-weight: 400;\">Mare de D\u00e9u del Lled\u00f3<\/span><\/i><span style=\"font-weight: 400;\">, la seua patrona. Enguany, la celebraci\u00f3 coincideix amb el 101 aniversari de la Coronaci\u00f3 Pontif\u00edcia i Can\u00f2nica de la Verge i s&#8217;emmarca en\u00a0 el III Any Mari\u00e0 en coincidir la data de la coronaci\u00f3 amb un diumenge.<\/span><\/p>\n<p>&nbsp;<\/p>\n\r\n\t<div class=\"slideshow_container slideshow_container_style-light\" style=\"height: 400px; \" data-slideshow-id=\"133621\" data-style-name=\"style-light\" data-style-version=\"2.3.1\" >\r\n\r\n\t\t\t\t\t<div class=\"slideshow_loading_icon\"><\/div>\r\n\t\t\r\n\t\t<div class=\"slideshow_content\" style=\"display: none;\">\r\n\r\n\t\t\t<div class=\"slideshow_view\">\r\n\t\t\t\t<div class=\"slideshow_slide slideshow_slide_image\">\r\n\t\t\t\t\t\t\t\t\t\t\t<img src=\"https:\/\/sequiol.es\/wp-content\/uploads\/2025\/05\/20250503_pregonet_IMG_7397-scaled.webp\" alt=\"20250503_pregonet_IMG_7397\" width=\"2560\" height=\"1959\" \/>\r\n\t\t\t\t\t\t\t\t\t\t<div class=\"slideshow_description_box slideshow_transparent\">\r\n\t\t\t\t\t\t<div class=\"slideshow_title\">20250503_pregonet_IMG_7397<\/div>\t\t\t\t\t\t\t\t\t\t\t<\/div>\r\n\t\t\t\t<\/div>\r\n\r\n\t\t\t\t\t\t<div style=\"clear: both;\"><\/div><\/div><div class=\"slideshow_view\">\r\n\t\t\t\t<div class=\"slideshow_slide slideshow_slide_image\">\r\n\t\t\t\t\t\t\t\t\t\t\t<img src=\"https:\/\/sequiol.es\/wp-content\/uploads\/2025\/05\/20250503_pregonet_IMG_7388.webp\" alt=\"20250503_pregonet_IMG_7388\" width=\"1620\" height=\"2160\" \/>\r\n\t\t\t\t\t\t\t\t\t\t<div class=\"slideshow_description_box slideshow_transparent\">\r\n\t\t\t\t\t\t<div class=\"slideshow_title\">20250503_pregonet_IMG_7388<\/div>\t\t\t\t\t\t\t\t\t\t\t<\/div>\r\n\t\t\t\t<\/div>\r\n\r\n\t\t\t\t\t\t<div style=\"clear: both;\"><\/div><\/div><div class=\"slideshow_view\">\r\n\t\t\t\t<div class=\"slideshow_slide slideshow_slide_image\">\r\n\t\t\t\t\t\t\t\t\t\t\t<img src=\"https:\/\/sequiol.es\/wp-content\/uploads\/2025\/05\/20250503_pregonet_IMG_7379.webp\" alt=\"20250503_pregonet_IMG_7379\" width=\"1620\" height=\"2160\" \/>\r\n\t\t\t\t\t\t\t\t\t\t<div class=\"slideshow_description_box slideshow_transparent\">\r\n\t\t\t\t\t\t<div class=\"slideshow_title\">20250503_pregonet_IMG_7379<\/div>\t\t\t\t\t\t\t\t\t\t\t<\/div>\r\n\t\t\t\t<\/div>\r\n\r\n\t\t\t\t\t\t<div style=\"clear: both;\"><\/div><\/div><div class=\"slideshow_view\">\r\n\t\t\t\t<div class=\"slideshow_slide slideshow_slide_image\">\r\n\t\t\t\t\t\t\t\t\t\t\t<img src=\"https:\/\/sequiol.es\/wp-content\/uploads\/2025\/05\/20250503_pregonet_IMG_7379-2.webp\" alt=\"20250503_pregonet_IMG_7379 2\" width=\"1620\" height=\"2160\" \/>\r\n\t\t\t\t\t\t\t\t\t\t<div class=\"slideshow_description_box slideshow_transparent\">\r\n\t\t\t\t\t\t<div class=\"slideshow_title\">20250503_pregonet_IMG_7379 2<\/div>\t\t\t\t\t\t\t\t\t\t\t<\/div>\r\n\t\t\t\t<\/div>\r\n\r\n\t\t\t\t\t\t<div style=\"clear: both;\"><\/div><\/div><div class=\"slideshow_view\">\r\n\t\t\t\t<div class=\"slideshow_slide slideshow_slide_image\">\r\n\t\t\t\t\t\t\t\t\t\t\t<img src=\"https:\/\/sequiol.es\/wp-content\/uploads\/2025\/05\/20250503_pregonet_IMG_0958-scaled.webp\" alt=\"20250503_pregonet_IMG_0958\" width=\"2560\" height=\"1920\" \/>\r\n\t\t\t\t\t\t\t\t\t\t<div class=\"slideshow_description_box slideshow_transparent\">\r\n\t\t\t\t\t\t<div class=\"slideshow_title\">20250503_pregonet_IMG_0958<\/div>\t\t\t\t\t\t\t\t\t\t\t<\/div>\r\n\t\t\t\t<\/div>\r\n\r\n\t\t\t\t\t\t<div style=\"clear: both;\"><\/div><\/div><div class=\"slideshow_view\">\r\n\t\t\t\t<div class=\"slideshow_slide slideshow_slide_image\">\r\n\t\t\t\t\t\t\t\t\t\t\t<img src=\"https:\/\/sequiol.es\/wp-content\/uploads\/2025\/05\/20250503_pregonet_IMG_0941.webp\" alt=\"20250503_pregonet_IMG_0941\" width=\"1620\" height=\"2160\" \/>\r\n\t\t\t\t\t\t\t\t\t\t<div class=\"slideshow_description_box slideshow_transparent\">\r\n\t\t\t\t\t\t<div class=\"slideshow_title\">20250503_pregonet_IMG_0941<\/div>\t\t\t\t\t\t\t\t\t\t\t<\/div>\r\n\t\t\t\t<\/div>\r\n\r\n\t\t\t\t\t\t<div style=\"clear: both;\"><\/div><\/div><div class=\"slideshow_view\">\r\n\t\t\t\t<div class=\"slideshow_slide slideshow_slide_image\">\r\n\t\t\t\t\t\t\t\t\t\t\t<img src=\"https:\/\/sequiol.es\/wp-content\/uploads\/2025\/05\/20250503_pregonet_96588441-164b-440d-85c0-0e9f13fe07f1.webp\" alt=\"20250503_pregonet_96588441-164b-440d-85c0-0e9f13fe07f1\" width=\"1217\" height=\"2160\" \/>\r\n\t\t\t\t\t\t\t\t\t\t<div class=\"slideshow_description_box slideshow_transparent\">\r\n\t\t\t\t\t\t<div class=\"slideshow_title\">20250503_pregonet_96588441-164b-440d-85c0-0e9f13fe07f1<\/div>\t\t\t\t\t\t\t\t\t\t\t<\/div>\r\n\t\t\t\t<\/div>\r\n\r\n\t\t\t\t\t\t<div style=\"clear: both;\"><\/div><\/div><div class=\"slideshow_view\">\r\n\t\t\t\t<div class=\"slideshow_slide slideshow_slide_image\">\r\n\t\t\t\t\t\t\t\t\t\t\t<img src=\"https:\/\/sequiol.es\/wp-content\/uploads\/2025\/05\/20250503_pregonet_5CBC22EB-EDCC-4C67-9109-129F03091B71.webp\" alt=\"20250503_pregonet_5CBC22EB-EDCC-4C67-9109-129F03091B71\" width=\"1439\" height=\"2160\" \/>\r\n\t\t\t\t\t\t\t\t\t\t<div class=\"slideshow_description_box slideshow_transparent\">\r\n\t\t\t\t\t\t<div class=\"slideshow_title\">20250503_pregonet_5CBC22EB-EDCC-4C67-9109-129F03091B71<\/div>\t\t\t\t\t\t\t\t\t\t\t<\/div>\r\n\t\t\t\t<\/div>\r\n\r\n\t\t\t\t\t\t<div style=\"clear: both;\"><\/div><\/div>\r\n\t\t<\/div>\r\n\r\n\t\t<div class=\"slideshow_controlPanel slideshow_transparent\" style=\"display: none;\"><ul><li class=\"slideshow_togglePlay\" data-play-text=\"Play\" data-pause-text=\"Pause\"><\/li><\/ul><\/div>\r\n\r\n\t\t<div class=\"slideshow_button slideshow_previous slideshow_transparent\" role=\"button\" data-previous-text=\"Previous\" style=\"display: none;\"><\/div>\r\n\t\t<div class=\"slideshow_button slideshow_next slideshow_transparent\" role=\"button\" data-next-text=\"Next\" style=\"display: none;\"><\/div>\r\n\r\n\t\t<div class=\"slideshow_pagination\" style=\"display: none;\" data-go-to-text=\"Go to slide\"><div class=\"slideshow_pagination_center\"><\/div><\/div>\r\n\r\n\t\t<!-- WordPress Slideshow Version 2.3.1 -->\r\n\r\n\t\t\t<\/div>\r\n\r\n\n","protected":false},"excerpt":{"rendered":"<p>dissabte 3 de maig El Pregonet \u00e9s un dels actes m\u00e9s estimats de les festes en honor a la Mare de D\u00e9u del Lled\u00f3, declarades d&#8217;Inter\u00e9s Tur\u00edstic Auton\u00f2mic. Un acte, organitzat per la Reial Confraria de la Mare de D\u00e9u del Lled\u00f3, que estava previst desenvolupar l&#8217;\u00faltim dissabte del mes d&#8217;abril per\u00f2 que, els seus [&hellip;]<\/p>\n","protected":false},"author":1,"featured_media":133645,"comment_status":"open","ping_status":"open","sticky":false,"template":"","format":"standard","meta":{"footnotes":""},"categories":[177],"tags":[],"class_list":["post-133648","post","type-post","status-publish","format-standard","has-post-thumbnail","hentry","category-magdalena-2025-vl"],"_links":{"self":[{"href":"https:\/\/sequiol.es\/vl\/wp-json\/wp\/v2\/posts\/133648","targetHints":{"allow":["GET"]}}],"collection":[{"href":"https:\/\/sequiol.es\/vl\/wp-json\/wp\/v2\/posts"}],"about":[{"href":"https:\/\/sequiol.es\/vl\/wp-json\/wp\/v2\/types\/post"}],"author":[{"embeddable":true,"href":"https:\/\/sequiol.es\/vl\/wp-json\/wp\/v2\/users\/1"}],"replies":[{"embeddable":true,"href":"https:\/\/sequiol.es\/vl\/wp-json\/wp\/v2\/comments?post=133648"}],"version-history":[{"count":1,"href":"https:\/\/sequiol.es\/vl\/wp-json\/wp\/v2\/posts\/133648\/revisions"}],"predecessor-version":[{"id":133649,"href":"https:\/\/sequiol.es\/vl\/wp-json\/wp\/v2\/posts\/133648\/revisions\/133649"}],"wp:featuredmedia":[{"embeddable":true,"href":"https:\/\/sequiol.es\/vl\/wp-json\/wp\/v2\/media\/133645"}],"wp:attachment":[{"href":"https:\/\/sequiol.es\/vl\/wp-json\/wp\/v2\/media?parent=133648"}],"wp:term":[{"taxonomy":"category","embeddable":true,"href":"https:\/\/sequiol.es\/vl\/wp-json\/wp\/v2\/categories?post=133648"},{"taxonomy":"post_tag","embeddable":true,"href":"https:\/\/sequiol.es\/vl\/wp-json\/wp\/v2\/tags?post=133648"}],"curies":[{"name":"wp","href":"https:\/\/api.w.org\/{rel}","templated":true}]}}