{"id":133619,"date":"2025-05-03T12:36:14","date_gmt":"2025-05-03T10:36:14","guid":{"rendered":"https:\/\/sequiol.es\/?p=133619"},"modified":"2025-05-23T12:39:58","modified_gmt":"2025-05-23T10:39:58","slug":"la-festa-de-la-rosa-ompli-maig-de-serenates-i-tradicio","status":"publish","type":"post","link":"https:\/\/sequiol.es\/vl\/la-festa-de-la-rosa-ompli-maig-de-serenates-i-tradicio\/","title":{"rendered":"La Festa de la Rosa ompli maig de serenates i tradici\u00f3"},"content":{"rendered":"<p><em><span style=\"font-weight: 400;\">Castell\u00f3, 3 de maig de 2025<\/span><\/em><\/p>\n<p><span style=\"font-weight: 400;\">La <\/span><i><span style=\"font-weight: 400;\">Festa de la Rosa<\/span><\/i><span style=\"font-weight: 400;\"> va ser instaurada en 1928, quan des de l&#8217;Ajuntament es va decidir integrar el costum d&#8217;eixir a rondar a les dones, els dissabtes del mes de maig, dins de les celebracions en honor a la Mare de D\u00e9u del Lled\u00f3, en el qual tots els grup havien d&#8217;iniciar les seues serenates sota el balc\u00f3 de l&#8217;Ajuntament. \u00c9s, doncs, quasi centen\u00e0ria. Concretament, en aquesta edici\u00f3, es complia la noranta setena edici\u00f3.<\/span><\/p>\n<p><span style=\"font-weight: 400;\">En aquesta edici\u00f3, onze van ser els grups participants que van omplir la pla\u00e7a Major amb m\u00fasica de serenata en honor a la dona castellonera. Sobre un espectacular escenari, enfront de la fa\u00e7ana de la casa consistorial, dividit en dues parts esc\u00e8niques amb la finalitat d&#8217;agilitzar l&#8217;esdeveniment, de manera que mentre un dels grups actuava, l&#8217;altre es preparava per a prendre el relleu, sense soluci\u00f3 de continu\u00eftat.<\/span><\/p>\n<p><span style=\"font-weight: 400;\">Enguany\u00a0van actuar els grups: <\/span><i><span style=\"font-weight: 400;\">Els de la Fileta, Kabocaf\u00e9, la rondalla Vora Sequia, les Estudiantines de Dret i de Magisteri, la rondalla Tombatossals, Acmc Castell\u00f3, Rosa de Maig, Jacaranda, Grills de la Nit <\/span><\/i><span style=\"font-weight: 400;\">i <\/span><i><span style=\"font-weight: 400;\">Nost\u00e0lgia<\/span><\/i><span style=\"font-weight: 400;\">, -aquest \u00faltim, debutant en la <\/span><i><span style=\"font-weight: 400;\">Festa de la Rosa<\/span><\/i><span style=\"font-weight: 400;\">-, que van anar interpretant les seues mel\u00f2diques can\u00e7ons, d&#8217;acord amb el gui\u00f3 que anava marcant la presentadora de l&#8217;acte, Carmen Molina \u2013 Reina de les Festes entre 2020 i 2022-.<\/span><\/p>\n<p><span style=\"font-weight: 400;\">Una pla\u00e7a Major abarrotada de gent, va gaudir de les diferents interpretacions dels grups. Presidint l&#8217;acte la primera autoritat municipal, abrigallada per un bon nombre de companys de la corporaci\u00f3. I amb ells, la nodrida representaci\u00f3 de la <\/span><i><span style=\"font-weight: 400;\">Federaci\u00f3 de la Gestora de Gaiates<\/span><\/i><span style=\"font-weight: 400;\">, conformada pels m\u00e0xims representants de les comissions de sector. I del <\/span><b><i>Sequiol<\/i><\/b><span style=\"font-weight: 400;\">, les nostres flamants <\/span><b>Madrines<\/b><span style=\"font-weight: 400;\">, <\/span><b>Natalia Esp\u00edn<\/b><span style=\"font-weight: 400;\"> i <\/span><b>Claudia Llopis<\/b><span style=\"font-weight: 400;\">, acompanyades de la Presidenta de l&#8217;associaci\u00f3, <\/span><b>Elisabeth Breva<\/b><span style=\"font-weight: 400;\">, van gaudir, d&#8217;all\u00f2 m\u00e9s, d&#8217;una agradable i rom\u00e0ntica vetlada.<\/span><\/p>\n<p><span style=\"font-weight: 400;\">Els presents, van ser complimentats amb les m\u00e9s de nou-centes roses roges, amb les seues corresponents cintes i ins\u00edgnies commemoratives de l&#8217;acte que, membres de la <\/span><i><span style=\"font-weight: 400;\">Junta de Festes<\/span><\/i><span style=\"font-weight: 400;\">, van repartir.<\/span><\/p>\n<p><span style=\"font-weight: 400;\">Finalitzat l&#8217;acte, l&#8217;<\/span><i><span style=\"font-weight: 400;\">Estudiantina de Magisteri<\/span><\/i><span style=\"font-weight: 400;\">, va voler dedicar una de les seues primeres rondes a totes les Madrines de les diferents <\/span><i><span style=\"font-weight: 400;\">Gaiates<\/span><\/i><span style=\"font-weight: 400;\">, all\u00ed presents, entre les quals la representant del <\/span><i><span style=\"font-weight: 400;\">Sequiol,<\/span><\/i><span style=\"font-weight: 400;\"> Claudia Llopis, no va dubtar, ni un sol instant, a acceptar la seua invitaci\u00f3 per a marcar-se uns estupends passos de ball.<\/span><\/p>\n<p><span style=\"font-weight: 400;\">El programa de serenates de Maig, a Castell\u00f3, es donava per inaugurat i continuar\u00e0 amb diverses cites al llarg del mes. Aix\u00ed, el dissabte 10, la rondalla <\/span><i><span style=\"font-weight: 400;\">Tombatossals<\/span><\/i><span style=\"font-weight: 400;\">, obrir\u00e0 la nit en els Quatre Cantons i <\/span><i><span style=\"font-weight: 400;\">Els de la Fileta<\/span><\/i><span style=\"font-weight: 400;\">, continuaran en la pla\u00e7a del Real.\u00a0 I,tancaran la ronda, l&#8217;<\/span><i><span style=\"font-weight: 400;\">Estudiantina de Magisteri<\/span><\/i><span style=\"font-weight: 400;\">, en la pla\u00e7a de la Pau.\u00a0<\/span><\/p>\n<p><span style=\"font-weight: 400;\">Per al dissabte 17, est\u00e0 previst l&#8217;actuaci\u00f3 del <\/span><i><span style=\"font-weight: 400;\">Centre Aragon\u00e9s<\/span><\/i><span style=\"font-weight: 400;\"> en els Quatre Cantons i <\/span><i><span style=\"font-weight: 400;\">Rosa de Maig<\/span><\/i><span style=\"font-weight: 400;\">, en la pla\u00e7a de la Pau. I, per a tancar, el dissabte 24, ser\u00e0 el torn de <\/span><i><span style=\"font-weight: 400;\">Grills de la Nit<\/span><\/i><span style=\"font-weight: 400;\"> en els Quatre Cantons i la rondalla <\/span><i><span style=\"font-weight: 400;\">Vora Sequia,<\/span><\/i><span style=\"font-weight: 400;\"> en pla\u00e7a de la Pau.<\/span><\/p>\n<p><span style=\"font-weight: 400;\">Amb cam\u00ed ferm, la <\/span><i><span style=\"font-weight: 400;\">Festa de la Rosa<\/span><\/i><span style=\"font-weight: 400;\">, s&#8217;encamina al seu centenari, i&#8230; qui sap si ja declarada b\u00e9 d&#8217;inter\u00e9s cultural?<\/span><\/p>\n<p>&nbsp;<\/p>\n\r\n\t<div class=\"slideshow_container slideshow_container_style-light\" style=\"height: 400px; \" data-slideshow-id=\"133604\" data-style-name=\"style-light\" data-style-version=\"2.3.1\" >\r\n\r\n\t\t\t\t\t<div class=\"slideshow_loading_icon\"><\/div>\r\n\t\t\r\n\t\t<div class=\"slideshow_content\" style=\"display: none;\">\r\n\r\n\t\t\t<div class=\"slideshow_view\">\r\n\t\t\t\t<div class=\"slideshow_slide slideshow_slide_image\">\r\n\t\t\t\t\t\t\t\t\t\t\t<img src=\"https:\/\/sequiol.es\/wp-content\/uploads\/2025\/05\/20250503_festa_rosa_IMG_7625.webp\" alt=\"20250503_festa_rosa_IMG_7625\" width=\"1728\" height=\"2160\" \/>\r\n\t\t\t\t\t\t\t\t\t\t<div class=\"slideshow_description_box slideshow_transparent\">\r\n\t\t\t\t\t\t<div class=\"slideshow_title\">20250503_festa_rosa_IMG_7625<\/div>\t\t\t\t\t\t\t\t\t\t\t<\/div>\r\n\t\t\t\t<\/div>\r\n\r\n\t\t\t\t\t\t<div style=\"clear: both;\"><\/div><\/div><div class=\"slideshow_view\">\r\n\t\t\t\t<div class=\"slideshow_slide slideshow_slide_image\">\r\n\t\t\t\t\t\t\t\t\t\t\t<img src=\"https:\/\/sequiol.es\/wp-content\/uploads\/2025\/05\/20250503_festa_rosa_IMG_0973-scaled.webp\" alt=\"20250503_festa_rosa_IMG_0973\" width=\"2560\" height=\"1661\" \/>\r\n\t\t\t\t\t\t\t\t\t\t<div class=\"slideshow_description_box slideshow_transparent\">\r\n\t\t\t\t\t\t<div class=\"slideshow_title\">20250503_festa_rosa_IMG_0973<\/div>\t\t\t\t\t\t\t\t\t\t\t<\/div>\r\n\t\t\t\t<\/div>\r\n\r\n\t\t\t\t\t\t<div style=\"clear: both;\"><\/div><\/div><div class=\"slideshow_view\">\r\n\t\t\t\t<div class=\"slideshow_slide slideshow_slide_image\">\r\n\t\t\t\t\t\t\t\t\t\t\t<img src=\"https:\/\/sequiol.es\/wp-content\/uploads\/2025\/05\/20250503_festa_rosa_IMG_0960-scaled.webp\" alt=\"20250503_festa_rosa_IMG_0960\" width=\"2560\" height=\"1920\" \/>\r\n\t\t\t\t\t\t\t\t\t\t<div class=\"slideshow_description_box slideshow_transparent\">\r\n\t\t\t\t\t\t<div class=\"slideshow_title\">20250503_festa_rosa_IMG_0960<\/div>\t\t\t\t\t\t\t\t\t\t\t<\/div>\r\n\t\t\t\t<\/div>\r\n\r\n\t\t\t\t\t\t<div style=\"clear: both;\"><\/div><\/div><div class=\"slideshow_view\">\r\n\t\t\t\t<div class=\"slideshow_slide slideshow_slide_image\">\r\n\t\t\t\t\t\t\t\t\t\t\t<img src=\"https:\/\/sequiol.es\/wp-content\/uploads\/2025\/05\/20250503_festa_rosa_c87aa826-225a-4458-8297-d81499b7a5d1.webp\" alt=\"20250503_festa_rosa_c87aa826-225a-4458-8297-d81499b7a5d1\" width=\"1216\" height=\"2160\" \/>\r\n\t\t\t\t\t\t\t\t\t\t<div class=\"slideshow_description_box slideshow_transparent\">\r\n\t\t\t\t\t\t<div class=\"slideshow_title\">20250503_festa_rosa_c87aa826-225a-4458-8297-d81499b7a5d1<\/div>\t\t\t\t\t\t\t\t\t\t\t<\/div>\r\n\t\t\t\t<\/div>\r\n\r\n\t\t\t\t\t\t<div style=\"clear: both;\"><\/div><\/div>\r\n\t\t<\/div>\r\n\r\n\t\t<div class=\"slideshow_controlPanel slideshow_transparent\" style=\"display: none;\"><ul><li class=\"slideshow_togglePlay\" data-play-text=\"Play\" data-pause-text=\"Pause\"><\/li><\/ul><\/div>\r\n\r\n\t\t<div class=\"slideshow_button slideshow_previous slideshow_transparent\" role=\"button\" data-previous-text=\"Previous\" style=\"display: none;\"><\/div>\r\n\t\t<div class=\"slideshow_button slideshow_next slideshow_transparent\" role=\"button\" data-next-text=\"Next\" style=\"display: none;\"><\/div>\r\n\r\n\t\t<div class=\"slideshow_pagination\" style=\"display: none;\" data-go-to-text=\"Go to slide\"><div class=\"slideshow_pagination_center\"><\/div><\/div>\r\n\r\n\t\t<!-- WordPress Slideshow Version 2.3.1 -->\r\n\r\n\t\t\t<\/div>\r\n\r\n\n","protected":false},"excerpt":{"rendered":"<p>Castell\u00f3, 3 de maig de 2025 La Festa de la Rosa va ser instaurada en 1928, quan des de l&#8217;Ajuntament es va decidir integrar el costum d&#8217;eixir a rondar a les dones, els dissabtes del mes de maig, dins de les celebracions en honor a la Mare de D\u00e9u del Lled\u00f3, en el qual tots [&hellip;]<\/p>\n","protected":false},"author":1,"featured_media":133616,"comment_status":"open","ping_status":"open","sticky":false,"template":"","format":"standard","meta":{"footnotes":""},"categories":[177],"tags":[],"class_list":["post-133619","post","type-post","status-publish","format-standard","has-post-thumbnail","hentry","category-magdalena-2025-vl"],"_links":{"self":[{"href":"https:\/\/sequiol.es\/vl\/wp-json\/wp\/v2\/posts\/133619","targetHints":{"allow":["GET"]}}],"collection":[{"href":"https:\/\/sequiol.es\/vl\/wp-json\/wp\/v2\/posts"}],"about":[{"href":"https:\/\/sequiol.es\/vl\/wp-json\/wp\/v2\/types\/post"}],"author":[{"embeddable":true,"href":"https:\/\/sequiol.es\/vl\/wp-json\/wp\/v2\/users\/1"}],"replies":[{"embeddable":true,"href":"https:\/\/sequiol.es\/vl\/wp-json\/wp\/v2\/comments?post=133619"}],"version-history":[{"count":1,"href":"https:\/\/sequiol.es\/vl\/wp-json\/wp\/v2\/posts\/133619\/revisions"}],"predecessor-version":[{"id":133620,"href":"https:\/\/sequiol.es\/vl\/wp-json\/wp\/v2\/posts\/133619\/revisions\/133620"}],"wp:featuredmedia":[{"embeddable":true,"href":"https:\/\/sequiol.es\/vl\/wp-json\/wp\/v2\/media\/133616"}],"wp:attachment":[{"href":"https:\/\/sequiol.es\/vl\/wp-json\/wp\/v2\/media?parent=133619"}],"wp:term":[{"taxonomy":"category","embeddable":true,"href":"https:\/\/sequiol.es\/vl\/wp-json\/wp\/v2\/categories?post=133619"},{"taxonomy":"post_tag","embeddable":true,"href":"https:\/\/sequiol.es\/vl\/wp-json\/wp\/v2\/tags?post=133619"}],"curies":[{"name":"wp","href":"https:\/\/api.w.org\/{rel}","templated":true}]}}