{"id":130912,"date":"2024-12-14T21:01:56","date_gmt":"2024-12-14T20:01:56","guid":{"rendered":"https:\/\/sequiol.es\/?p=130912"},"modified":"2024-12-19T21:03:20","modified_gmt":"2024-12-19T20:03:20","slug":"carter-reial","status":"publish","type":"post","link":"https:\/\/sequiol.es\/vl\/carter-reial\/","title":{"rendered":"Carter Reial"},"content":{"rendered":"<p><span style=\"font-weight: 400;\">El passat dissabte 14 de desembre, pel mat\u00ed, la nostra Madrina Infantil, Natalia, va tindre l&#8217;honor d&#8217;assistir a un esdeveniment molt especial a la Pla\u00e7a Major de Castell\u00f3. All\u00ed es va celebrar la tradicional entrega de la carta de Nadal al Carter Reial dels Reis Mags, un acte ple d&#8217;emoci\u00f3 i m\u00e0gia que marca l&#8217;inici de les festivitats nadalenques.<\/span><\/p>\n<p><span style=\"font-weight: 400;\">Natalia, amb la seua il\u00b7lusi\u00f3 i alegria, va viure en primera persona l&#8217;emoci\u00f3 d&#8217;este moment m\u00e0gic, sentint el veritable esperit de la Nadal. Rodejada d&#8217;un ambient festiu i carregat d&#8217;expectatives, la nostra Madrina Infantil va gaudir de l&#8217;experi\u00e8ncia i va compartir la seua alegria amb totsi totes les representants, que tamb\u00e9 esperaven amb entusiasme l&#8217;arribada del Carter Reial. Sens dubte, va ser un mat\u00ed inoblidable, ple de somriures i emocions que quedaran en el seu record com una de les experi\u00e8ncies m\u00e9s especials d&#8217;este Nadal.<\/span><\/p>\n<p>&nbsp;<\/p>\n\r\n\t<div class=\"slideshow_container slideshow_container_style-light\" style=\"height: 400px; \" data-slideshow-id=\"130897\" data-style-name=\"style-light\" data-style-version=\"2.3.1\" >\r\n\r\n\t\t\t\t\t<div class=\"slideshow_loading_icon\"><\/div>\r\n\t\t\r\n\t\t<div class=\"slideshow_content\" style=\"display: none;\">\r\n\r\n\t\t\t<div class=\"slideshow_view\">\r\n\t\t\t\t<div class=\"slideshow_slide slideshow_slide_image\">\r\n\t\t\t\t\t\t\t\t\t\t\t<img src=\"https:\/\/sequiol.es\/wp-content\/uploads\/2024\/12\/IMG_5959.webp\" alt=\"IMG_5959\" width=\"1440\" height=\"2160\" \/>\r\n\t\t\t\t\t\t\t\t\t\t<div class=\"slideshow_description_box slideshow_transparent\">\r\n\t\t\t\t\t\t<div class=\"slideshow_title\">IMG_5959<\/div>\t\t\t\t\t\t\t\t\t\t\t<\/div>\r\n\t\t\t\t<\/div>\r\n\r\n\t\t\t\t\t\t<div style=\"clear: both;\"><\/div><\/div><div class=\"slideshow_view\">\r\n\t\t\t\t<div class=\"slideshow_slide slideshow_slide_image\">\r\n\t\t\t\t\t\t\t\t\t\t\t<img src=\"https:\/\/sequiol.es\/wp-content\/uploads\/2024\/12\/IMG_5957.webp\" alt=\"IMG_5957\" width=\"1440\" height=\"2160\" \/>\r\n\t\t\t\t\t\t\t\t\t\t<div class=\"slideshow_description_box slideshow_transparent\">\r\n\t\t\t\t\t\t<div class=\"slideshow_title\">IMG_5957<\/div>\t\t\t\t\t\t\t\t\t\t\t<\/div>\r\n\t\t\t\t<\/div>\r\n\r\n\t\t\t\t\t\t<div style=\"clear: both;\"><\/div><\/div><div class=\"slideshow_view\">\r\n\t\t\t\t<div class=\"slideshow_slide slideshow_slide_image\">\r\n\t\t\t\t\t\t\t\t\t\t\t<img src=\"https:\/\/sequiol.es\/wp-content\/uploads\/2024\/12\/IMG_5941-scaled.webp\" alt=\"IMG_5941\" width=\"2560\" height=\"1707\" \/>\r\n\t\t\t\t\t\t\t\t\t\t<div class=\"slideshow_description_box slideshow_transparent\">\r\n\t\t\t\t\t\t<div class=\"slideshow_title\">IMG_5941<\/div>\t\t\t\t\t\t\t\t\t\t\t<\/div>\r\n\t\t\t\t<\/div>\r\n\r\n\t\t\t\t\t\t<div style=\"clear: both;\"><\/div><\/div><div class=\"slideshow_view\">\r\n\t\t\t\t<div class=\"slideshow_slide slideshow_slide_image\">\r\n\t\t\t\t\t\t\t\t\t\t\t<img src=\"https:\/\/sequiol.es\/wp-content\/uploads\/2024\/12\/IMG_5934-scaled.webp\" alt=\"IMG_5934\" width=\"2560\" height=\"1707\" \/>\r\n\t\t\t\t\t\t\t\t\t\t<div class=\"slideshow_description_box slideshow_transparent\">\r\n\t\t\t\t\t\t<div class=\"slideshow_title\">IMG_5934<\/div>\t\t\t\t\t\t\t\t\t\t\t<\/div>\r\n\t\t\t\t<\/div>\r\n\r\n\t\t\t\t\t\t<div style=\"clear: both;\"><\/div><\/div>\r\n\t\t<\/div>\r\n\r\n\t\t<div class=\"slideshow_controlPanel slideshow_transparent\" style=\"display: none;\"><ul><li class=\"slideshow_togglePlay\" data-play-text=\"Play\" data-pause-text=\"Pause\"><\/li><\/ul><\/div>\r\n\r\n\t\t<div class=\"slideshow_button slideshow_previous slideshow_transparent\" role=\"button\" data-previous-text=\"Previous\" style=\"display: none;\"><\/div>\r\n\t\t<div class=\"slideshow_button slideshow_next slideshow_transparent\" role=\"button\" data-next-text=\"Next\" style=\"display: none;\"><\/div>\r\n\r\n\t\t<div class=\"slideshow_pagination\" style=\"display: none;\" data-go-to-text=\"Go to slide\"><div class=\"slideshow_pagination_center\"><\/div><\/div>\r\n\r\n\t\t<!-- WordPress Slideshow Version 2.3.1 -->\r\n\r\n\t\t\t<\/div>\r\n\r\n\n","protected":false},"excerpt":{"rendered":"<p>El passat dissabte 14 de desembre, pel mat\u00ed, la nostra Madrina Infantil, Natalia, va tindre l&#8217;honor d&#8217;assistir a un esdeveniment molt especial a la Pla\u00e7a Major de Castell\u00f3. All\u00ed es va celebrar la tradicional entrega de la carta de Nadal al Carter Reial dels Reis Mags, un acte ple d&#8217;emoci\u00f3 i m\u00e0gia que marca l&#8217;inici [&hellip;]<\/p>\n","protected":false},"author":1,"featured_media":130900,"comment_status":"open","ping_status":"open","sticky":false,"template":"","format":"standard","meta":{"footnotes":""},"categories":[177],"tags":[],"class_list":["post-130912","post","type-post","status-publish","format-standard","has-post-thumbnail","hentry","category-magdalena-2025-vl"],"_links":{"self":[{"href":"https:\/\/sequiol.es\/vl\/wp-json\/wp\/v2\/posts\/130912","targetHints":{"allow":["GET"]}}],"collection":[{"href":"https:\/\/sequiol.es\/vl\/wp-json\/wp\/v2\/posts"}],"about":[{"href":"https:\/\/sequiol.es\/vl\/wp-json\/wp\/v2\/types\/post"}],"author":[{"embeddable":true,"href":"https:\/\/sequiol.es\/vl\/wp-json\/wp\/v2\/users\/1"}],"replies":[{"embeddable":true,"href":"https:\/\/sequiol.es\/vl\/wp-json\/wp\/v2\/comments?post=130912"}],"version-history":[{"count":1,"href":"https:\/\/sequiol.es\/vl\/wp-json\/wp\/v2\/posts\/130912\/revisions"}],"predecessor-version":[{"id":130913,"href":"https:\/\/sequiol.es\/vl\/wp-json\/wp\/v2\/posts\/130912\/revisions\/130913"}],"wp:featuredmedia":[{"embeddable":true,"href":"https:\/\/sequiol.es\/vl\/wp-json\/wp\/v2\/media\/130900"}],"wp:attachment":[{"href":"https:\/\/sequiol.es\/vl\/wp-json\/wp\/v2\/media?parent=130912"}],"wp:term":[{"taxonomy":"category","embeddable":true,"href":"https:\/\/sequiol.es\/vl\/wp-json\/wp\/v2\/categories?post=130912"},{"taxonomy":"post_tag","embeddable":true,"href":"https:\/\/sequiol.es\/vl\/wp-json\/wp\/v2\/tags?post=130912"}],"curies":[{"name":"wp","href":"https:\/\/api.w.org\/{rel}","templated":true}]}}