{"id":12795,"date":"2015-06-20T10:27:22","date_gmt":"2015-06-20T08:27:22","guid":{"rendered":"http:\/\/sequiol.es\/vl\/?p=12795"},"modified":"2015-08-23T10:28:53","modified_gmt":"2015-08-23T08:28:53","slug":"presentacio-reinas-de-les-festes-del-grau","status":"publish","type":"post","link":"https:\/\/sequiol.es\/vl\/presentacio-reinas-de-les-festes-del-grau\/","title":{"rendered":"Presentaci\u00f3 Reinas de les festes del Grau"},"content":{"rendered":"<p>Arriba el moment de l&#8217;arrencada festiu de Sant Pere 2015, les festes marineres de Castell\u00f3, va arribar el moment de realitzar l&#8217;acte de Presentaci\u00f3 de les reines Nerea i Paula, del president infantil I\u00f1aki, de les dames i resta de comissi\u00f3, presidida per un amant de les festes i tradicions, com \u00e9s Juan Antonio Tirado. La nit del dissabte 13 de juny, a l&#8217;esplanada del port Azahar, estava previst que es realitz\u00e9s l&#8217;acte, per\u00f2 per imperatiu meteorol\u00f2gic, va haver de suspendre, una forta tromba d&#8217;aigua va fer que en el lloc i data previst no pogu\u00e9s al\u00e7ar-se el tel\u00f3 de les festes 2015 del Grau de Castell\u00f3. No obstant aix\u00f2, com cada any, una nodrida representaci\u00f3 de la Gaiata 15 Sequiol, es va acostar al districte mar\u00edtim per presenciar l&#8217;acte, un acte que no va tenir lloc, per\u00f2 el que si que es va realitzar va ser el sopar pr\u00e8via al Grau de Castell\u00f3. I l&#8217;acte es va traslladar al divendres dia 19 de juny, on aquest cop si es va poder realitzar, en una nit t\u00edpica estiuenca amb calor ambiental i festiu i que va comptar aquesta vegada amb la pres\u00e8ncia de la nostra Padrina a la qual acompanyaria en aquesta ocasi\u00f3 Carlos Mon qui van ser testimonis d&#8217;un acte amb sabor mariner, on es van repassar diferents facetes de la vida quotidiana del Grau i de les seves festes, amb record especial i emocional al que fos el seu president a principis dels anys 2000, Manuel Reyes, tristament desaparegut fa poques dates. Des d&#8217;aquestes l\u00ednies, aprofitem l&#8217;ocasi\u00f3, per desitjar als amic de la gaiata 12 i alhora comissi\u00f3 de les festes de Sant Pere, unes festes 2015 plenes d&#8217;\u00e8xits, enhorabona i felicitats.<\/p>\n<div id=\"id\" class=\"galeria-diapositivas\">\r\n\t<div class=\"slideshow_container slideshow_container_style-light\" style=\"height: 400px; \" data-slideshow-id=\"12260\" data-style-name=\"style-light\" data-style-version=\"2.3.1\" >\r\n\r\n\t\t\t\t\t<div class=\"slideshow_loading_icon\"><\/div>\r\n\t\t\r\n\t\t<div class=\"slideshow_content\" style=\"display: none;\">\r\n\r\n\t\t\t<div class=\"slideshow_view\">\r\n\t\t\t\t<div class=\"slideshow_slide slideshow_slide_image\">\r\n\t\t\t\t\t\t\t\t\t\t\t<img src=\"https:\/\/sequiol.es\/wp-content\/uploads\/2015\/07\/150619-presentacion-grao_474.jpg\" alt=\"150619-presentacion-grao_474\" width=\"886\" height=\"591\" \/>\r\n\t\t\t\t\t\t\t\t\t\t<div class=\"slideshow_description_box slideshow_transparent\">\r\n\t\t\t\t\t\t<div class=\"slideshow_title\">150619-presentacion-grao_474<\/div>\t\t\t\t\t\t\t\t\t\t\t<\/div>\r\n\t\t\t\t<\/div>\r\n\r\n\t\t\t\t\t\t<div style=\"clear: both;\"><\/div><\/div><div class=\"slideshow_view\">\r\n\t\t\t\t<div class=\"slideshow_slide slideshow_slide_image\">\r\n\t\t\t\t\t\t\t\t\t\t\t<img src=\"https:\/\/sequiol.es\/wp-content\/uploads\/2015\/07\/150619-presentacion-grao_185.jpg\" alt=\"150619-presentacion-grao_185\" width=\"591\" height=\"886\" \/>\r\n\t\t\t\t\t\t\t\t\t\t<div class=\"slideshow_description_box slideshow_transparent\">\r\n\t\t\t\t\t\t<div class=\"slideshow_title\">150619-presentacion-grao_185<\/div>\t\t\t\t\t\t\t\t\t\t\t<\/div>\r\n\t\t\t\t<\/div>\r\n\r\n\t\t\t\t\t\t<div style=\"clear: both;\"><\/div><\/div><div class=\"slideshow_view\">\r\n\t\t\t\t<div class=\"slideshow_slide slideshow_slide_image\">\r\n\t\t\t\t\t\t\t\t\t\t\t<img src=\"https:\/\/sequiol.es\/wp-content\/uploads\/2015\/07\/150619-presentacion-grao_55.jpg\" alt=\"150619-presentacion-grao_55\" width=\"591\" height=\"886\" \/>\r\n\t\t\t\t\t\t\t\t\t\t<div class=\"slideshow_description_box slideshow_transparent\">\r\n\t\t\t\t\t\t<div class=\"slideshow_title\">150619-presentacion-grao_55<\/div>\t\t\t\t\t\t\t\t\t\t\t<\/div>\r\n\t\t\t\t<\/div>\r\n\r\n\t\t\t\t\t\t<div style=\"clear: both;\"><\/div><\/div>\r\n\t\t<\/div>\r\n\r\n\t\t<div class=\"slideshow_controlPanel slideshow_transparent\" style=\"display: none;\"><ul><li class=\"slideshow_togglePlay\" data-play-text=\"Play\" data-pause-text=\"Pause\"><\/li><\/ul><\/div>\r\n\r\n\t\t<div class=\"slideshow_button slideshow_previous slideshow_transparent\" role=\"button\" data-previous-text=\"Previous\" style=\"display: none;\"><\/div>\r\n\t\t<div class=\"slideshow_button slideshow_next slideshow_transparent\" role=\"button\" data-next-text=\"Next\" style=\"display: none;\"><\/div>\r\n\r\n\t\t<div class=\"slideshow_pagination\" style=\"display: none;\" data-go-to-text=\"Go to slide\"><div class=\"slideshow_pagination_center\"><\/div><\/div>\r\n\r\n\t\t<!-- WordPress Slideshow Version 2.3.1 -->\r\n\r\n\t\t\t<\/div>\r\n\r\n<\/div>\n<p style=\"text-align: center;\"><small>Fotos cortesia de <a title=\"Ediciones Digitales Muphy\" href=\"http:\/\/edimuphy.com\" target=\"_blank\">Ediciones Digitales Muphy<\/a><\/small><\/p>\n","protected":false},"excerpt":{"rendered":"<p>Arriba el moment de l&#8217;arrencada festiu de Sant Pere 2015, les festes marineres de Castell\u00f3, va arribar el moment de realitzar l&#8217;acte de Presentaci\u00f3 de les reines Nerea i Paula, del president infantil I\u00f1aki, de les dames i resta de comissi\u00f3, presidida per un amant de les festes i tradicions, com \u00e9s Juan Antonio Tirado. [&hellip;]<\/p>\n","protected":false},"author":1,"featured_media":12266,"comment_status":"open","ping_status":"open","sticky":false,"template":"","format":"standard","meta":{"footnotes":""},"categories":[28],"tags":[],"class_list":["post-12795","post","type-post","status-publish","format-standard","has-post-thumbnail","hentry","category-magdalena-2015-vl"],"_links":{"self":[{"href":"https:\/\/sequiol.es\/vl\/wp-json\/wp\/v2\/posts\/12795","targetHints":{"allow":["GET"]}}],"collection":[{"href":"https:\/\/sequiol.es\/vl\/wp-json\/wp\/v2\/posts"}],"about":[{"href":"https:\/\/sequiol.es\/vl\/wp-json\/wp\/v2\/types\/post"}],"author":[{"embeddable":true,"href":"https:\/\/sequiol.es\/vl\/wp-json\/wp\/v2\/users\/1"}],"replies":[{"embeddable":true,"href":"https:\/\/sequiol.es\/vl\/wp-json\/wp\/v2\/comments?post=12795"}],"version-history":[{"count":1,"href":"https:\/\/sequiol.es\/vl\/wp-json\/wp\/v2\/posts\/12795\/revisions"}],"predecessor-version":[{"id":12796,"href":"https:\/\/sequiol.es\/vl\/wp-json\/wp\/v2\/posts\/12795\/revisions\/12796"}],"wp:featuredmedia":[{"embeddable":true,"href":"https:\/\/sequiol.es\/vl\/wp-json\/wp\/v2\/media\/12266"}],"wp:attachment":[{"href":"https:\/\/sequiol.es\/vl\/wp-json\/wp\/v2\/media?parent=12795"}],"wp:term":[{"taxonomy":"category","embeddable":true,"href":"https:\/\/sequiol.es\/vl\/wp-json\/wp\/v2\/categories?post=12795"},{"taxonomy":"post_tag","embeddable":true,"href":"https:\/\/sequiol.es\/vl\/wp-json\/wp\/v2\/tags?post=12795"}],"curies":[{"name":"wp","href":"https:\/\/api.w.org\/{rel}","templated":true}]}}