{"id":127029,"date":"2024-06-16T23:34:41","date_gmt":"2024-06-16T21:34:41","guid":{"rendered":"https:\/\/sequiol.es\/?p=127029"},"modified":"2024-08-07T20:09:52","modified_gmt":"2024-08-07T18:09:52","slug":"presentacio-regines-i-cort-dhonor-festes-de-sant-pere-2024","status":"publish","type":"post","link":"https:\/\/sequiol.es\/vl\/presentacio-regines-i-cort-dhonor-festes-de-sant-pere-2024\/","title":{"rendered":"PRESENTACI\u00d3 REGINES I CORT D&#8217;HONOR FESTES DE SANT PERE 2024"},"content":{"rendered":"<p>El mes de juny a Castell\u00f3, especialment al &#8216;poble del Grau&#8217; \u00e9s sin\u00f2nim de Marineria, de grauers i graures, de Sant Pere i de Festa.<br \/>\n\u00c9s el moment de rendir homenatge al Patr\u00f3 dels mariners i per tant a tot el districte mar\u00edtim del Grau de Castell\u00f3.<\/p>\n<p>Com a pre\u00e0mbul d&#8217;aquestes entranyables dates, el m\u00f3n de la Festa es reunia a prop del mar per celebrar l&#8217;acte de presentaci\u00f3 de les Reines de les Festes de Sant Pere de l&#8217;any 2024, la senyoreta Clara Museros i la xiqueta Anaraida Gim\u00e9nez, que, a la seva vegada m\u00e0ximes representants de la Gaiata 12 \u00abEl Grau\u00bb juntament amb els seus companys de viatge fester, el President Infantil Hugo Mateu, i el President Miguel Valeriano, regnaran aquestes festes del Grau 2024. <\/p>\n<p>Una presentaci\u00f3, com \u00e9s com\u00fa, que parla del mar, de les amistats creades arr\u00e8l d&#8217;aquestes tradicions marineres, i en especial una presentaci\u00f3 dedicada a la dona grauera, la que omple d&#8217;alegria aquestes festes i la dona tradicional del Grau . <\/p>\n<p>En un acte tan assenyalat, no podia faltar la pres\u00e8ncia de la Gaiata 15 Sequiol, \u00e0mpliament representada per nombrosos membres de la Comissi\u00f3, al capdavant de la qual es trobaven els c\u00e0rrecs 2024, Mar\u00eda Voltes, Leyre Salinas i Victor L\u00f3pez, acompanyats per la Presidenta Elisabeth Breva.<br \/>\nTots ells van participar a l&#8217;Ofrena que la Federaci\u00f3 Gestora de Gaiates va fer a les Reines Marineres, juntament amb la resta de Madrines i Presidents de totes les Comissions Gaiateres.<br \/>\nI \u00e9s clar, van estar all\u00e0 tamb\u00e9, aquest any representant a la ciutat de Castell\u00f3, les nostres sequioles i Dames de la Ciutat 2024, Adriana i Lucia, i la nostra estimada Reina de Castell\u00f3, la sequiola, Lourdes Climent, que al costat de Vega, va fer ofrena a les Reines marineres. <\/p>\n<p>Un any m\u00e9s, la nostra Panderola va tornar a viatjar a l&#8217;estaci\u00f3 grauera, tan arrelada a la hist\u00f2ria del nostre entranyable trenet, aquesta vegada dirigit pels nostres m\u00e0xims representants 2024, Marca, Leyre i Victor.<\/p>\n\r\n\t<div class=\"slideshow_container slideshow_container_style-light\" style=\"height: 400px; \" data-slideshow-id=\"126998\" data-style-name=\"style-light\" data-style-version=\"2.3.1\" >\r\n\r\n\t\t\t\t\t<div class=\"slideshow_loading_icon\"><\/div>\r\n\t\t\r\n\t\t<div class=\"slideshow_content\" style=\"display: none;\">\r\n\r\n\t\t\t<div class=\"slideshow_view\">\r\n\t\t\t\t<div class=\"slideshow_slide slideshow_slide_image\">\r\n\t\t\t\t\t\t\t\t\t\t\t<img src=\"https:\/\/sequiol.es\/wp-content\/uploads\/2024\/06\/20240615_PRESENTACION_GRAU_4353-scaled.jpeg\" alt=\"20240615_PRESENTACION_GRAU_4353\" width=\"2560\" height=\"1707\" \/>\r\n\t\t\t\t\t\t\t\t\t\t<div class=\"slideshow_description_box slideshow_transparent\">\r\n\t\t\t\t\t\t<div class=\"slideshow_title\">20240615_PRESENTACION_GRAU_4353<\/div>\t\t\t\t\t\t\t\t\t\t\t<\/div>\r\n\t\t\t\t<\/div>\r\n\r\n\t\t\t\t\t\t<div style=\"clear: both;\"><\/div><\/div><div class=\"slideshow_view\">\r\n\t\t\t\t<div class=\"slideshow_slide slideshow_slide_image\">\r\n\t\t\t\t\t\t\t\t\t\t\t<img src=\"https:\/\/sequiol.es\/wp-content\/uploads\/2024\/06\/20240615_PRESENTACION_GRAU_4355-scaled.jpeg\" alt=\"20240615_PRESENTACION_GRAU_4355\" width=\"2560\" height=\"1707\" \/>\r\n\t\t\t\t\t\t\t\t\t\t<div class=\"slideshow_description_box slideshow_transparent\">\r\n\t\t\t\t\t\t<div class=\"slideshow_title\">20240615_PRESENTACION_GRAU_4355<\/div>\t\t\t\t\t\t\t\t\t\t\t<\/div>\r\n\t\t\t\t<\/div>\r\n\r\n\t\t\t\t\t\t<div style=\"clear: both;\"><\/div><\/div><div class=\"slideshow_view\">\r\n\t\t\t\t<div class=\"slideshow_slide slideshow_slide_image\">\r\n\t\t\t\t\t\t\t\t\t\t\t<img src=\"https:\/\/sequiol.es\/wp-content\/uploads\/2024\/06\/20240615_PRESENTACION_GRAU_4360-scaled.jpeg\" alt=\"20240615_PRESENTACION_GRAU_4360\" width=\"2560\" height=\"1707\" \/>\r\n\t\t\t\t\t\t\t\t\t\t<div class=\"slideshow_description_box slideshow_transparent\">\r\n\t\t\t\t\t\t<div class=\"slideshow_title\">20240615_PRESENTACION_GRAU_4360<\/div>\t\t\t\t\t\t\t\t\t\t\t<\/div>\r\n\t\t\t\t<\/div>\r\n\r\n\t\t\t\t\t\t<div style=\"clear: both;\"><\/div><\/div><div class=\"slideshow_view\">\r\n\t\t\t\t<div class=\"slideshow_slide slideshow_slide_image\">\r\n\t\t\t\t\t\t\t\t\t\t\t<img src=\"https:\/\/sequiol.es\/wp-content\/uploads\/2024\/06\/20240615_PRESENTACION_GRAU_5001.jpg\" alt=\"20240615_PRESENTACION_GRAU_5001\" width=\"1600\" height=\"1288\" \/>\r\n\t\t\t\t\t\t\t\t\t\t<div class=\"slideshow_description_box slideshow_transparent\">\r\n\t\t\t\t\t\t<div class=\"slideshow_title\">20240615_PRESENTACION_GRAU_5001<\/div>\t\t\t\t\t\t\t\t\t\t\t<\/div>\r\n\t\t\t\t<\/div>\r\n\r\n\t\t\t\t\t\t<div style=\"clear: both;\"><\/div><\/div><div class=\"slideshow_view\">\r\n\t\t\t\t<div class=\"slideshow_slide slideshow_slide_image\">\r\n\t\t\t\t\t\t\t\t\t\t\t<img src=\"https:\/\/sequiol.es\/wp-content\/uploads\/2024\/06\/20240615_PRESENTACION_GRAU_5002.jpg\" alt=\"20240615_PRESENTACION_GRAU_5002\" width=\"1600\" height=\"1372\" \/>\r\n\t\t\t\t\t\t\t\t\t\t<div class=\"slideshow_description_box slideshow_transparent\">\r\n\t\t\t\t\t\t<div class=\"slideshow_title\">20240615_PRESENTACION_GRAU_5002<\/div>\t\t\t\t\t\t\t\t\t\t\t<\/div>\r\n\t\t\t\t<\/div>\r\n\r\n\t\t\t\t\t\t<div style=\"clear: both;\"><\/div><\/div><div class=\"slideshow_view\">\r\n\t\t\t\t<div class=\"slideshow_slide slideshow_slide_image\">\r\n\t\t\t\t\t\t\t\t\t\t\t<img src=\"https:\/\/sequiol.es\/wp-content\/uploads\/2024\/06\/20240615_PRESENTACION_GRAU_5003.jpg\" alt=\"20240615_PRESENTACION_GRAU_5003\" width=\"1600\" height=\"1066\" \/>\r\n\t\t\t\t\t\t\t\t\t\t<div class=\"slideshow_description_box slideshow_transparent\">\r\n\t\t\t\t\t\t<div class=\"slideshow_title\">20240615_PRESENTACION_GRAU_5003<\/div>\t\t\t\t\t\t\t\t\t\t\t<\/div>\r\n\t\t\t\t<\/div>\r\n\r\n\t\t\t\t\t\t<div style=\"clear: both;\"><\/div><\/div><div class=\"slideshow_view\">\r\n\t\t\t\t<div class=\"slideshow_slide slideshow_slide_image\">\r\n\t\t\t\t\t\t\t\t\t\t\t<img src=\"https:\/\/sequiol.es\/wp-content\/uploads\/2024\/06\/20240615_PRESENTACION_GRAU_5004.jpg\" alt=\"20240615_PRESENTACION_GRAU_5004\" width=\"1356\" height=\"1600\" \/>\r\n\t\t\t\t\t\t\t\t\t\t<div class=\"slideshow_description_box slideshow_transparent\">\r\n\t\t\t\t\t\t<div class=\"slideshow_title\">20240615_PRESENTACION_GRAU_5004<\/div>\t\t\t\t\t\t\t\t\t\t\t<\/div>\r\n\t\t\t\t<\/div>\r\n\r\n\t\t\t\t\t\t<div style=\"clear: both;\"><\/div><\/div><div class=\"slideshow_view\">\r\n\t\t\t\t<div class=\"slideshow_slide slideshow_slide_image\">\r\n\t\t\t\t\t\t\t\t\t\t\t<img src=\"https:\/\/sequiol.es\/wp-content\/uploads\/2024\/06\/20240615_PRESENTACION_GRAU_5005.jpg\" alt=\"20240615_PRESENTACION_GRAU_5005\" width=\"1600\" height=\"1066\" \/>\r\n\t\t\t\t\t\t\t\t\t\t<div class=\"slideshow_description_box slideshow_transparent\">\r\n\t\t\t\t\t\t<div class=\"slideshow_title\">20240615_PRESENTACION_GRAU_5005<\/div>\t\t\t\t\t\t\t\t\t\t\t<\/div>\r\n\t\t\t\t<\/div>\r\n\r\n\t\t\t\t\t\t<div style=\"clear: both;\"><\/div><\/div><div class=\"slideshow_view\">\r\n\t\t\t\t<div class=\"slideshow_slide slideshow_slide_image\">\r\n\t\t\t\t\t\t\t\t\t\t\t<img src=\"https:\/\/sequiol.es\/wp-content\/uploads\/2024\/06\/20240615_PRESENTACION_GRAU_5006.jpg\" alt=\"20240615_PRESENTACION_GRAU_5006\" width=\"1144\" height=\"1600\" \/>\r\n\t\t\t\t\t\t\t\t\t\t<div class=\"slideshow_description_box slideshow_transparent\">\r\n\t\t\t\t\t\t<div class=\"slideshow_title\">20240615_PRESENTACION_GRAU_5006<\/div>\t\t\t\t\t\t\t\t\t\t\t<\/div>\r\n\t\t\t\t<\/div>\r\n\r\n\t\t\t\t\t\t<div style=\"clear: both;\"><\/div><\/div><div class=\"slideshow_view\">\r\n\t\t\t\t<div class=\"slideshow_slide slideshow_slide_image\">\r\n\t\t\t\t\t\t\t\t\t\t\t<img src=\"https:\/\/sequiol.es\/wp-content\/uploads\/2024\/06\/20240615_PRESENTACION_GRAU_5007.jpg\" alt=\"20240615_PRESENTACION_GRAU_5007\" width=\"1600\" height=\"1066\" \/>\r\n\t\t\t\t\t\t\t\t\t\t<div class=\"slideshow_description_box slideshow_transparent\">\r\n\t\t\t\t\t\t<div class=\"slideshow_title\">20240615_PRESENTACION_GRAU_5007<\/div>\t\t\t\t\t\t\t\t\t\t\t<\/div>\r\n\t\t\t\t<\/div>\r\n\r\n\t\t\t\t\t\t<div style=\"clear: both;\"><\/div><\/div>\r\n\t\t<\/div>\r\n\r\n\t\t<div class=\"slideshow_controlPanel slideshow_transparent\" style=\"display: none;\"><ul><li class=\"slideshow_togglePlay\" data-play-text=\"Play\" data-pause-text=\"Pause\"><\/li><\/ul><\/div>\r\n\r\n\t\t<div class=\"slideshow_button slideshow_previous slideshow_transparent\" role=\"button\" data-previous-text=\"Previous\" style=\"display: none;\"><\/div>\r\n\t\t<div class=\"slideshow_button slideshow_next slideshow_transparent\" role=\"button\" data-next-text=\"Next\" style=\"display: none;\"><\/div>\r\n\r\n\t\t<div class=\"slideshow_pagination\" style=\"display: none;\" data-go-to-text=\"Go to slide\"><div class=\"slideshow_pagination_center\"><\/div><\/div>\r\n\r\n\t\t<!-- WordPress Slideshow Version 2.3.1 -->\r\n\r\n\t\t\t<\/div>\r\n\r\n\n","protected":false},"excerpt":{"rendered":"<p>El mes de juny a Castell\u00f3, especialment al &#8216;poble del Grau&#8217; \u00e9s sin\u00f2nim de Marineria, de grauers i graures, de Sant Pere i de Festa. \u00c9s el moment de rendir homenatge al Patr\u00f3 dels mariners i per tant a tot el districte mar\u00edtim del Grau de Castell\u00f3. Com a pre\u00e0mbul d&#8217;aquestes entranyables dates, el m\u00f3n [&hellip;]<\/p>\n","protected":false},"author":1,"featured_media":127014,"comment_status":"open","ping_status":"open","sticky":false,"template":"","format":"standard","meta":{"footnotes":""},"categories":[173],"tags":[],"class_list":["post-127029","post","type-post","status-publish","format-standard","has-post-thumbnail","hentry","category-magdalena-2024"],"_links":{"self":[{"href":"https:\/\/sequiol.es\/vl\/wp-json\/wp\/v2\/posts\/127029","targetHints":{"allow":["GET"]}}],"collection":[{"href":"https:\/\/sequiol.es\/vl\/wp-json\/wp\/v2\/posts"}],"about":[{"href":"https:\/\/sequiol.es\/vl\/wp-json\/wp\/v2\/types\/post"}],"author":[{"embeddable":true,"href":"https:\/\/sequiol.es\/vl\/wp-json\/wp\/v2\/users\/1"}],"replies":[{"embeddable":true,"href":"https:\/\/sequiol.es\/vl\/wp-json\/wp\/v2\/comments?post=127029"}],"version-history":[{"count":1,"href":"https:\/\/sequiol.es\/vl\/wp-json\/wp\/v2\/posts\/127029\/revisions"}],"predecessor-version":[{"id":127030,"href":"https:\/\/sequiol.es\/vl\/wp-json\/wp\/v2\/posts\/127029\/revisions\/127030"}],"wp:featuredmedia":[{"embeddable":true,"href":"https:\/\/sequiol.es\/vl\/wp-json\/wp\/v2\/media\/127014"}],"wp:attachment":[{"href":"https:\/\/sequiol.es\/vl\/wp-json\/wp\/v2\/media?parent=127029"}],"wp:term":[{"taxonomy":"category","embeddable":true,"href":"https:\/\/sequiol.es\/vl\/wp-json\/wp\/v2\/categories?post=127029"},{"taxonomy":"post_tag","embeddable":true,"href":"https:\/\/sequiol.es\/vl\/wp-json\/wp\/v2\/tags?post=127029"}],"curies":[{"name":"wp","href":"https:\/\/api.w.org\/{rel}","templated":true}]}}