{"id":126969,"date":"2024-06-02T22:17:10","date_gmt":"2024-06-02T20:17:10","guid":{"rendered":"https:\/\/sequiol.es\/?p=126969"},"modified":"2024-08-07T20:09:36","modified_gmt":"2024-08-07T18:09:36","slug":"ratificacio-de-carrecs-magdalena-2025","status":"publish","type":"post","link":"https:\/\/sequiol.es\/vl\/ratificacio-de-carrecs-magdalena-2025\/","title":{"rendered":"RATIFICACI\u00d3 DE C\u00c0RRECS MAGDALENA 2025"},"content":{"rendered":"<p>El primer acte que obri una edici\u00f3 festiva en Sequiol \u00e9s la ratificaci\u00f3 dels nous c\u00e0rrecs. Complint amb el que s&#8217;estableix en l&#8217;article 26 del reglament de r\u00e8gim intern i de funcionament: &#8220;Dins de la primera setmana de juny de cada exercici fester, la Junta Directiva haur\u00e0 de ratificar la terna de persones inscrites en la llista preferencial per a ocupar els c\u00e0rrecs de representaci\u00f3 per a eixa edici\u00f3&#8230;&#8221; es convocava reuni\u00f3 ordin\u00e0ria de la Junta Directiva, dissabte passat 1 de juny.<\/p>\n<p>Despr\u00e9s de l&#8217;an\u00e0lisi de les candidates -no existint, en eixe moment, persona interessada per a President Infantil- que estableix la llista preferencial establida a aquest efecte i observant la idone\u00eftat d&#8217;aquestes, segons el que es disposa en la normativa d&#8217;elecci\u00f3 d&#8217;aquesta associaci\u00f3, es va procedir a aprovar, per unanimitat, el nomenament de la senyoreta, Claudia Llopis Pascual, com a Madrina del Sequiol, per a la Magdalena 2025; i a la xiqueta, Natalia Esp\u00edn Solano, com a Madrina Infantil de la Gaiata 15, per a la Magdalena 2025. I, com marca la tradici\u00f3 protocol\u00b7l\u00e0ria, l&#8217;acabada de reelegir en el c\u00e0rrec de Presidenta, Elisabeth Breva, va procedir a comunicar-los, via telef\u00f2nica, la bona nova.<\/p>\n<p>I no es van fer de pregar, a la velocitat de la llum gaiatera, van acudir a la nostra seu social on la majoria de la comissi\u00f3 els esperaven per a donar-los l&#8217;enhorabona i desitjar-los un immillorable any. I les primers que van voler estar acompanyant a Claudia i Natalia van ser, com no podia ser d&#8217;una altra manera, els seus antecessors en el c\u00e0rrec, Mar\u00eda Voltes, Leyre Salines i V\u00edctor L\u00f3pez, els qui es van fondre en una llargu\u00edssima i emotiva abra\u00e7ada, fruit dels intensos anys de complicitat viscuts en el si de la nostra comissi\u00f3.<\/p>\n<p>Tots i cadascun dels presents, van felicitar una radiant i emocionada Claudia i a una no menys feli\u00e7 i il\u00b7lusionada Natalia que, en el seu m\u00e0gic n\u00favol, levitaven en un desitjat somni que hui es convertia en realitat. I, com no, el moment va quedar immortalitzat per a la posterioritat, amb la conseg\u00fcent sessi\u00f3 fotogr\u00e0fica a c\u00e0rrec del fot\u00f2graf de cap\u00e7alera del Sequiol, Lauren Benedito -qui, per cert, v\u00e8nia de recollir el primer premi del VII concurs de fotografia amateur &#8220;Tu foto de Lled\u00f3&#8221;, convocat per la Reial Confraria de La Nostra Senyora del Lled\u00f3, amb la seua obra que porta per lema &#8220;Bonica!!!&#8221;-.<\/p>\n<p>Sequiol ja est\u00e0 preparat per a la Magdalena 2025 i als comandaments de nostra Panderola, Claudia i Natalia, ens portaran, sens dubte, a una nova edici\u00f3 festiva plena d&#8217;emocions, alegries i divertiment, farcida, segur, de nous \u00e8xits que totes i tots L@s Sequiol@s viurem intensament al costat de Natalia i Claudia, les Madrines de la Gaiata 15 de la Magdalena 2025. Enhorabona.<\/p>\n<p>Fotos cortesia COMISSI\u00d3 \r\n\t<div class=\"slideshow_container slideshow_container_style-light\" style=\"height: 400px; \" data-slideshow-id=\"126866\" data-style-name=\"style-light\" data-style-version=\"2.3.1\" >\r\n\r\n\t\t\t\t\t<div class=\"slideshow_loading_icon\"><\/div>\r\n\t\t\r\n\t\t<div class=\"slideshow_content\" style=\"display: none;\">\r\n\r\n\t\t\t<div class=\"slideshow_view\">\r\n\t\t\t\t<div class=\"slideshow_slide slideshow_slide_image\">\r\n\t\t\t\t\t\t\t\t\t\t\t<img src=\"https:\/\/sequiol.es\/wp-content\/uploads\/2024\/06\/20240601_RATIFICACION_CARGOS_MAGDALENA_2025_6908-scaled.jpg\" alt=\"20240601_RATIFICACION_CARGOS_MAGDALENA_2025_6908\" width=\"2560\" height=\"1707\" \/>\r\n\t\t\t\t\t\t\t\t\t\t<div class=\"slideshow_description_box slideshow_transparent\">\r\n\t\t\t\t\t\t<div class=\"slideshow_title\">20240601_RATIFICACION_CARGOS_MAGDALENA_2025_6908<\/div>\t\t\t\t\t\t\t\t\t\t\t<\/div>\r\n\t\t\t\t<\/div>\r\n\r\n\t\t\t\t\t\t<div style=\"clear: both;\"><\/div><\/div><div class=\"slideshow_view\">\r\n\t\t\t\t<div class=\"slideshow_slide slideshow_slide_image\">\r\n\t\t\t\t\t\t\t\t\t\t\t<img src=\"https:\/\/sequiol.es\/wp-content\/uploads\/2024\/06\/20240601_RATIFICACION_CARGOS_MAGDALENA_2025_6913-scaled.jpg\" alt=\"20240601_RATIFICACION_CARGOS_MAGDALENA_2025_6913\" width=\"2560\" height=\"1707\" \/>\r\n\t\t\t\t\t\t\t\t\t\t<div class=\"slideshow_description_box slideshow_transparent\">\r\n\t\t\t\t\t\t<div class=\"slideshow_title\">20240601_RATIFICACION_CARGOS_MAGDALENA_2025_6913<\/div>\t\t\t\t\t\t\t\t\t\t\t<\/div>\r\n\t\t\t\t<\/div>\r\n\r\n\t\t\t\t\t\t<div style=\"clear: both;\"><\/div><\/div><div class=\"slideshow_view\">\r\n\t\t\t\t<div class=\"slideshow_slide slideshow_slide_image\">\r\n\t\t\t\t\t\t\t\t\t\t\t<img src=\"https:\/\/sequiol.es\/wp-content\/uploads\/2024\/06\/20240601_RATIFICACION_CARGOS_MAGDALENA_2025_6916-scaled.jpg\" alt=\"20240601_RATIFICACION_CARGOS_MAGDALENA_2025_6916\" width=\"1707\" height=\"2560\" \/>\r\n\t\t\t\t\t\t\t\t\t\t<div class=\"slideshow_description_box slideshow_transparent\">\r\n\t\t\t\t\t\t<div class=\"slideshow_title\">20240601_RATIFICACION_CARGOS_MAGDALENA_2025_6916<\/div>\t\t\t\t\t\t\t\t\t\t\t<\/div>\r\n\t\t\t\t<\/div>\r\n\r\n\t\t\t\t\t\t<div style=\"clear: both;\"><\/div><\/div><div class=\"slideshow_view\">\r\n\t\t\t\t<div class=\"slideshow_slide slideshow_slide_image\">\r\n\t\t\t\t\t\t\t\t\t\t\t<img src=\"https:\/\/sequiol.es\/wp-content\/uploads\/2024\/06\/20240601_RATIFICACION_CARGOS_MAGDALENA_2025_6919-scaled.jpg\" alt=\"20240601_RATIFICACION_CARGOS_MAGDALENA_2025_6919\" width=\"2560\" height=\"1707\" \/>\r\n\t\t\t\t\t\t\t\t\t\t<div class=\"slideshow_description_box slideshow_transparent\">\r\n\t\t\t\t\t\t<div class=\"slideshow_title\">20240601_RATIFICACION_CARGOS_MAGDALENA_2025_6919<\/div>\t\t\t\t\t\t\t\t\t\t\t<\/div>\r\n\t\t\t\t<\/div>\r\n\r\n\t\t\t\t\t\t<div style=\"clear: both;\"><\/div><\/div><div class=\"slideshow_view\">\r\n\t\t\t\t<div class=\"slideshow_slide slideshow_slide_image\">\r\n\t\t\t\t\t\t\t\t\t\t\t<img src=\"https:\/\/sequiol.es\/wp-content\/uploads\/2024\/06\/20240601_RATIFICACION_CARGOS_MAGDALENA_2025_6945-scaled.jpg\" alt=\"20240601_RATIFICACION_CARGOS_MAGDALENA_2025_6945\" width=\"2560\" height=\"1707\" \/>\r\n\t\t\t\t\t\t\t\t\t\t<div class=\"slideshow_description_box slideshow_transparent\">\r\n\t\t\t\t\t\t<div class=\"slideshow_title\">20240601_RATIFICACION_CARGOS_MAGDALENA_2025_6945<\/div>\t\t\t\t\t\t\t\t\t\t\t<\/div>\r\n\t\t\t\t<\/div>\r\n\r\n\t\t\t\t\t\t<div style=\"clear: both;\"><\/div><\/div><div class=\"slideshow_view\">\r\n\t\t\t\t<div class=\"slideshow_slide slideshow_slide_image\">\r\n\t\t\t\t\t\t\t\t\t\t\t<img src=\"https:\/\/sequiol.es\/wp-content\/uploads\/2024\/06\/20240601_RATIFICACION_CARGOS_MAGDALENA_2025_6923-scaled.jpg\" alt=\"20240601_RATIFICACION_CARGOS_MAGDALENA_2025_6923\" width=\"2560\" height=\"1707\" \/>\r\n\t\t\t\t\t\t\t\t\t\t<div class=\"slideshow_description_box slideshow_transparent\">\r\n\t\t\t\t\t\t<div class=\"slideshow_title\">20240601_RATIFICACION_CARGOS_MAGDALENA_2025_6923<\/div>\t\t\t\t\t\t\t\t\t\t\t<\/div>\r\n\t\t\t\t<\/div>\r\n\r\n\t\t\t\t\t\t<div style=\"clear: both;\"><\/div><\/div><div class=\"slideshow_view\">\r\n\t\t\t\t<div class=\"slideshow_slide slideshow_slide_image\">\r\n\t\t\t\t\t\t\t\t\t\t\t<img src=\"https:\/\/sequiol.es\/wp-content\/uploads\/2024\/06\/20240601_RATIFICACION_CARGOS_MAGDALENA_2025_6925-scaled.jpg\" alt=\"20240601_RATIFICACION_CARGOS_MAGDALENA_2025_6925\" width=\"2560\" height=\"1707\" \/>\r\n\t\t\t\t\t\t\t\t\t\t<div class=\"slideshow_description_box slideshow_transparent\">\r\n\t\t\t\t\t\t<div class=\"slideshow_title\">20240601_RATIFICACION_CARGOS_MAGDALENA_2025_6925<\/div>\t\t\t\t\t\t\t\t\t\t\t<\/div>\r\n\t\t\t\t<\/div>\r\n\r\n\t\t\t\t\t\t<div style=\"clear: both;\"><\/div><\/div><div class=\"slideshow_view\">\r\n\t\t\t\t<div class=\"slideshow_slide slideshow_slide_image\">\r\n\t\t\t\t\t\t\t\t\t\t\t<img src=\"https:\/\/sequiol.es\/wp-content\/uploads\/2024\/06\/20240601_RATIFICACION_CARGOS_MAGDALENA_2025_6930-scaled.jpg\" alt=\"20240601_RATIFICACION_CARGOS_MAGDALENA_2025_6930\" width=\"2560\" height=\"1707\" \/>\r\n\t\t\t\t\t\t\t\t\t\t<div class=\"slideshow_description_box slideshow_transparent\">\r\n\t\t\t\t\t\t<div class=\"slideshow_title\">20240601_RATIFICACION_CARGOS_MAGDALENA_2025_6930<\/div>\t\t\t\t\t\t\t\t\t\t\t<\/div>\r\n\t\t\t\t<\/div>\r\n\r\n\t\t\t\t\t\t<div style=\"clear: both;\"><\/div><\/div><div class=\"slideshow_view\">\r\n\t\t\t\t<div class=\"slideshow_slide slideshow_slide_image\">\r\n\t\t\t\t\t\t\t\t\t\t\t<img src=\"https:\/\/sequiol.es\/wp-content\/uploads\/2024\/06\/20240601_RATIFICACION_CARGOS_MAGDALENA_2025_6939-scaled.jpg\" alt=\"20240601_RATIFICACION_CARGOS_MAGDALENA_2025_6939\" width=\"2560\" height=\"1707\" \/>\r\n\t\t\t\t\t\t\t\t\t\t<div class=\"slideshow_description_box slideshow_transparent\">\r\n\t\t\t\t\t\t<div class=\"slideshow_title\">20240601_RATIFICACION_CARGOS_MAGDALENA_2025_6939<\/div>\t\t\t\t\t\t\t\t\t\t\t<\/div>\r\n\t\t\t\t<\/div>\r\n\r\n\t\t\t\t\t\t<div style=\"clear: both;\"><\/div><\/div><div class=\"slideshow_view\">\r\n\t\t\t\t<div class=\"slideshow_slide slideshow_slide_image\">\r\n\t\t\t\t\t\t\t\t\t\t\t<img src=\"https:\/\/sequiol.es\/wp-content\/uploads\/2024\/06\/20240601_RATIFICACION_CARGOS_MAGDALENA_2025_6943-scaled.jpg\" alt=\"20240601_RATIFICACION_CARGOS_MAGDALENA_2025_6943\" width=\"1707\" height=\"2560\" \/>\r\n\t\t\t\t\t\t\t\t\t\t<div class=\"slideshow_description_box slideshow_transparent\">\r\n\t\t\t\t\t\t<div class=\"slideshow_title\">20240601_RATIFICACION_CARGOS_MAGDALENA_2025_6943<\/div>\t\t\t\t\t\t\t\t\t\t\t<\/div>\r\n\t\t\t\t<\/div>\r\n\r\n\t\t\t\t\t\t<div style=\"clear: both;\"><\/div><\/div><div class=\"slideshow_view\">\r\n\t\t\t\t<div class=\"slideshow_slide slideshow_slide_image\">\r\n\t\t\t\t\t\t\t\t\t\t\t<img src=\"https:\/\/sequiol.es\/wp-content\/uploads\/2024\/06\/20240601_RATIFICACION_CARGOS_MAGDALENA_2025_6952-scaled.jpg\" alt=\"20240601_RATIFICACION_CARGOS_MAGDALENA_2025_6952\" width=\"2560\" height=\"1707\" \/>\r\n\t\t\t\t\t\t\t\t\t\t<div class=\"slideshow_description_box slideshow_transparent\">\r\n\t\t\t\t\t\t<div class=\"slideshow_title\">20240601_RATIFICACION_CARGOS_MAGDALENA_2025_6952<\/div>\t\t\t\t\t\t\t\t\t\t\t<\/div>\r\n\t\t\t\t<\/div>\r\n\r\n\t\t\t\t\t\t<div style=\"clear: both;\"><\/div><\/div><div class=\"slideshow_view\">\r\n\t\t\t\t<div class=\"slideshow_slide slideshow_slide_image\">\r\n\t\t\t\t\t\t\t\t\t\t\t<img src=\"https:\/\/sequiol.es\/wp-content\/uploads\/2024\/06\/20240601_RATIFICACION_CARGOS_MAGDALENA_2025_6955-scaled.jpg\" alt=\"20240601_RATIFICACION_CARGOS_MAGDALENA_2025_6955\" width=\"1707\" height=\"2560\" \/>\r\n\t\t\t\t\t\t\t\t\t\t<div class=\"slideshow_description_box slideshow_transparent\">\r\n\t\t\t\t\t\t<div class=\"slideshow_title\">20240601_RATIFICACION_CARGOS_MAGDALENA_2025_6955<\/div>\t\t\t\t\t\t\t\t\t\t\t<\/div>\r\n\t\t\t\t<\/div>\r\n\r\n\t\t\t\t\t\t<div style=\"clear: both;\"><\/div><\/div><div class=\"slideshow_view\">\r\n\t\t\t\t<div class=\"slideshow_slide slideshow_slide_image\">\r\n\t\t\t\t\t\t\t\t\t\t\t<img src=\"https:\/\/sequiol.es\/wp-content\/uploads\/2024\/06\/20240601_RATIFICACION_CARGOS_MAGDALENA_2025_6959-scaled.jpg\" alt=\"20240601_RATIFICACION_CARGOS_MAGDALENA_2025_6959\" width=\"2560\" height=\"1707\" \/>\r\n\t\t\t\t\t\t\t\t\t\t<div class=\"slideshow_description_box slideshow_transparent\">\r\n\t\t\t\t\t\t<div class=\"slideshow_title\">20240601_RATIFICACION_CARGOS_MAGDALENA_2025_6959<\/div>\t\t\t\t\t\t\t\t\t\t\t<\/div>\r\n\t\t\t\t<\/div>\r\n\r\n\t\t\t\t\t\t<div style=\"clear: both;\"><\/div><\/div><div class=\"slideshow_view\">\r\n\t\t\t\t<div class=\"slideshow_slide slideshow_slide_image\">\r\n\t\t\t\t\t\t\t\t\t\t\t<img src=\"https:\/\/sequiol.es\/wp-content\/uploads\/2024\/06\/20240601_RATIFICACION_CARGOS_MAGDALENA_2025_6969-scaled.jpg\" alt=\"20240601_RATIFICACION_CARGOS_MAGDALENA_2025_6969\" width=\"2560\" height=\"1707\" \/>\r\n\t\t\t\t\t\t\t\t\t\t<div class=\"slideshow_description_box slideshow_transparent\">\r\n\t\t\t\t\t\t<div class=\"slideshow_title\">20240601_RATIFICACION_CARGOS_MAGDALENA_2025_6969<\/div>\t\t\t\t\t\t\t\t\t\t\t<\/div>\r\n\t\t\t\t<\/div>\r\n\r\n\t\t\t\t\t\t<div style=\"clear: both;\"><\/div><\/div><div class=\"slideshow_view\">\r\n\t\t\t\t<div class=\"slideshow_slide slideshow_slide_image\">\r\n\t\t\t\t\t\t\t\t\t\t\t<img src=\"https:\/\/sequiol.es\/wp-content\/uploads\/2024\/06\/20240601_RATIFICACION_CARGOS_MAGDALENA_2025_6972-scaled.jpg\" alt=\"20240601_RATIFICACION_CARGOS_MAGDALENA_2025_6972\" width=\"2560\" height=\"1707\" \/>\r\n\t\t\t\t\t\t\t\t\t\t<div class=\"slideshow_description_box slideshow_transparent\">\r\n\t\t\t\t\t\t<div class=\"slideshow_title\">20240601_RATIFICACION_CARGOS_MAGDALENA_2025_6972<\/div>\t\t\t\t\t\t\t\t\t\t\t<\/div>\r\n\t\t\t\t<\/div>\r\n\r\n\t\t\t\t\t\t<div style=\"clear: both;\"><\/div><\/div><div class=\"slideshow_view\">\r\n\t\t\t\t<div class=\"slideshow_slide slideshow_slide_image\">\r\n\t\t\t\t\t\t\t\t\t\t\t<img src=\"https:\/\/sequiol.es\/wp-content\/uploads\/2024\/06\/20240601_RATIFICACION_CARGOS_MAGDALENA_2025_6984-scaled.jpg\" alt=\"20240601_RATIFICACION_CARGOS_MAGDALENA_2025_6984\" width=\"1707\" height=\"2560\" \/>\r\n\t\t\t\t\t\t\t\t\t\t<div class=\"slideshow_description_box slideshow_transparent\">\r\n\t\t\t\t\t\t<div class=\"slideshow_title\">20240601_RATIFICACION_CARGOS_MAGDALENA_2025_6984<\/div>\t\t\t\t\t\t\t\t\t\t\t<\/div>\r\n\t\t\t\t<\/div>\r\n\r\n\t\t\t\t\t\t<div style=\"clear: both;\"><\/div><\/div><div class=\"slideshow_view\">\r\n\t\t\t\t<div class=\"slideshow_slide slideshow_slide_image\">\r\n\t\t\t\t\t\t\t\t\t\t\t<img src=\"https:\/\/sequiol.es\/wp-content\/uploads\/2024\/06\/20240601_RATIFICACION_CARGOS_MAGDALENA_2025_6987-scaled.jpg\" alt=\"20240601_RATIFICACION_CARGOS_MAGDALENA_2025_6987\" width=\"1707\" height=\"2560\" \/>\r\n\t\t\t\t\t\t\t\t\t\t<div class=\"slideshow_description_box slideshow_transparent\">\r\n\t\t\t\t\t\t<div class=\"slideshow_title\">20240601_RATIFICACION_CARGOS_MAGDALENA_2025_6987<\/div>\t\t\t\t\t\t\t\t\t\t\t<\/div>\r\n\t\t\t\t<\/div>\r\n\r\n\t\t\t\t\t\t<div style=\"clear: both;\"><\/div><\/div><div class=\"slideshow_view\">\r\n\t\t\t\t<div class=\"slideshow_slide slideshow_slide_image\">\r\n\t\t\t\t\t\t\t\t\t\t\t<img src=\"https:\/\/sequiol.es\/wp-content\/uploads\/2024\/06\/20240601_RATIFICACION_CARGOS_MAGDALENA_2025_6988-scaled.jpg\" alt=\"20240601_RATIFICACION_CARGOS_MAGDALENA_2025_6988\" width=\"1707\" height=\"2560\" \/>\r\n\t\t\t\t\t\t\t\t\t\t<div class=\"slideshow_description_box slideshow_transparent\">\r\n\t\t\t\t\t\t<div class=\"slideshow_title\">20240601_RATIFICACION_CARGOS_MAGDALENA_2025_6988<\/div>\t\t\t\t\t\t\t\t\t\t\t<\/div>\r\n\t\t\t\t<\/div>\r\n\r\n\t\t\t\t\t\t<div style=\"clear: both;\"><\/div><\/div><div class=\"slideshow_view\">\r\n\t\t\t\t<div class=\"slideshow_slide slideshow_slide_image\">\r\n\t\t\t\t\t\t\t\t\t\t\t<img src=\"https:\/\/sequiol.es\/wp-content\/uploads\/2024\/06\/20240601_RATIFICACION_CARGOS_MAGDALENA_2025_6993-scaled.jpg\" alt=\"20240601_RATIFICACION_CARGOS_MAGDALENA_2025_6993\" width=\"2560\" height=\"1707\" \/>\r\n\t\t\t\t\t\t\t\t\t\t<div class=\"slideshow_description_box slideshow_transparent\">\r\n\t\t\t\t\t\t<div class=\"slideshow_title\">20240601_RATIFICACION_CARGOS_MAGDALENA_2025_6993<\/div>\t\t\t\t\t\t\t\t\t\t\t<\/div>\r\n\t\t\t\t<\/div>\r\n\r\n\t\t\t\t\t\t<div style=\"clear: both;\"><\/div><\/div><div class=\"slideshow_view\">\r\n\t\t\t\t<div class=\"slideshow_slide slideshow_slide_image\">\r\n\t\t\t\t\t\t\t\t\t\t\t<img src=\"https:\/\/sequiol.es\/wp-content\/uploads\/2024\/06\/20240601_RATIFICACION_CARGOS_MAGDALENA_2025_7003-scaled.jpg\" alt=\"20240601_RATIFICACION_CARGOS_MAGDALENA_2025_7003\" width=\"2560\" height=\"1707\" \/>\r\n\t\t\t\t\t\t\t\t\t\t<div class=\"slideshow_description_box slideshow_transparent\">\r\n\t\t\t\t\t\t<div class=\"slideshow_title\">20240601_RATIFICACION_CARGOS_MAGDALENA_2025_7003<\/div>\t\t\t\t\t\t\t\t\t\t\t<\/div>\r\n\t\t\t\t<\/div>\r\n\r\n\t\t\t\t\t\t<div style=\"clear: both;\"><\/div><\/div><div class=\"slideshow_view\">\r\n\t\t\t\t<div class=\"slideshow_slide slideshow_slide_image\">\r\n\t\t\t\t\t\t\t\t\t\t\t<img src=\"https:\/\/sequiol.es\/wp-content\/uploads\/2024\/06\/20240601_RATIFICACION_CARGOS_MAGDALENA_2025_7007-scaled.jpg\" alt=\"20240601_RATIFICACION_CARGOS_MAGDALENA_2025_7007\" width=\"2560\" height=\"1707\" \/>\r\n\t\t\t\t\t\t\t\t\t\t<div class=\"slideshow_description_box slideshow_transparent\">\r\n\t\t\t\t\t\t<div class=\"slideshow_title\">20240601_RATIFICACION_CARGOS_MAGDALENA_2025_7007<\/div>\t\t\t\t\t\t\t\t\t\t\t<\/div>\r\n\t\t\t\t<\/div>\r\n\r\n\t\t\t\t\t\t<div style=\"clear: both;\"><\/div><\/div><div class=\"slideshow_view\">\r\n\t\t\t\t<div class=\"slideshow_slide slideshow_slide_image\">\r\n\t\t\t\t\t\t\t\t\t\t\t<img src=\"https:\/\/sequiol.es\/wp-content\/uploads\/2024\/06\/20240601_RATIFICACION_CARGOS_MAGDALENA_2025_7014-scaled.jpg\" alt=\"20240601_RATIFICACION_CARGOS_MAGDALENA_2025_7014\" width=\"2560\" height=\"1707\" \/>\r\n\t\t\t\t\t\t\t\t\t\t<div class=\"slideshow_description_box slideshow_transparent\">\r\n\t\t\t\t\t\t<div class=\"slideshow_title\">20240601_RATIFICACION_CARGOS_MAGDALENA_2025_7014<\/div>\t\t\t\t\t\t\t\t\t\t\t<\/div>\r\n\t\t\t\t<\/div>\r\n\r\n\t\t\t\t\t\t<div style=\"clear: both;\"><\/div><\/div><div class=\"slideshow_view\">\r\n\t\t\t\t<div class=\"slideshow_slide slideshow_slide_image\">\r\n\t\t\t\t\t\t\t\t\t\t\t<img src=\"https:\/\/sequiol.es\/wp-content\/uploads\/2024\/06\/20240601_RATIFICACION_CARGOS_MAGDALENA_2025_7017-scaled.jpg\" alt=\"20240601_RATIFICACION_CARGOS_MAGDALENA_2025_7017\" width=\"2560\" height=\"1707\" \/>\r\n\t\t\t\t\t\t\t\t\t\t<div class=\"slideshow_description_box slideshow_transparent\">\r\n\t\t\t\t\t\t<div class=\"slideshow_title\">20240601_RATIFICACION_CARGOS_MAGDALENA_2025_7017<\/div>\t\t\t\t\t\t\t\t\t\t\t<\/div>\r\n\t\t\t\t<\/div>\r\n\r\n\t\t\t\t\t\t<div style=\"clear: both;\"><\/div><\/div><div class=\"slideshow_view\">\r\n\t\t\t\t<div class=\"slideshow_slide slideshow_slide_image\">\r\n\t\t\t\t\t\t\t\t\t\t\t<img src=\"https:\/\/sequiol.es\/wp-content\/uploads\/2024\/06\/20240601_RATIFICACION_CARGOS_MAGDALENA_2025_7023-scaled.jpg\" alt=\"20240601_RATIFICACION_CARGOS_MAGDALENA_2025_7023\" width=\"2560\" height=\"1707\" \/>\r\n\t\t\t\t\t\t\t\t\t\t<div class=\"slideshow_description_box slideshow_transparent\">\r\n\t\t\t\t\t\t<div class=\"slideshow_title\">20240601_RATIFICACION_CARGOS_MAGDALENA_2025_7023<\/div>\t\t\t\t\t\t\t\t\t\t\t<\/div>\r\n\t\t\t\t<\/div>\r\n\r\n\t\t\t\t\t\t<div style=\"clear: both;\"><\/div><\/div><div class=\"slideshow_view\">\r\n\t\t\t\t<div class=\"slideshow_slide slideshow_slide_image\">\r\n\t\t\t\t\t\t\t\t\t\t\t<img src=\"https:\/\/sequiol.es\/wp-content\/uploads\/2024\/06\/20240601_RATIFICACION_CARGOS_MAGDALENA_2025_7027-scaled.jpg\" alt=\"20240601_RATIFICACION_CARGOS_MAGDALENA_2025_7027\" width=\"2560\" height=\"1707\" \/>\r\n\t\t\t\t\t\t\t\t\t\t<div class=\"slideshow_description_box slideshow_transparent\">\r\n\t\t\t\t\t\t<div class=\"slideshow_title\">20240601_RATIFICACION_CARGOS_MAGDALENA_2025_7027<\/div>\t\t\t\t\t\t\t\t\t\t\t<\/div>\r\n\t\t\t\t<\/div>\r\n\r\n\t\t\t\t\t\t<div style=\"clear: both;\"><\/div><\/div><div class=\"slideshow_view\">\r\n\t\t\t\t<div class=\"slideshow_slide slideshow_slide_image\">\r\n\t\t\t\t\t\t\t\t\t\t\t<img src=\"https:\/\/sequiol.es\/wp-content\/uploads\/2024\/06\/20240601_RATIFICACION_CARGOS_MAGDALENA_2025_7029-scaled.jpg\" alt=\"20240601_RATIFICACION_CARGOS_MAGDALENA_2025_7029\" width=\"1707\" height=\"2560\" \/>\r\n\t\t\t\t\t\t\t\t\t\t<div class=\"slideshow_description_box slideshow_transparent\">\r\n\t\t\t\t\t\t<div class=\"slideshow_title\">20240601_RATIFICACION_CARGOS_MAGDALENA_2025_7029<\/div>\t\t\t\t\t\t\t\t\t\t\t<\/div>\r\n\t\t\t\t<\/div>\r\n\r\n\t\t\t\t\t\t<div style=\"clear: both;\"><\/div><\/div><div class=\"slideshow_view\">\r\n\t\t\t\t<div class=\"slideshow_slide slideshow_slide_image\">\r\n\t\t\t\t\t\t\t\t\t\t\t<img src=\"https:\/\/sequiol.es\/wp-content\/uploads\/2024\/06\/20240601_RATIFICACION_CARGOS_MAGDALENA_2025_7039-scaled.jpg\" alt=\"20240601_RATIFICACION_CARGOS_MAGDALENA_2025_7039\" width=\"2560\" height=\"1707\" \/>\r\n\t\t\t\t\t\t\t\t\t\t<div class=\"slideshow_description_box slideshow_transparent\">\r\n\t\t\t\t\t\t<div class=\"slideshow_title\">20240601_RATIFICACION_CARGOS_MAGDALENA_2025_7039<\/div>\t\t\t\t\t\t\t\t\t\t\t<\/div>\r\n\t\t\t\t<\/div>\r\n\r\n\t\t\t\t\t\t<div style=\"clear: both;\"><\/div><\/div><div class=\"slideshow_view\">\r\n\t\t\t\t<div class=\"slideshow_slide slideshow_slide_image\">\r\n\t\t\t\t\t\t\t\t\t\t\t<img src=\"https:\/\/sequiol.es\/wp-content\/uploads\/2024\/06\/20240601_RATIFICACION_CARGOS_MAGDALENA_2025_7045-scaled.jpg\" alt=\"20240601_RATIFICACION_CARGOS_MAGDALENA_2025_7045\" width=\"2560\" height=\"1707\" \/>\r\n\t\t\t\t\t\t\t\t\t\t<div class=\"slideshow_description_box slideshow_transparent\">\r\n\t\t\t\t\t\t<div class=\"slideshow_title\">20240601_RATIFICACION_CARGOS_MAGDALENA_2025_7045<\/div>\t\t\t\t\t\t\t\t\t\t\t<\/div>\r\n\t\t\t\t<\/div>\r\n\r\n\t\t\t\t\t\t<div style=\"clear: both;\"><\/div><\/div><div class=\"slideshow_view\">\r\n\t\t\t\t<div class=\"slideshow_slide slideshow_slide_image\">\r\n\t\t\t\t\t\t\t\t\t\t\t<img src=\"https:\/\/sequiol.es\/wp-content\/uploads\/2024\/06\/20240601_RATIFICACION_CARGOS_MAGDALENA_2025_7050-scaled.jpg\" alt=\"20240601_RATIFICACION_CARGOS_MAGDALENA_2025_7050\" width=\"2560\" height=\"1707\" \/>\r\n\t\t\t\t\t\t\t\t\t\t<div class=\"slideshow_description_box slideshow_transparent\">\r\n\t\t\t\t\t\t<div class=\"slideshow_title\">20240601_RATIFICACION_CARGOS_MAGDALENA_2025_7050<\/div>\t\t\t\t\t\t\t\t\t\t\t<\/div>\r\n\t\t\t\t<\/div>\r\n\r\n\t\t\t\t\t\t<div style=\"clear: both;\"><\/div><\/div><div class=\"slideshow_view\">\r\n\t\t\t\t<div class=\"slideshow_slide slideshow_slide_image\">\r\n\t\t\t\t\t\t\t\t\t\t\t<img src=\"https:\/\/sequiol.es\/wp-content\/uploads\/2024\/06\/20240601_RATIFICACION_CARGOS_MAGDALENA_2025_7051-scaled.jpg\" alt=\"20240601_RATIFICACION_CARGOS_MAGDALENA_2025_7051\" width=\"2560\" height=\"1707\" \/>\r\n\t\t\t\t\t\t\t\t\t\t<div class=\"slideshow_description_box slideshow_transparent\">\r\n\t\t\t\t\t\t<div class=\"slideshow_title\">20240601_RATIFICACION_CARGOS_MAGDALENA_2025_7051<\/div>\t\t\t\t\t\t\t\t\t\t\t<\/div>\r\n\t\t\t\t<\/div>\r\n\r\n\t\t\t\t\t\t<div style=\"clear: both;\"><\/div><\/div><div class=\"slideshow_view\">\r\n\t\t\t\t<div class=\"slideshow_slide slideshow_slide_image\">\r\n\t\t\t\t\t\t\t\t\t\t\t<img src=\"https:\/\/sequiol.es\/wp-content\/uploads\/2024\/06\/20240601_RATIFICACION_CARGOS_MAGDALENA_2025_7057-scaled.jpg\" alt=\"20240601_RATIFICACION_CARGOS_MAGDALENA_2025_7057\" width=\"1707\" height=\"2560\" \/>\r\n\t\t\t\t\t\t\t\t\t\t<div class=\"slideshow_description_box slideshow_transparent\">\r\n\t\t\t\t\t\t<div class=\"slideshow_title\">20240601_RATIFICACION_CARGOS_MAGDALENA_2025_7057<\/div>\t\t\t\t\t\t\t\t\t\t\t<\/div>\r\n\t\t\t\t<\/div>\r\n\r\n\t\t\t\t\t\t<div style=\"clear: both;\"><\/div><\/div><div class=\"slideshow_view\">\r\n\t\t\t\t<div class=\"slideshow_slide slideshow_slide_image\">\r\n\t\t\t\t\t\t\t\t\t\t\t<img src=\"https:\/\/sequiol.es\/wp-content\/uploads\/2024\/06\/20240601_RATIFICACION_CARGOS_MAGDALENA_2025_8000.jpg\" alt=\"20240601_RATIFICACION_CARGOS_MAGDALENA_2025_8000\" width=\"1200\" height=\"1600\" \/>\r\n\t\t\t\t\t\t\t\t\t\t<div class=\"slideshow_description_box slideshow_transparent\">\r\n\t\t\t\t\t\t<div class=\"slideshow_title\">20240601_RATIFICACION_CARGOS_MAGDALENA_2025_8000<\/div>\t\t\t\t\t\t\t\t\t\t\t<\/div>\r\n\t\t\t\t<\/div>\r\n\r\n\t\t\t\t\t\t<div style=\"clear: both;\"><\/div><\/div><div class=\"slideshow_view\">\r\n\t\t\t\t<div class=\"slideshow_slide slideshow_slide_image\">\r\n\t\t\t\t\t\t\t\t\t\t\t<img src=\"https:\/\/sequiol.es\/wp-content\/uploads\/2024\/06\/20240601_RATIFICACION_CARGOS_MAGDALENA_2025_8005.png\" alt=\"20240601_RATIFICACION_CARGOS_MAGDALENA_2025_8005\" width=\"1067\" height=\"1567\" \/>\r\n\t\t\t\t\t\t\t\t\t\t<div class=\"slideshow_description_box slideshow_transparent\">\r\n\t\t\t\t\t\t<div class=\"slideshow_title\">20240601_RATIFICACION_CARGOS_MAGDALENA_2025_8005<\/div>\t\t\t\t\t\t\t\t\t\t\t<\/div>\r\n\t\t\t\t<\/div>\r\n\r\n\t\t\t\t\t\t<div style=\"clear: both;\"><\/div><\/div><div class=\"slideshow_view\">\r\n\t\t\t\t<div class=\"slideshow_slide slideshow_slide_image\">\r\n\t\t\t\t\t\t\t\t\t\t\t<img src=\"https:\/\/sequiol.es\/wp-content\/uploads\/2024\/06\/20240601_RATIFICACION_CARGOS_MAGDALENA_2025_8009.jpg\" alt=\"20240601_RATIFICACION_CARGOS_MAGDALENA_2025_8009\" width=\"1067\" height=\"1600\" \/>\r\n\t\t\t\t\t\t\t\t\t\t<div class=\"slideshow_description_box slideshow_transparent\">\r\n\t\t\t\t\t\t<div class=\"slideshow_title\">20240601_RATIFICACION_CARGOS_MAGDALENA_2025_8009<\/div>\t\t\t\t\t\t\t\t\t\t\t<\/div>\r\n\t\t\t\t<\/div>\r\n\r\n\t\t\t\t\t\t<div style=\"clear: both;\"><\/div><\/div>\r\n\t\t<\/div>\r\n\r\n\t\t<div class=\"slideshow_controlPanel slideshow_transparent\" style=\"display: none;\"><ul><li class=\"slideshow_togglePlay\" data-play-text=\"Play\" data-pause-text=\"Pause\"><\/li><\/ul><\/div>\r\n\r\n\t\t<div class=\"slideshow_button slideshow_previous slideshow_transparent\" role=\"button\" data-previous-text=\"Previous\" style=\"display: none;\"><\/div>\r\n\t\t<div class=\"slideshow_button slideshow_next slideshow_transparent\" role=\"button\" data-next-text=\"Next\" style=\"display: none;\"><\/div>\r\n\r\n\t\t<div class=\"slideshow_pagination\" style=\"display: none;\" data-go-to-text=\"Go to slide\"><div class=\"slideshow_pagination_center\"><\/div><\/div>\r\n\r\n\t\t<!-- WordPress Slideshow Version 2.3.1 -->\r\n\r\n\t\t\t<\/div>\r\n\r\n<\/p>\n","protected":false},"excerpt":{"rendered":"<p>El primer acte que obri una edici\u00f3 festiva en Sequiol \u00e9s la ratificaci\u00f3 dels nous c\u00e0rrecs. Complint amb el que s&#8217;estableix en l&#8217;article 26 del reglament de r\u00e8gim intern i de funcionament: &#8220;Dins de la primera setmana de juny de cada exercici fester, la Junta Directiva haur\u00e0 de ratificar la terna de persones inscrites en [&hellip;]<\/p>\n","protected":false},"author":1,"featured_media":126876,"comment_status":"open","ping_status":"open","sticky":false,"template":"","format":"standard","meta":{"footnotes":""},"categories":[177],"tags":[],"class_list":["post-126969","post","type-post","status-publish","format-standard","has-post-thumbnail","hentry","category-magdalena-2025-vl"],"_links":{"self":[{"href":"https:\/\/sequiol.es\/vl\/wp-json\/wp\/v2\/posts\/126969","targetHints":{"allow":["GET"]}}],"collection":[{"href":"https:\/\/sequiol.es\/vl\/wp-json\/wp\/v2\/posts"}],"about":[{"href":"https:\/\/sequiol.es\/vl\/wp-json\/wp\/v2\/types\/post"}],"author":[{"embeddable":true,"href":"https:\/\/sequiol.es\/vl\/wp-json\/wp\/v2\/users\/1"}],"replies":[{"embeddable":true,"href":"https:\/\/sequiol.es\/vl\/wp-json\/wp\/v2\/comments?post=126969"}],"version-history":[{"count":1,"href":"https:\/\/sequiol.es\/vl\/wp-json\/wp\/v2\/posts\/126969\/revisions"}],"predecessor-version":[{"id":126970,"href":"https:\/\/sequiol.es\/vl\/wp-json\/wp\/v2\/posts\/126969\/revisions\/126970"}],"wp:featuredmedia":[{"embeddable":true,"href":"https:\/\/sequiol.es\/vl\/wp-json\/wp\/v2\/media\/126876"}],"wp:attachment":[{"href":"https:\/\/sequiol.es\/vl\/wp-json\/wp\/v2\/media?parent=126969"}],"wp:term":[{"taxonomy":"category","embeddable":true,"href":"https:\/\/sequiol.es\/vl\/wp-json\/wp\/v2\/categories?post=126969"},{"taxonomy":"post_tag","embeddable":true,"href":"https:\/\/sequiol.es\/vl\/wp-json\/wp\/v2\/tags?post=126969"}],"curies":[{"name":"wp","href":"https:\/\/api.w.org\/{rel}","templated":true}]}}