{"id":125821,"date":"2024-03-06T15:50:39","date_gmt":"2024-03-06T14:50:39","guid":{"rendered":"https:\/\/sequiol.es\/?p=125821"},"modified":"2024-04-15T16:23:35","modified_gmt":"2024-04-15T14:23:35","slug":"dimecres-magdalena-2024","status":"publish","type":"post","link":"https:\/\/sequiol.es\/vl\/dimecres-magdalena-2024\/","title":{"rendered":"DIMECRES MAGDALENA 2024"},"content":{"rendered":"<p><span style=\"font-weight: 400;\">Despr\u00e9s de la\u00a0 decep\u00e7i\u00f3 de\u00a0 passada la nit, era moment d&#8217;enfrontar-se al dimecres de Magdalena, molt especial aquest any, ja que, la Federaci\u00f3 Gestora de Gaiates, organitzava el dia del Gaiater de l&#8217;any, a qui com sabem aquest any va ser nomenada la Reial Confraria de la Mare de D\u00e9u del Lled\u00f3, en aquest any tan especial com \u00e9s, el centenari de la seva coronaci\u00f3.<\/span><\/p>\n<p><span style=\"font-weight: 400;\">Comen\u00e7ava el mat\u00ed per als nostres m\u00e0xims representants, Leyre, Maria i Victor, a l&#8217;edifici de la Diputaci\u00f3 de Castell\u00f3, al costat de la resta de m\u00e0xims representants dels sectors gaiaters, i les Reines de les Festes i les seues Corts d&#8217;Honor.\u00a0<\/span><\/p>\n<p><span style=\"font-weight: 400;\">Un cop all\u00e0 tots, vam rebre a\u00a0 la Reial Confraria de la Mare de D\u00e9u del Lled\u00f3, la protagonista del dia.<\/span><\/p>\n<p><span style=\"font-weight: 400;\">Despr\u00e9s d&#8217;un parell de discursos en agra\u00efment i honor cap a la Mare de D\u00e9u, en finalitzar l&#8217;acte, els nostres representants es van dirigir en comitiva, al pas de dol\u00e7aina i tabalet, cap a la masclet\u00e0.<\/span><\/p>\n<p><span style=\"font-weight: 400;\">Mentrestant, al sector sequioler, s&#8217;obria un altre mat\u00ed de dinars de la Tasca Sequiolera, per gaudir del menjar i la m\u00fasica, en aquesta ocasi\u00f3 per gaudir de la nostra riqu\u00edssima truita de patates, tota una tradici\u00f3 magdalenera ja.<\/span><\/p>\n<p><span style=\"font-weight: 400;\">Despr\u00e9s de la masclet\u00e0, els nostres representants, Maria, Leyre i Victor, acompanyats del nostre vicepresident, Javier Rodr\u00edguez, van assistir al dinar organitzat per la Gestora de Gaiates que es va celebrar a l&#8217;Hotel Jaume I, al costat de la Reial Confraria de la Mare de D\u00e8u del Lled\u00f3, l&#8217;alcaldessa de Castell\u00f3, Bego\u00f1a Carrasco, les Reines de les Festes 2024, LOurdes i Vega, i diferents autoritats.<\/span><\/p>\n<p><span style=\"font-weight: 400;\">En arribar la vesprada,\u00a0 ja gaireb\u00e9 com una tradici\u00f3, la comissi\u00f3 dels joves del Sequiol, el nostre futur, van organitzar el tercer Tardeo Sequiolero, un esdeveniment informal al qual any rere any ens ha sorpr\u00e8s la multitud de gent, una vesprada en qu\u00e8 ha marxa aquest any el DJ Baded, donant \u00e0nim al sector sequioler mentre la gent gaudeix de bona m\u00fasica acompanyada de riques tapes i una mica de beguda.<\/span><\/p>\n<p><span style=\"font-weight: 400;\">Un \u00e8xit que els joves sequiolers porten aconseguint des que ho organitzen i del que estem molt orgullosos.<\/span><\/p>\n<p>&nbsp;<\/p>\n<p><span style=\"font-weight: 400;\">En acabar l&#8217;espectacle, ens dirigim tots plegats cap a l&#8217;esplanada de l&#8217;Auditori de Castell\u00f3, amb la famosa sequioleta per gaudir d&#8217;un preci\u00f3s i m\u00e0gic castell de focs, culminant aix\u00ed aquest magn\u00edfic dia.<\/span><\/p>\n<p>&nbsp;<\/p>\n<p>&nbsp;<\/p>\n<p>Fotos\u00a0 \u00a0 cortes\u00eda COMISIO \r\n\t<div class=\"slideshow_container slideshow_container_style-light\" style=\"height: 400px; \" data-slideshow-id=\"125600\" data-style-name=\"style-light\" data-style-version=\"2.3.1\" >\r\n\r\n\t\t\t\t\t<div class=\"slideshow_loading_icon\"><\/div>\r\n\t\t\r\n\t\t<div class=\"slideshow_content\" style=\"display: none;\">\r\n\r\n\t\t\t<div class=\"slideshow_view\">\r\n\t\t\t\t<div class=\"slideshow_slide slideshow_slide_image\">\r\n\t\t\t\t\t\t\t\t\t\t\t<img src=\"https:\/\/sequiol.es\/wp-content\/uploads\/2024\/04\/MIERCOLES-5-scaled.jpg\" alt=\"MIERCOLES (5)\" width=\"2560\" height=\"1920\" \/>\r\n\t\t\t\t\t\t\t\t\t\t<div class=\"slideshow_description_box slideshow_transparent\">\r\n\t\t\t\t\t\t<div class=\"slideshow_title\">MIERCOLES (5)<\/div>\t\t\t\t\t\t\t\t\t\t\t<\/div>\r\n\t\t\t\t<\/div>\r\n\r\n\t\t\t\t\t\t<div style=\"clear: both;\"><\/div><\/div><div class=\"slideshow_view\">\r\n\t\t\t\t<div class=\"slideshow_slide slideshow_slide_image\">\r\n\t\t\t\t\t\t\t\t\t\t\t<img src=\"https:\/\/sequiol.es\/wp-content\/uploads\/2024\/04\/MIERCOLES-4-scaled.jpg\" alt=\"MIERCOLES (4)\" width=\"1920\" height=\"2560\" \/>\r\n\t\t\t\t\t\t\t\t\t\t<div class=\"slideshow_description_box slideshow_transparent\">\r\n\t\t\t\t\t\t<div class=\"slideshow_title\">MIERCOLES (4)<\/div>\t\t\t\t\t\t\t\t\t\t\t<\/div>\r\n\t\t\t\t<\/div>\r\n\r\n\t\t\t\t\t\t<div style=\"clear: both;\"><\/div><\/div><div class=\"slideshow_view\">\r\n\t\t\t\t<div class=\"slideshow_slide slideshow_slide_image\">\r\n\t\t\t\t\t\t\t\t\t\t\t<img src=\"https:\/\/sequiol.es\/wp-content\/uploads\/2024\/04\/MIERCOLES-3-scaled.jpg\" alt=\"MIERCOLES (3)\" width=\"1707\" height=\"2560\" \/>\r\n\t\t\t\t\t\t\t\t\t\t<div class=\"slideshow_description_box slideshow_transparent\">\r\n\t\t\t\t\t\t<div class=\"slideshow_title\">MIERCOLES (3)<\/div>\t\t\t\t\t\t\t\t\t\t\t<\/div>\r\n\t\t\t\t<\/div>\r\n\r\n\t\t\t\t\t\t<div style=\"clear: both;\"><\/div><\/div><div class=\"slideshow_view\">\r\n\t\t\t\t<div class=\"slideshow_slide slideshow_slide_image\">\r\n\t\t\t\t\t\t\t\t\t\t\t<img src=\"https:\/\/sequiol.es\/wp-content\/uploads\/2024\/04\/MIERCOLES-2-scaled.jpg\" alt=\"MIERCOLES (2)\" width=\"1707\" height=\"2560\" \/>\r\n\t\t\t\t\t\t\t\t\t\t<div class=\"slideshow_description_box slideshow_transparent\">\r\n\t\t\t\t\t\t<div class=\"slideshow_title\">MIERCOLES (2)<\/div>\t\t\t\t\t\t\t\t\t\t\t<\/div>\r\n\t\t\t\t<\/div>\r\n\r\n\t\t\t\t\t\t<div style=\"clear: both;\"><\/div><\/div><div class=\"slideshow_view\">\r\n\t\t\t\t<div class=\"slideshow_slide slideshow_slide_image\">\r\n\t\t\t\t\t\t\t\t\t\t\t<img src=\"https:\/\/sequiol.es\/wp-content\/uploads\/2024\/04\/MIERCOLES-1-scaled.jpg\" alt=\"MIERCOLES (1)\" width=\"2560\" height=\"1707\" \/>\r\n\t\t\t\t\t\t\t\t\t\t<div class=\"slideshow_description_box slideshow_transparent\">\r\n\t\t\t\t\t\t<div class=\"slideshow_title\">MIERCOLES (1)<\/div>\t\t\t\t\t\t\t\t\t\t\t<\/div>\r\n\t\t\t\t<\/div>\r\n\r\n\t\t\t\t\t\t<div style=\"clear: both;\"><\/div><\/div><div class=\"slideshow_view\">\r\n\t\t\t\t<div class=\"slideshow_slide slideshow_slide_image\">\r\n\t\t\t\t\t\t\t\t\t\t\t<img src=\"https:\/\/sequiol.es\/wp-content\/uploads\/2024\/04\/MIERCOLES-8-scaled.jpg\" alt=\"MIERCOLES (8)\" width=\"1440\" height=\"2560\" \/>\r\n\t\t\t\t\t\t\t\t\t\t<div class=\"slideshow_description_box slideshow_transparent\">\r\n\t\t\t\t\t\t<div class=\"slideshow_title\">MIERCOLES (8)<\/div>\t\t\t\t\t\t\t\t\t\t\t<\/div>\r\n\t\t\t\t<\/div>\r\n\r\n\t\t\t\t\t\t<div style=\"clear: both;\"><\/div><\/div><div class=\"slideshow_view\">\r\n\t\t\t\t<div class=\"slideshow_slide slideshow_slide_image\">\r\n\t\t\t\t\t\t\t\t\t\t\t<img src=\"https:\/\/sequiol.es\/wp-content\/uploads\/2024\/04\/MIERCOLES-7-scaled.jpg\" alt=\"MIERCOLES (7)\" width=\"2560\" height=\"1440\" \/>\r\n\t\t\t\t\t\t\t\t\t\t<div class=\"slideshow_description_box slideshow_transparent\">\r\n\t\t\t\t\t\t<div class=\"slideshow_title\">MIERCOLES (7)<\/div>\t\t\t\t\t\t\t\t\t\t\t<\/div>\r\n\t\t\t\t<\/div>\r\n\r\n\t\t\t\t\t\t<div style=\"clear: both;\"><\/div><\/div><div class=\"slideshow_view\">\r\n\t\t\t\t<div class=\"slideshow_slide slideshow_slide_image\">\r\n\t\t\t\t\t\t\t\t\t\t\t<img src=\"https:\/\/sequiol.es\/wp-content\/uploads\/2024\/04\/MIERCOLES-6-scaled.jpg\" alt=\"MIERCOLES (6)\" width=\"2560\" height=\"1440\" \/>\r\n\t\t\t\t\t\t\t\t\t\t<div class=\"slideshow_description_box slideshow_transparent\">\r\n\t\t\t\t\t\t<div class=\"slideshow_title\">MIERCOLES (6)<\/div>\t\t\t\t\t\t\t\t\t\t\t<\/div>\r\n\t\t\t\t<\/div>\r\n\r\n\t\t\t\t\t\t<div style=\"clear: both;\"><\/div><\/div>\r\n\t\t<\/div>\r\n\r\n\t\t<div class=\"slideshow_controlPanel slideshow_transparent\" style=\"display: none;\"><ul><li class=\"slideshow_togglePlay\" data-play-text=\"Play\" data-pause-text=\"Pause\"><\/li><\/ul><\/div>\r\n\r\n\t\t<div class=\"slideshow_button slideshow_previous slideshow_transparent\" role=\"button\" data-previous-text=\"Previous\" style=\"display: none;\"><\/div>\r\n\t\t<div class=\"slideshow_button slideshow_next slideshow_transparent\" role=\"button\" data-next-text=\"Next\" style=\"display: none;\"><\/div>\r\n\r\n\t\t<div class=\"slideshow_pagination\" style=\"display: none;\" data-go-to-text=\"Go to slide\"><div class=\"slideshow_pagination_center\"><\/div><\/div>\r\n\r\n\t\t<!-- WordPress Slideshow Version 2.3.1 -->\r\n\r\n\t\t\t<\/div>\r\n\r\n<\/p>\n","protected":false},"excerpt":{"rendered":"<p>Despr\u00e9s de la\u00a0 decep\u00e7i\u00f3 de\u00a0 passada la nit, era moment d&#8217;enfrontar-se al dimecres de Magdalena, molt especial aquest any, ja que, la Federaci\u00f3 Gestora de Gaiates, organitzava el dia del Gaiater de l&#8217;any, a qui com sabem aquest any va ser nomenada la Reial Confraria de la Mare de D\u00e9u del Lled\u00f3, en aquest any [&hellip;]<\/p>\n","protected":false},"author":4,"featured_media":125604,"comment_status":"open","ping_status":"open","sticky":false,"template":"","format":"standard","meta":{"footnotes":""},"categories":[173],"tags":[],"class_list":["post-125821","post","type-post","status-publish","format-standard","has-post-thumbnail","hentry","category-magdalena-2024"],"_links":{"self":[{"href":"https:\/\/sequiol.es\/vl\/wp-json\/wp\/v2\/posts\/125821","targetHints":{"allow":["GET"]}}],"collection":[{"href":"https:\/\/sequiol.es\/vl\/wp-json\/wp\/v2\/posts"}],"about":[{"href":"https:\/\/sequiol.es\/vl\/wp-json\/wp\/v2\/types\/post"}],"author":[{"embeddable":true,"href":"https:\/\/sequiol.es\/vl\/wp-json\/wp\/v2\/users\/4"}],"replies":[{"embeddable":true,"href":"https:\/\/sequiol.es\/vl\/wp-json\/wp\/v2\/comments?post=125821"}],"version-history":[{"count":3,"href":"https:\/\/sequiol.es\/vl\/wp-json\/wp\/v2\/posts\/125821\/revisions"}],"predecessor-version":[{"id":125910,"href":"https:\/\/sequiol.es\/vl\/wp-json\/wp\/v2\/posts\/125821\/revisions\/125910"}],"wp:featuredmedia":[{"embeddable":true,"href":"https:\/\/sequiol.es\/vl\/wp-json\/wp\/v2\/media\/125604"}],"wp:attachment":[{"href":"https:\/\/sequiol.es\/vl\/wp-json\/wp\/v2\/media?parent=125821"}],"wp:term":[{"taxonomy":"category","embeddable":true,"href":"https:\/\/sequiol.es\/vl\/wp-json\/wp\/v2\/categories?post=125821"},{"taxonomy":"post_tag","embeddable":true,"href":"https:\/\/sequiol.es\/vl\/wp-json\/wp\/v2\/tags?post=125821"}],"curies":[{"name":"wp","href":"https:\/\/api.w.org\/{rel}","templated":true}]}}