{"id":124370,"date":"2024-01-27T13:50:39","date_gmt":"2024-01-27T12:50:39","guid":{"rendered":"https:\/\/sequiol.es\/?p=124370"},"modified":"2024-02-20T13:51:36","modified_gmt":"2024-02-20T12:51:36","slug":"fitur-2024","status":"publish","type":"post","link":"https:\/\/sequiol.es\/vl\/fitur-2024\/","title":{"rendered":"FITUR 2024"},"content":{"rendered":"<p><span style=\"font-weight: 400;\">I un any m\u00e9s, la Federaci\u00f3 Gestora de Gaiates viatja fins a Madrid per representar les Festes de Castell\u00f3 a la Fira Internacional de Turisme, i com no, Sequiol tamb\u00e9 ha anat a representar, aix\u00ed doncs el passat 27 de gener, la nostra Madrina de la Gaiata , Maria Voltes, acompanyada del Vicepresident, Javier Rodr\u00edguez, va anar cap a Madrid per participar a la desfilada al costat de la resta de sectors gaiaters a la Fira Internacional de Turisme, al costat de la Reina, Lourdes i la seva Cort d&#8217;Honor. Una desfilada en qu\u00e8 la Gaiata de la Ciutat Infantil 2024 va tenir el seu m\u00e0xim protagonisme, un reconeixement de les nostres festes i mostra del que signifiquen perqu\u00e8 tots aquells assistents en siguin part\u00edcips.<\/span><\/p>\n<p><span style=\"font-weight: 400;\">Aquesta experi\u00e8ncia, que gr\u00e0cies a la Junta de Festes, conjuntament amb el Patronat de festes, la regidoria de Turisme, la Federaci\u00f3 Gestora de Gaiates i el mateix Ajuntament de la ciutat, es van proposar donar el real\u00e7 que correspon a la nostra setmana gran de festes i amb aix\u00f2 participar en esdeveniments com la fira internacional de turisme m\u00e9s gran que cada any se celebra a Madrid.<\/span><\/p>\n<p><span style=\"font-weight: 400;\">Finalment, despr\u00e9s d&#8217;una molt bona feina, la nostra Madrina va assistir al dinar oficial al costat de la resta de m\u00e0ximes representants all\u00e0 a Madrid, i van passar un cap de setmana espectacular pels carrers madrilenys.<\/span><\/p>\n<p><span style=\"font-weight: 400;\">Una experi\u00e8ncia espectacular, esperem tornar el proper any.<\/span><\/p>\n<p>Fotos cortes\u00eda COMISIO \r\n\t<div class=\"slideshow_container slideshow_container_style-light\" style=\"height: 400px; \" data-slideshow-id=\"124345\" data-style-name=\"style-light\" data-style-version=\"2.3.1\" >\r\n\r\n\t\t\t\t\t<div class=\"slideshow_loading_icon\"><\/div>\r\n\t\t\r\n\t\t<div class=\"slideshow_content\" style=\"display: none;\">\r\n\r\n\t\t\t<div class=\"slideshow_view\">\r\n\t\t\t\t<div class=\"slideshow_slide slideshow_slide_image\">\r\n\t\t\t\t\t\t\t\t\t\t\t<img src=\"https:\/\/sequiol.es\/wp-content\/uploads\/2024\/02\/FITUR-2024-2-scaled.jpg\" alt=\"FITUR 2024 (2)\" width=\"1920\" height=\"2560\" \/>\r\n\t\t\t\t\t\t\t\t\t\t<div class=\"slideshow_description_box slideshow_transparent\">\r\n\t\t\t\t\t\t<div class=\"slideshow_title\">FITUR 2024 (2)<\/div>\t\t\t\t\t\t\t\t\t\t\t<\/div>\r\n\t\t\t\t<\/div>\r\n\r\n\t\t\t\t\t\t<div style=\"clear: both;\"><\/div><\/div><div class=\"slideshow_view\">\r\n\t\t\t\t<div class=\"slideshow_slide slideshow_slide_image\">\r\n\t\t\t\t\t\t\t\t\t\t\t<img src=\"https:\/\/sequiol.es\/wp-content\/uploads\/2024\/02\/FITUR-2024-1-scaled.jpg\" alt=\"FITUR 2024 (1)\" width=\"2560\" height=\"1920\" \/>\r\n\t\t\t\t\t\t\t\t\t\t<div class=\"slideshow_description_box slideshow_transparent\">\r\n\t\t\t\t\t\t<div class=\"slideshow_title\">FITUR 2024 (1)<\/div>\t\t\t\t\t\t\t\t\t\t\t<\/div>\r\n\t\t\t\t<\/div>\r\n\r\n\t\t\t\t\t\t<div style=\"clear: both;\"><\/div><\/div><div class=\"slideshow_view\">\r\n\t\t\t\t<div class=\"slideshow_slide slideshow_slide_image\">\r\n\t\t\t\t\t\t\t\t\t\t\t<img src=\"https:\/\/sequiol.es\/wp-content\/uploads\/2024\/02\/101C5117-4AC0-4675-803D-41BFBB39ED42-scaled.jpg\" alt=\"101C5117-4AC0-4675-803D-41BFBB39ED42\" width=\"1440\" height=\"2560\" \/>\r\n\t\t\t\t\t\t\t\t\t\t<div class=\"slideshow_description_box slideshow_transparent\">\r\n\t\t\t\t\t\t<div class=\"slideshow_title\">101C5117-4AC0-4675-803D-41BFBB39ED42<\/div>\t\t\t\t\t\t\t\t\t\t\t<\/div>\r\n\t\t\t\t<\/div>\r\n\r\n\t\t\t\t\t\t<div style=\"clear: both;\"><\/div><\/div><div class=\"slideshow_view\">\r\n\t\t\t\t<div class=\"slideshow_slide slideshow_slide_image\">\r\n\t\t\t\t\t\t\t\t\t\t\t<img src=\"https:\/\/sequiol.es\/wp-content\/uploads\/2024\/02\/IMG_1927.jpg\" alt=\"IMG_1927\" width=\"1286\" height=\"965\" \/>\r\n\t\t\t\t\t\t\t\t\t\t<div class=\"slideshow_description_box slideshow_transparent\">\r\n\t\t\t\t\t\t<div class=\"slideshow_title\">IMG_1927<\/div>\t\t\t\t\t\t\t\t\t\t\t<\/div>\r\n\t\t\t\t<\/div>\r\n\r\n\t\t\t\t\t\t<div style=\"clear: both;\"><\/div><\/div><div class=\"slideshow_view\">\r\n\t\t\t\t<div class=\"slideshow_slide slideshow_slide_image\">\r\n\t\t\t\t\t\t\t\t\t\t\t<img src=\"https:\/\/sequiol.es\/wp-content\/uploads\/2024\/02\/IMG_0001.jpg\" alt=\"IMG_0001\" width=\"2048\" height=\"1536\" \/>\r\n\t\t\t\t\t\t\t\t\t\t<div class=\"slideshow_description_box slideshow_transparent\">\r\n\t\t\t\t\t\t<div class=\"slideshow_title\">IMG_0001<\/div>\t\t\t\t\t\t\t\t\t\t\t<\/div>\r\n\t\t\t\t<\/div>\r\n\r\n\t\t\t\t\t\t<div style=\"clear: both;\"><\/div><\/div><div class=\"slideshow_view\">\r\n\t\t\t\t<div class=\"slideshow_slide slideshow_slide_image\">\r\n\t\t\t\t\t\t\t\t\t\t\t<img src=\"https:\/\/sequiol.es\/wp-content\/uploads\/2024\/02\/FITUR-2024-5-scaled.jpg\" alt=\"FITUR 2024 (5)\" width=\"1920\" height=\"2560\" \/>\r\n\t\t\t\t\t\t\t\t\t\t<div class=\"slideshow_description_box slideshow_transparent\">\r\n\t\t\t\t\t\t<div class=\"slideshow_title\">FITUR 2024 (5)<\/div>\t\t\t\t\t\t\t\t\t\t\t<\/div>\r\n\t\t\t\t<\/div>\r\n\r\n\t\t\t\t\t\t<div style=\"clear: both;\"><\/div><\/div><div class=\"slideshow_view\">\r\n\t\t\t\t<div class=\"slideshow_slide slideshow_slide_image\">\r\n\t\t\t\t\t\t\t\t\t\t\t<img src=\"https:\/\/sequiol.es\/wp-content\/uploads\/2024\/02\/FITUR-2024-4-scaled.jpg\" alt=\"FITUR 2024 (4)\" width=\"2560\" height=\"1920\" \/>\r\n\t\t\t\t\t\t\t\t\t\t<div class=\"slideshow_description_box slideshow_transparent\">\r\n\t\t\t\t\t\t<div class=\"slideshow_title\">FITUR 2024 (4)<\/div>\t\t\t\t\t\t\t\t\t\t\t<\/div>\r\n\t\t\t\t<\/div>\r\n\r\n\t\t\t\t\t\t<div style=\"clear: both;\"><\/div><\/div><div class=\"slideshow_view\">\r\n\t\t\t\t<div class=\"slideshow_slide slideshow_slide_image\">\r\n\t\t\t\t\t\t\t\t\t\t\t<img src=\"https:\/\/sequiol.es\/wp-content\/uploads\/2024\/02\/FITUR-2024-3-scaled.jpg\" alt=\"FITUR 2024 (3)\" width=\"1920\" height=\"2560\" \/>\r\n\t\t\t\t\t\t\t\t\t\t<div class=\"slideshow_description_box slideshow_transparent\">\r\n\t\t\t\t\t\t<div class=\"slideshow_title\">FITUR 2024 (3)<\/div>\t\t\t\t\t\t\t\t\t\t\t<\/div>\r\n\t\t\t\t<\/div>\r\n\r\n\t\t\t\t\t\t<div style=\"clear: both;\"><\/div><\/div>\r\n\t\t<\/div>\r\n\r\n\t\t<div class=\"slideshow_controlPanel slideshow_transparent\" style=\"display: none;\"><ul><li class=\"slideshow_togglePlay\" data-play-text=\"Play\" data-pause-text=\"Pause\"><\/li><\/ul><\/div>\r\n\r\n\t\t<div class=\"slideshow_button slideshow_previous slideshow_transparent\" role=\"button\" data-previous-text=\"Previous\" style=\"display: none;\"><\/div>\r\n\t\t<div class=\"slideshow_button slideshow_next slideshow_transparent\" role=\"button\" data-next-text=\"Next\" style=\"display: none;\"><\/div>\r\n\r\n\t\t<div class=\"slideshow_pagination\" style=\"display: none;\" data-go-to-text=\"Go to slide\"><div class=\"slideshow_pagination_center\"><\/div><\/div>\r\n\r\n\t\t<!-- WordPress Slideshow Version 2.3.1 -->\r\n\r\n\t\t\t<\/div>\r\n\r\n<\/p>\n","protected":false},"excerpt":{"rendered":"<p>I un any m\u00e9s, la Federaci\u00f3 Gestora de Gaiates viatja fins a Madrid per representar les Festes de Castell\u00f3 a la Fira Internacional de Turisme, i com no, Sequiol tamb\u00e9 ha anat a representar, aix\u00ed doncs el passat 27 de gener, la nostra Madrina de la Gaiata , Maria Voltes, acompanyada del Vicepresident, Javier Rodr\u00edguez, [&hellip;]<\/p>\n","protected":false},"author":4,"featured_media":124358,"comment_status":"open","ping_status":"open","sticky":false,"template":"","format":"standard","meta":{"footnotes":""},"categories":[173],"tags":[],"class_list":["post-124370","post","type-post","status-publish","format-standard","has-post-thumbnail","hentry","category-magdalena-2024"],"_links":{"self":[{"href":"https:\/\/sequiol.es\/vl\/wp-json\/wp\/v2\/posts\/124370","targetHints":{"allow":["GET"]}}],"collection":[{"href":"https:\/\/sequiol.es\/vl\/wp-json\/wp\/v2\/posts"}],"about":[{"href":"https:\/\/sequiol.es\/vl\/wp-json\/wp\/v2\/types\/post"}],"author":[{"embeddable":true,"href":"https:\/\/sequiol.es\/vl\/wp-json\/wp\/v2\/users\/4"}],"replies":[{"embeddable":true,"href":"https:\/\/sequiol.es\/vl\/wp-json\/wp\/v2\/comments?post=124370"}],"version-history":[{"count":1,"href":"https:\/\/sequiol.es\/vl\/wp-json\/wp\/v2\/posts\/124370\/revisions"}],"predecessor-version":[{"id":124371,"href":"https:\/\/sequiol.es\/vl\/wp-json\/wp\/v2\/posts\/124370\/revisions\/124371"}],"wp:featuredmedia":[{"embeddable":true,"href":"https:\/\/sequiol.es\/vl\/wp-json\/wp\/v2\/media\/124358"}],"wp:attachment":[{"href":"https:\/\/sequiol.es\/vl\/wp-json\/wp\/v2\/media?parent=124370"}],"wp:term":[{"taxonomy":"category","embeddable":true,"href":"https:\/\/sequiol.es\/vl\/wp-json\/wp\/v2\/categories?post=124370"},{"taxonomy":"post_tag","embeddable":true,"href":"https:\/\/sequiol.es\/vl\/wp-json\/wp\/v2\/tags?post=124370"}],"curies":[{"name":"wp","href":"https:\/\/api.w.org\/{rel}","templated":true}]}}