{"id":124091,"date":"2023-12-05T10:51:27","date_gmt":"2023-12-05T09:51:27","guid":{"rendered":"https:\/\/sequiol.es\/?p=124091"},"modified":"2024-01-13T10:52:55","modified_gmt":"2024-01-13T09:52:55","slug":"encendido-de-luces","status":"publish","type":"post","link":"https:\/\/sequiol.es\/vl\/encendido-de-luces\/","title":{"rendered":"ENCENDIDO DE LUCES"},"content":{"rendered":"<p><span style=\"font-weight: 400;\">Ja s&#8217;acosta el Nadal, i a Castell\u00f3 ho sabem, i no hi ha cap manera millor d&#8217;inaugurar aquesta data tan assenyalada que amb un acte d&#8217;encesa de llums.<\/span><\/p>\n<p><span style=\"font-weight: 400;\">Aquest any, amb la Pla\u00e7a Majore plena de castellonencs desitjant que comence ja una temporada m\u00e0gica, els m\u00e0xims representants dels sectors gaiaters van ser convidats a poder gaudir d&#8217;aquesta nit m\u00e0gica tamb\u00e9, i \u00e9s clar, all\u00e0 van estar els nostres m\u00e0xims representants, Maria, Leyre i Victor, acompanyats de la nostra presidenta Elisabeth, a veure com la nostra estimada ciutat s&#8217;il\u00b7lumina amb llum.<\/span><\/p>\n<p><span style=\"font-weight: 400;\">Per aix\u00f2, per celebrar l&#8217;arribada de la temporada nadalenca, va comen\u00e7ar el tan esperat acte d&#8217;encesa de llums a la nostra estimada ciutat. En aquest moment m\u00e0gic, ens unim com a ve\u00efns, amics i familiars per submergir-nos en l&#8217;esplendor c\u00e0lida i festiva que il\u00b7luminar\u00e0 els nostres carrers i el nostres cors durant aquestes festivitats.<\/span><\/p>\n<p><span style=\"font-weight: 400;\">I els sequiols ben orgullosos, ja que, a m\u00e9s que van assistir els nostres m\u00e0xims representants, van ser les nostres sequioles, que aquest cicle fester son m\u00e0ximes representants de la Ciutat, la Reina, Lourdes, i Dames de la Ciutat, Adriana i Lucia, les qui van tenir l&#8217;oportunitat d&#8217;encendre la llum a tota la ciutat.<\/span><\/p>\n<p><span style=\"font-weight: 400;\">Comencem, doncs, ja una \u00e8poca meravellosa i plena d&#8217;esperan\u00e7a i de somnis.<\/span><\/p>\n<p>&nbsp;<\/p>\n<p>Fotos cortes\u00eda COMISIO \r\n\t<div class=\"slideshow_container slideshow_container_style-light\" style=\"height: 400px; \" data-slideshow-id=\"124045\" data-style-name=\"style-light\" data-style-version=\"2.3.1\" >\r\n\r\n\t\t\t\t\t<div class=\"slideshow_loading_icon\"><\/div>\r\n\t\t\r\n\t\t<div class=\"slideshow_content\" style=\"display: none;\">\r\n\r\n\t\t\t<div class=\"slideshow_view\">\r\n\t\t\t\t<div class=\"slideshow_slide slideshow_slide_image\">\r\n\t\t\t\t\t\t\t\t\t\t\t<img src=\"https:\/\/sequiol.es\/wp-content\/uploads\/2024\/01\/ENCENDIDO-DE-LUCES-1-scaled.jpg\" alt=\"ENCENDIDO DE LUCES (1)\" width=\"1920\" height=\"2560\" \/>\r\n\t\t\t\t\t\t\t\t\t\t<div class=\"slideshow_description_box slideshow_transparent\">\r\n\t\t\t\t\t\t<div class=\"slideshow_title\">ENCENDIDO DE LUCES (1)<\/div>\t\t\t\t\t\t\t\t\t\t\t<\/div>\r\n\t\t\t\t<\/div>\r\n\r\n\t\t\t\t\t\t<div style=\"clear: both;\"><\/div><\/div><div class=\"slideshow_view\">\r\n\t\t\t\t<div class=\"slideshow_slide slideshow_slide_image\">\r\n\t\t\t\t\t\t\t\t\t\t\t<img src=\"https:\/\/sequiol.es\/wp-content\/uploads\/2024\/01\/ENCENDIDO-DE-LUCES-15-scaled.jpg\" alt=\"ENCENDIDO DE LUCES (15)\" width=\"1920\" height=\"2560\" \/>\r\n\t\t\t\t\t\t\t\t\t\t<div class=\"slideshow_description_box slideshow_transparent\">\r\n\t\t\t\t\t\t<div class=\"slideshow_title\">ENCENDIDO DE LUCES (15)<\/div>\t\t\t\t\t\t\t\t\t\t\t<\/div>\r\n\t\t\t\t<\/div>\r\n\r\n\t\t\t\t\t\t<div style=\"clear: both;\"><\/div><\/div><div class=\"slideshow_view\">\r\n\t\t\t\t<div class=\"slideshow_slide slideshow_slide_image\">\r\n\t\t\t\t\t\t\t\t\t\t\t<img src=\"https:\/\/sequiol.es\/wp-content\/uploads\/2024\/01\/ENCENDIDO-DE-LUCES-14-scaled.jpg\" alt=\"ENCENDIDO DE LUCES (14)\" width=\"2560\" height=\"1920\" \/>\r\n\t\t\t\t\t\t\t\t\t\t<div class=\"slideshow_description_box slideshow_transparent\">\r\n\t\t\t\t\t\t<div class=\"slideshow_title\">ENCENDIDO DE LUCES (14)<\/div>\t\t\t\t\t\t\t\t\t\t\t<\/div>\r\n\t\t\t\t<\/div>\r\n\r\n\t\t\t\t\t\t<div style=\"clear: both;\"><\/div><\/div><div class=\"slideshow_view\">\r\n\t\t\t\t<div class=\"slideshow_slide slideshow_slide_image\">\r\n\t\t\t\t\t\t\t\t\t\t\t<img src=\"https:\/\/sequiol.es\/wp-content\/uploads\/2024\/01\/ENCENDIDO-DE-LUCES-13-scaled.jpg\" alt=\"ENCENDIDO DE LUCES (13)\" width=\"1920\" height=\"2560\" \/>\r\n\t\t\t\t\t\t\t\t\t\t<div class=\"slideshow_description_box slideshow_transparent\">\r\n\t\t\t\t\t\t<div class=\"slideshow_title\">ENCENDIDO DE LUCES (13)<\/div>\t\t\t\t\t\t\t\t\t\t\t<\/div>\r\n\t\t\t\t<\/div>\r\n\r\n\t\t\t\t\t\t<div style=\"clear: both;\"><\/div><\/div><div class=\"slideshow_view\">\r\n\t\t\t\t<div class=\"slideshow_slide slideshow_slide_image\">\r\n\t\t\t\t\t\t\t\t\t\t\t<img src=\"https:\/\/sequiol.es\/wp-content\/uploads\/2024\/01\/ENCENDIDO-DE-LUCES-12-scaled.jpg\" alt=\"ENCENDIDO DE LUCES (12)\" width=\"1920\" height=\"2560\" \/>\r\n\t\t\t\t\t\t\t\t\t\t<div class=\"slideshow_description_box slideshow_transparent\">\r\n\t\t\t\t\t\t<div class=\"slideshow_title\">ENCENDIDO DE LUCES (12)<\/div>\t\t\t\t\t\t\t\t\t\t\t<\/div>\r\n\t\t\t\t<\/div>\r\n\r\n\t\t\t\t\t\t<div style=\"clear: both;\"><\/div><\/div><div class=\"slideshow_view\">\r\n\t\t\t\t<div class=\"slideshow_slide slideshow_slide_image\">\r\n\t\t\t\t\t\t\t\t\t\t\t<img src=\"https:\/\/sequiol.es\/wp-content\/uploads\/2024\/01\/ENCENDIDO-DE-LUCES-11-scaled.jpg\" alt=\"ENCENDIDO DE LUCES (11)\" width=\"1920\" height=\"2560\" \/>\r\n\t\t\t\t\t\t\t\t\t\t<div class=\"slideshow_description_box slideshow_transparent\">\r\n\t\t\t\t\t\t<div class=\"slideshow_title\">ENCENDIDO DE LUCES (11)<\/div>\t\t\t\t\t\t\t\t\t\t\t<\/div>\r\n\t\t\t\t<\/div>\r\n\r\n\t\t\t\t\t\t<div style=\"clear: both;\"><\/div><\/div><div class=\"slideshow_view\">\r\n\t\t\t\t<div class=\"slideshow_slide slideshow_slide_image\">\r\n\t\t\t\t\t\t\t\t\t\t\t<img src=\"https:\/\/sequiol.es\/wp-content\/uploads\/2024\/01\/ENCENDIDO-DE-LUCES-10-scaled.jpg\" alt=\"ENCENDIDO DE LUCES (10)\" width=\"1920\" height=\"2560\" \/>\r\n\t\t\t\t\t\t\t\t\t\t<div class=\"slideshow_description_box slideshow_transparent\">\r\n\t\t\t\t\t\t<div class=\"slideshow_title\">ENCENDIDO DE LUCES (10)<\/div>\t\t\t\t\t\t\t\t\t\t\t<\/div>\r\n\t\t\t\t<\/div>\r\n\r\n\t\t\t\t\t\t<div style=\"clear: both;\"><\/div><\/div><div class=\"slideshow_view\">\r\n\t\t\t\t<div class=\"slideshow_slide slideshow_slide_image\">\r\n\t\t\t\t\t\t\t\t\t\t\t<img src=\"https:\/\/sequiol.es\/wp-content\/uploads\/2024\/01\/ENCENDIDO-DE-LUCES-9-scaled.jpg\" alt=\"ENCENDIDO DE LUCES (9)\" width=\"2560\" height=\"1920\" \/>\r\n\t\t\t\t\t\t\t\t\t\t<div class=\"slideshow_description_box slideshow_transparent\">\r\n\t\t\t\t\t\t<div class=\"slideshow_title\">ENCENDIDO DE LUCES (9)<\/div>\t\t\t\t\t\t\t\t\t\t\t<\/div>\r\n\t\t\t\t<\/div>\r\n\r\n\t\t\t\t\t\t<div style=\"clear: both;\"><\/div><\/div><div class=\"slideshow_view\">\r\n\t\t\t\t<div class=\"slideshow_slide slideshow_slide_image\">\r\n\t\t\t\t\t\t\t\t\t\t\t<img src=\"https:\/\/sequiol.es\/wp-content\/uploads\/2024\/01\/ENCENDIDO-DE-LUCES-8-scaled.jpg\" alt=\"ENCENDIDO DE LUCES (8)\" width=\"1920\" height=\"2560\" \/>\r\n\t\t\t\t\t\t\t\t\t\t<div class=\"slideshow_description_box slideshow_transparent\">\r\n\t\t\t\t\t\t<div class=\"slideshow_title\">ENCENDIDO DE LUCES (8)<\/div>\t\t\t\t\t\t\t\t\t\t\t<\/div>\r\n\t\t\t\t<\/div>\r\n\r\n\t\t\t\t\t\t<div style=\"clear: both;\"><\/div><\/div><div class=\"slideshow_view\">\r\n\t\t\t\t<div class=\"slideshow_slide slideshow_slide_image\">\r\n\t\t\t\t\t\t\t\t\t\t\t<img src=\"https:\/\/sequiol.es\/wp-content\/uploads\/2024\/01\/ENCENDIDO-DE-LUCES-7-scaled.jpg\" alt=\"ENCENDIDO DE LUCES (7)\" width=\"2560\" height=\"1996\" \/>\r\n\t\t\t\t\t\t\t\t\t\t<div class=\"slideshow_description_box slideshow_transparent\">\r\n\t\t\t\t\t\t<div class=\"slideshow_title\">ENCENDIDO DE LUCES (7)<\/div>\t\t\t\t\t\t\t\t\t\t\t<\/div>\r\n\t\t\t\t<\/div>\r\n\r\n\t\t\t\t\t\t<div style=\"clear: both;\"><\/div><\/div><div class=\"slideshow_view\">\r\n\t\t\t\t<div class=\"slideshow_slide slideshow_slide_image\">\r\n\t\t\t\t\t\t\t\t\t\t\t<img src=\"https:\/\/sequiol.es\/wp-content\/uploads\/2024\/01\/ENCENDIDO-DE-LUCES-6-scaled.jpg\" alt=\"ENCENDIDO DE LUCES (6)\" width=\"2560\" height=\"2021\" \/>\r\n\t\t\t\t\t\t\t\t\t\t<div class=\"slideshow_description_box slideshow_transparent\">\r\n\t\t\t\t\t\t<div class=\"slideshow_title\">ENCENDIDO DE LUCES (6)<\/div>\t\t\t\t\t\t\t\t\t\t\t<\/div>\r\n\t\t\t\t<\/div>\r\n\r\n\t\t\t\t\t\t<div style=\"clear: both;\"><\/div><\/div><div class=\"slideshow_view\">\r\n\t\t\t\t<div class=\"slideshow_slide slideshow_slide_image\">\r\n\t\t\t\t\t\t\t\t\t\t\t<img src=\"https:\/\/sequiol.es\/wp-content\/uploads\/2024\/01\/ENCENDIDO-DE-LUCES-5.jpg\" alt=\"ENCENDIDO DE LUCES (5)\" width=\"1772\" height=\"2362\" \/>\r\n\t\t\t\t\t\t\t\t\t\t<div class=\"slideshow_description_box slideshow_transparent\">\r\n\t\t\t\t\t\t<div class=\"slideshow_title\">ENCENDIDO DE LUCES (5)<\/div>\t\t\t\t\t\t\t\t\t\t\t<\/div>\r\n\t\t\t\t<\/div>\r\n\r\n\t\t\t\t\t\t<div style=\"clear: both;\"><\/div><\/div><div class=\"slideshow_view\">\r\n\t\t\t\t<div class=\"slideshow_slide slideshow_slide_image\">\r\n\t\t\t\t\t\t\t\t\t\t\t<img src=\"https:\/\/sequiol.es\/wp-content\/uploads\/2024\/01\/ENCENDIDO-DE-LUCES-4.jpg\" alt=\"ENCENDIDO DE LUCES (4)\" width=\"2362\" height=\"1772\" \/>\r\n\t\t\t\t\t\t\t\t\t\t<div class=\"slideshow_description_box slideshow_transparent\">\r\n\t\t\t\t\t\t<div class=\"slideshow_title\">ENCENDIDO DE LUCES (4)<\/div>\t\t\t\t\t\t\t\t\t\t\t<\/div>\r\n\t\t\t\t<\/div>\r\n\r\n\t\t\t\t\t\t<div style=\"clear: both;\"><\/div><\/div><div class=\"slideshow_view\">\r\n\t\t\t\t<div class=\"slideshow_slide slideshow_slide_image\">\r\n\t\t\t\t\t\t\t\t\t\t\t<img src=\"https:\/\/sequiol.es\/wp-content\/uploads\/2024\/01\/ENCENDIDO-DE-LUCES-3.jpg\" alt=\"ENCENDIDO DE LUCES (3)\" width=\"1772\" height=\"2362\" \/>\r\n\t\t\t\t\t\t\t\t\t\t<div class=\"slideshow_description_box slideshow_transparent\">\r\n\t\t\t\t\t\t<div class=\"slideshow_title\">ENCENDIDO DE LUCES (3)<\/div>\t\t\t\t\t\t\t\t\t\t\t<\/div>\r\n\t\t\t\t<\/div>\r\n\r\n\t\t\t\t\t\t<div style=\"clear: both;\"><\/div><\/div><div class=\"slideshow_view\">\r\n\t\t\t\t<div class=\"slideshow_slide slideshow_slide_image\">\r\n\t\t\t\t\t\t\t\t\t\t\t<img src=\"https:\/\/sequiol.es\/wp-content\/uploads\/2024\/01\/ENCENDIDO-DE-LUCES-2.jpg\" alt=\"ENCENDIDO DE LUCES (2)\" width=\"2362\" height=\"1772\" \/>\r\n\t\t\t\t\t\t\t\t\t\t<div class=\"slideshow_description_box slideshow_transparent\">\r\n\t\t\t\t\t\t<div class=\"slideshow_title\">ENCENDIDO DE LUCES (2)<\/div>\t\t\t\t\t\t\t\t\t\t\t<\/div>\r\n\t\t\t\t<\/div>\r\n\r\n\t\t\t\t\t\t<div style=\"clear: both;\"><\/div><\/div>\r\n\t\t<\/div>\r\n\r\n\t\t<div class=\"slideshow_controlPanel slideshow_transparent\" style=\"display: none;\"><ul><li class=\"slideshow_togglePlay\" data-play-text=\"Play\" data-pause-text=\"Pause\"><\/li><\/ul><\/div>\r\n\r\n\t\t<div class=\"slideshow_button slideshow_previous slideshow_transparent\" role=\"button\" data-previous-text=\"Previous\" style=\"display: none;\"><\/div>\r\n\t\t<div class=\"slideshow_button slideshow_next slideshow_transparent\" role=\"button\" data-next-text=\"Next\" style=\"display: none;\"><\/div>\r\n\r\n\t\t<div class=\"slideshow_pagination\" style=\"display: none;\" data-go-to-text=\"Go to slide\"><div class=\"slideshow_pagination_center\"><\/div><\/div>\r\n\r\n\t\t<!-- WordPress Slideshow Version 2.3.1 -->\r\n\r\n\t\t\t<\/div>\r\n\r\n<\/p>\n","protected":false},"excerpt":{"rendered":"<p>Ja s&#8217;acosta el Nadal, i a Castell\u00f3 ho sabem, i no hi ha cap manera millor d&#8217;inaugurar aquesta data tan assenyalada que amb un acte d&#8217;encesa de llums. Aquest any, amb la Pla\u00e7a Majore plena de castellonencs desitjant que comence ja una temporada m\u00e0gica, els m\u00e0xims representants dels sectors gaiaters van ser convidats a poder [&hellip;]<\/p>\n","protected":false},"author":4,"featured_media":124085,"comment_status":"open","ping_status":"open","sticky":false,"template":"","format":"standard","meta":{"footnotes":""},"categories":[173],"tags":[],"class_list":["post-124091","post","type-post","status-publish","format-standard","has-post-thumbnail","hentry","category-magdalena-2024"],"_links":{"self":[{"href":"https:\/\/sequiol.es\/vl\/wp-json\/wp\/v2\/posts\/124091","targetHints":{"allow":["GET"]}}],"collection":[{"href":"https:\/\/sequiol.es\/vl\/wp-json\/wp\/v2\/posts"}],"about":[{"href":"https:\/\/sequiol.es\/vl\/wp-json\/wp\/v2\/types\/post"}],"author":[{"embeddable":true,"href":"https:\/\/sequiol.es\/vl\/wp-json\/wp\/v2\/users\/4"}],"replies":[{"embeddable":true,"href":"https:\/\/sequiol.es\/vl\/wp-json\/wp\/v2\/comments?post=124091"}],"version-history":[{"count":1,"href":"https:\/\/sequiol.es\/vl\/wp-json\/wp\/v2\/posts\/124091\/revisions"}],"predecessor-version":[{"id":124092,"href":"https:\/\/sequiol.es\/vl\/wp-json\/wp\/v2\/posts\/124091\/revisions\/124092"}],"wp:featuredmedia":[{"embeddable":true,"href":"https:\/\/sequiol.es\/vl\/wp-json\/wp\/v2\/media\/124085"}],"wp:attachment":[{"href":"https:\/\/sequiol.es\/vl\/wp-json\/wp\/v2\/media?parent=124091"}],"wp:term":[{"taxonomy":"category","embeddable":true,"href":"https:\/\/sequiol.es\/vl\/wp-json\/wp\/v2\/categories?post=124091"},{"taxonomy":"post_tag","embeddable":true,"href":"https:\/\/sequiol.es\/vl\/wp-json\/wp\/v2\/tags?post=124091"}],"curies":[{"name":"wp","href":"https:\/\/api.w.org\/{rel}","templated":true}]}}