{"id":123826,"date":"2023-12-22T19:17:56","date_gmt":"2023-12-22T18:17:56","guid":{"rendered":"https:\/\/sequiol.es\/?p=123826"},"modified":"2024-01-12T19:21:41","modified_gmt":"2024-01-12T18:21:41","slug":"entrega-de-premis-belen","status":"publish","type":"post","link":"https:\/\/sequiol.es\/vl\/entrega-de-premis-belen\/","title":{"rendered":"ENTREGA DE PREMIS BEL\u00c9N\u00a0"},"content":{"rendered":"<p>&nbsp;<\/p>\n<p><span style=\"font-weight: 400;\">Cada any, l&#8217;Ajuntament de Castell\u00f3 organitza un concurs de pessebres amb motiu de les festes nadalenques, tan arrelades a la poblaci\u00f3. En una emotiva vetllada nadalenca, els premiats castellonencs ens vam reunir per celebrar el lliurament de premis de pessebres, una tradici\u00f3 que il\u00b7lumina els nostres cors durant la temporada festiva. L&#8217;esdeveniment va tindre lloc a la sala de plens de l&#8217;Ajuntament de Castell\u00f3, on les Reines de les Festes, Lourdes i Vega ens van lliurar aquests premis.<\/span><\/p>\n<p><span style=\"font-weight: 400;\">Per aix\u00f2, els nostres m\u00e0xims representants, Maria, Leyre i Victor, i la nostra Presidenta, Elisabeth, van acudir per recollir el premi atorgat a la Gaiata 15 \u201cSequiol\u201d, que aquest any rebia un quart premi, un lloc del qual estem molt contents i orgullosos de tindre.<\/span><\/p>\n<p>&nbsp;<\/p>\n<p><span style=\"font-weight: 400;\">La comissi\u00f3 de la gaiata 15 sequiol vol agrair especialment al grup de treball del pessebre sequioler, que ha estat treballant perqu\u00e8 pugam mantenir aquesta bonica tradici\u00f3 i perqu\u00e8 aquestes festes tan assenyalades siguen m\u00e9s especials i decoren el cau del sector d&#8217;una manera m\u00e9s particular, i que gr\u00e0cies al seu esfor\u00e7 ha pogut obtenir aquest any el quart premi.<\/span><\/p>\n<p>&nbsp;<\/p>\n<p>Fotos cortes\u00eda COMISIO \r\n\t<div class=\"slideshow_container slideshow_container_style-light\" style=\"height: 400px; \" data-slideshow-id=\"123808\" data-style-name=\"style-light\" data-style-version=\"2.3.1\" >\r\n\r\n\t\t\t\t\t<div class=\"slideshow_loading_icon\"><\/div>\r\n\t\t\r\n\t\t<div class=\"slideshow_content\" style=\"display: none;\">\r\n\r\n\t\t\t<div class=\"slideshow_view\">\r\n\t\t\t\t<div class=\"slideshow_slide slideshow_slide_image\">\r\n\t\t\t\t\t\t\t\t\t\t\t<img src=\"https:\/\/sequiol.es\/wp-content\/uploads\/2024\/01\/IMG_2858-scaled.jpg\" alt=\"IMG_2858\" width=\"2560\" height=\"1920\" \/>\r\n\t\t\t\t\t\t\t\t\t\t<div class=\"slideshow_description_box slideshow_transparent\">\r\n\t\t\t\t\t\t<div class=\"slideshow_title\">IMG_2858<\/div>\t\t\t\t\t\t\t\t\t\t\t<\/div>\r\n\t\t\t\t<\/div>\r\n\r\n\t\t\t\t\t\t<div style=\"clear: both;\"><\/div><\/div><div class=\"slideshow_view\">\r\n\t\t\t\t<div class=\"slideshow_slide slideshow_slide_image\">\r\n\t\t\t\t\t\t\t\t\t\t\t<img src=\"https:\/\/sequiol.es\/wp-content\/uploads\/2024\/01\/IMG_2856-scaled.jpg\" alt=\"IMG_2856\" width=\"1920\" height=\"2560\" \/>\r\n\t\t\t\t\t\t\t\t\t\t<div class=\"slideshow_description_box slideshow_transparent\">\r\n\t\t\t\t\t\t<div class=\"slideshow_title\">IMG_2856<\/div>\t\t\t\t\t\t\t\t\t\t\t<\/div>\r\n\t\t\t\t<\/div>\r\n\r\n\t\t\t\t\t\t<div style=\"clear: both;\"><\/div><\/div><div class=\"slideshow_view\">\r\n\t\t\t\t<div class=\"slideshow_slide slideshow_slide_image\">\r\n\t\t\t\t\t\t\t\t\t\t\t<img src=\"https:\/\/sequiol.es\/wp-content\/uploads\/2024\/01\/b1379be2-a1f5-4333-a1d9-6d222180505e.jpg\" alt=\"b1379be2-a1f5-4333-a1d9-6d222180505e\" width=\"2048\" height=\"1366\" \/>\r\n\t\t\t\t\t\t\t\t\t\t<div class=\"slideshow_description_box slideshow_transparent\">\r\n\t\t\t\t\t\t<div class=\"slideshow_title\">b1379be2-a1f5-4333-a1d9-6d222180505e<\/div>\t\t\t\t\t\t\t\t\t\t\t<\/div>\r\n\t\t\t\t<\/div>\r\n\r\n\t\t\t\t\t\t<div style=\"clear: both;\"><\/div><\/div><div class=\"slideshow_view\">\r\n\t\t\t\t<div class=\"slideshow_slide slideshow_slide_image\">\r\n\t\t\t\t\t\t\t\t\t\t\t<img src=\"https:\/\/sequiol.es\/wp-content\/uploads\/2024\/01\/70928949-0CDD-4DC0-87F5-FB1A84B7E90F-scaled.jpg\" alt=\"70928949-0CDD-4DC0-87F5-FB1A84B7E90F\" width=\"2560\" height=\"1440\" \/>\r\n\t\t\t\t\t\t\t\t\t\t<div class=\"slideshow_description_box slideshow_transparent\">\r\n\t\t\t\t\t\t<div class=\"slideshow_title\">70928949-0CDD-4DC0-87F5-FB1A84B7E90F<\/div>\t\t\t\t\t\t\t\t\t\t\t<\/div>\r\n\t\t\t\t<\/div>\r\n\r\n\t\t\t\t\t\t<div style=\"clear: both;\"><\/div><\/div><div class=\"slideshow_view\">\r\n\t\t\t\t<div class=\"slideshow_slide slideshow_slide_image\">\r\n\t\t\t\t\t\t\t\t\t\t\t<img src=\"https:\/\/sequiol.es\/wp-content\/uploads\/2024\/01\/6e8a3d27-8c3c-4745-8914-eb771594fb22.jpg\" alt=\"6e8a3d27-8c3c-4745-8914-eb771594fb22\" width=\"2048\" height=\"1366\" \/>\r\n\t\t\t\t\t\t\t\t\t\t<div class=\"slideshow_description_box slideshow_transparent\">\r\n\t\t\t\t\t\t<div class=\"slideshow_title\">6e8a3d27-8c3c-4745-8914-eb771594fb22<\/div>\t\t\t\t\t\t\t\t\t\t\t<\/div>\r\n\t\t\t\t<\/div>\r\n\r\n\t\t\t\t\t\t<div style=\"clear: both;\"><\/div><\/div>\r\n\t\t<\/div>\r\n\r\n\t\t<div class=\"slideshow_controlPanel slideshow_transparent\" style=\"display: none;\"><ul><li class=\"slideshow_togglePlay\" data-play-text=\"Play\" data-pause-text=\"Pause\"><\/li><\/ul><\/div>\r\n\r\n\t\t<div class=\"slideshow_button slideshow_previous slideshow_transparent\" role=\"button\" data-previous-text=\"Previous\" style=\"display: none;\"><\/div>\r\n\t\t<div class=\"slideshow_button slideshow_next slideshow_transparent\" role=\"button\" data-next-text=\"Next\" style=\"display: none;\"><\/div>\r\n\r\n\t\t<div class=\"slideshow_pagination\" style=\"display: none;\" data-go-to-text=\"Go to slide\"><div class=\"slideshow_pagination_center\"><\/div><\/div>\r\n\r\n\t\t<!-- WordPress Slideshow Version 2.3.1 -->\r\n\r\n\t\t\t<\/div>\r\n\r\n<\/p>\n","protected":false},"excerpt":{"rendered":"<p>&nbsp; Cada any, l&#8217;Ajuntament de Castell\u00f3 organitza un concurs de pessebres amb motiu de les festes nadalenques, tan arrelades a la poblaci\u00f3. En una emotiva vetllada nadalenca, els premiats castellonencs ens vam reunir per celebrar el lliurament de premis de pessebres, una tradici\u00f3 que il\u00b7lumina els nostres cors durant la temporada festiva. L&#8217;esdeveniment va tindre [&hellip;]<\/p>\n","protected":false},"author":4,"featured_media":123817,"comment_status":"open","ping_status":"open","sticky":false,"template":"","format":"standard","meta":{"footnotes":""},"categories":[173],"tags":[],"class_list":["post-123826","post","type-post","status-publish","format-standard","has-post-thumbnail","hentry","category-magdalena-2024"],"_links":{"self":[{"href":"https:\/\/sequiol.es\/vl\/wp-json\/wp\/v2\/posts\/123826","targetHints":{"allow":["GET"]}}],"collection":[{"href":"https:\/\/sequiol.es\/vl\/wp-json\/wp\/v2\/posts"}],"about":[{"href":"https:\/\/sequiol.es\/vl\/wp-json\/wp\/v2\/types\/post"}],"author":[{"embeddable":true,"href":"https:\/\/sequiol.es\/vl\/wp-json\/wp\/v2\/users\/4"}],"replies":[{"embeddable":true,"href":"https:\/\/sequiol.es\/vl\/wp-json\/wp\/v2\/comments?post=123826"}],"version-history":[{"count":1,"href":"https:\/\/sequiol.es\/vl\/wp-json\/wp\/v2\/posts\/123826\/revisions"}],"predecessor-version":[{"id":123827,"href":"https:\/\/sequiol.es\/vl\/wp-json\/wp\/v2\/posts\/123826\/revisions\/123827"}],"wp:featuredmedia":[{"embeddable":true,"href":"https:\/\/sequiol.es\/vl\/wp-json\/wp\/v2\/media\/123817"}],"wp:attachment":[{"href":"https:\/\/sequiol.es\/vl\/wp-json\/wp\/v2\/media?parent=123826"}],"wp:term":[{"taxonomy":"category","embeddable":true,"href":"https:\/\/sequiol.es\/vl\/wp-json\/wp\/v2\/categories?post=123826"},{"taxonomy":"post_tag","embeddable":true,"href":"https:\/\/sequiol.es\/vl\/wp-json\/wp\/v2\/tags?post=123826"}],"curies":[{"name":"wp","href":"https:\/\/api.w.org\/{rel}","templated":true}]}}