{"id":123715,"date":"2023-12-23T17:44:16","date_gmt":"2023-12-23T16:44:16","guid":{"rendered":"https:\/\/sequiol.es\/?p=123715"},"modified":"2024-01-12T19:07:31","modified_gmt":"2024-01-12T18:07:31","slug":"presentacion-gaiata-8","status":"publish","type":"post","link":"https:\/\/sequiol.es\/vl\/presentacion-gaiata-8\/","title":{"rendered":"PRESENTACI\u00d3 GAIATA 8"},"content":{"rendered":"<p><span style=\"font-weight: 400;\">Arribem ja a la darrera presentaci\u00f3 abans de les vacances de Nadal, una \u00e8poca plena de m\u00e0gia, i qui millor per donar peu a aquesta \u00e8poca tan festiva que els nostres companys i amics de la Gaiata 8 \u201cPortal de l&#8217;Om\u201d, aquells que cada presentaci\u00f3 oficial ens deixen bocabadats amb els seus grans espectacles, i no nom\u00e9s aix\u00f2, sin\u00f3 tamb\u00e9 amb els seus escenaris tan realistes que ens transporten on ells volen que imaginem eixa nit tan especial.\u00a0<\/span><\/p>\n<p><span style=\"font-weight: 400;\">El Palau de la Festa s&#8217;omplia de gent i, a poc a poc vam anar rebent la comissi\u00f3 d&#8217;aquest sector gaiater, fins arribar el moment de rebre a les qui representaran en aquestes Festes de la Magdalena 2024 el seu sector, les Madrines,Carla i Carla i el President Infantil, Gerard.<\/span><\/p>\n<p><span style=\"font-weight: 400;\">En finalitzar l&#8217;acte, els nostres m\u00e0xims representants, Maria, Leyre i Victor, i la nostra Presidenta, Elisabeth, van rebre a la llotja les Reines de les Festes, Lourdes i Vega, acompanyades de la seva Cort d&#8217;Honor, i l&#8217;Alcaldessa de la Ciutat, Bego\u00f1a Carrasco, que ens lliuraven les seves felicitacions oficials de les festes nadalenques.<\/span><\/p>\n<p><span style=\"font-weight: 400;\">Una volta posades les bandes acreditatives, vam anar descobrint el meravell\u00f3s espectacle que aquest any ens havien preparat, aquesta vegada, com calia esperar, tractava d&#8217;un tema nadalenc, encara que d&#8217;una manera molt peculiar.<\/span><\/p>\n<p><span style=\"font-weight: 400;\">I entre balls i cants, va anar acabant la presentaci\u00f3 oficial de la gaiata 8, donant pas aix\u00ed als balls.<\/span><\/p>\n<p>Fotos cortes\u00eda COMISIO \r\n\t<div class=\"slideshow_container slideshow_container_style-light\" style=\"height: 400px; \" data-slideshow-id=\"123656\" data-style-name=\"style-light\" data-style-version=\"2.3.1\" >\r\n\r\n\t\t\t\t\t<div class=\"slideshow_loading_icon\"><\/div>\r\n\t\t\r\n\t\t<div class=\"slideshow_content\" style=\"display: none;\">\r\n\r\n\t\t\t<div class=\"slideshow_view\">\r\n\t\t\t\t<div class=\"slideshow_slide slideshow_slide_image\">\r\n\t\t\t\t\t\t\t\t\t\t\t<img src=\"https:\/\/sequiol.es\/wp-content\/uploads\/2023\/12\/GAIATA-8-1-scaled.jpg\" alt=\"GAIATA 8 (1)\" width=\"2560\" height=\"1920\" \/>\r\n\t\t\t\t\t\t\t\t\t\t<div class=\"slideshow_description_box slideshow_transparent\">\r\n\t\t\t\t\t\t<div class=\"slideshow_title\">GAIATA 8 (1)<\/div>\t\t\t\t\t\t\t\t\t\t\t<\/div>\r\n\t\t\t\t<\/div>\r\n\r\n\t\t\t\t\t\t<div style=\"clear: both;\"><\/div><\/div><div class=\"slideshow_view\">\r\n\t\t\t\t<div class=\"slideshow_slide slideshow_slide_image\">\r\n\t\t\t\t\t\t\t\t\t\t\t<img src=\"https:\/\/sequiol.es\/wp-content\/uploads\/2023\/12\/GAIATA-8-3-scaled.jpg\" alt=\"GAIATA 8 (3)\" width=\"2560\" height=\"1920\" \/>\r\n\t\t\t\t\t\t\t\t\t\t<div class=\"slideshow_description_box slideshow_transparent\">\r\n\t\t\t\t\t\t<div class=\"slideshow_title\">GAIATA 8 (3)<\/div>\t\t\t\t\t\t\t\t\t\t\t<\/div>\r\n\t\t\t\t<\/div>\r\n\r\n\t\t\t\t\t\t<div style=\"clear: both;\"><\/div><\/div><div class=\"slideshow_view\">\r\n\t\t\t\t<div class=\"slideshow_slide slideshow_slide_image\">\r\n\t\t\t\t\t\t\t\t\t\t\t<img src=\"https:\/\/sequiol.es\/wp-content\/uploads\/2023\/12\/GAIATA-8-2-scaled.jpg\" alt=\"GAIATA 8 (2)\" width=\"2560\" height=\"1920\" \/>\r\n\t\t\t\t\t\t\t\t\t\t<div class=\"slideshow_description_box slideshow_transparent\">\r\n\t\t\t\t\t\t<div class=\"slideshow_title\">GAIATA 8 (2)<\/div>\t\t\t\t\t\t\t\t\t\t\t<\/div>\r\n\t\t\t\t<\/div>\r\n\r\n\t\t\t\t\t\t<div style=\"clear: both;\"><\/div><\/div>\r\n\t\t<\/div>\r\n\r\n\t\t<div class=\"slideshow_controlPanel slideshow_transparent\" style=\"display: none;\"><ul><li class=\"slideshow_togglePlay\" data-play-text=\"Play\" data-pause-text=\"Pause\"><\/li><\/ul><\/div>\r\n\r\n\t\t<div class=\"slideshow_button slideshow_previous slideshow_transparent\" role=\"button\" data-previous-text=\"Previous\" style=\"display: none;\"><\/div>\r\n\t\t<div class=\"slideshow_button slideshow_next slideshow_transparent\" role=\"button\" data-next-text=\"Next\" style=\"display: none;\"><\/div>\r\n\r\n\t\t<div class=\"slideshow_pagination\" style=\"display: none;\" data-go-to-text=\"Go to slide\"><div class=\"slideshow_pagination_center\"><\/div><\/div>\r\n\r\n\t\t<!-- WordPress Slideshow Version 2.3.1 -->\r\n\r\n\t\t\t<\/div>\r\n\r\n<\/p>\n","protected":false},"excerpt":{"rendered":"<p>Arribem ja a la darrera presentaci\u00f3 abans de les vacances de Nadal, una \u00e8poca plena de m\u00e0gia, i qui millor per donar peu a aquesta \u00e8poca tan festiva que els nostres companys i amics de la Gaiata 8 \u201cPortal de l&#8217;Om\u201d, aquells que cada presentaci\u00f3 oficial ens deixen bocabadats amb els seus grans espectacles, i [&hellip;]<\/p>\n","protected":false},"author":4,"featured_media":123660,"comment_status":"open","ping_status":"open","sticky":false,"template":"","format":"standard","meta":{"footnotes":""},"categories":[173],"tags":[],"class_list":["post-123715","post","type-post","status-publish","format-standard","has-post-thumbnail","hentry","category-magdalena-2024"],"_links":{"self":[{"href":"https:\/\/sequiol.es\/vl\/wp-json\/wp\/v2\/posts\/123715","targetHints":{"allow":["GET"]}}],"collection":[{"href":"https:\/\/sequiol.es\/vl\/wp-json\/wp\/v2\/posts"}],"about":[{"href":"https:\/\/sequiol.es\/vl\/wp-json\/wp\/v2\/types\/post"}],"author":[{"embeddable":true,"href":"https:\/\/sequiol.es\/vl\/wp-json\/wp\/v2\/users\/4"}],"replies":[{"embeddable":true,"href":"https:\/\/sequiol.es\/vl\/wp-json\/wp\/v2\/comments?post=123715"}],"version-history":[{"count":2,"href":"https:\/\/sequiol.es\/vl\/wp-json\/wp\/v2\/posts\/123715\/revisions"}],"predecessor-version":[{"id":123806,"href":"https:\/\/sequiol.es\/vl\/wp-json\/wp\/v2\/posts\/123715\/revisions\/123806"}],"wp:featuredmedia":[{"embeddable":true,"href":"https:\/\/sequiol.es\/vl\/wp-json\/wp\/v2\/media\/123660"}],"wp:attachment":[{"href":"https:\/\/sequiol.es\/vl\/wp-json\/wp\/v2\/media?parent=123715"}],"wp:term":[{"taxonomy":"category","embeddable":true,"href":"https:\/\/sequiol.es\/vl\/wp-json\/wp\/v2\/categories?post=123715"},{"taxonomy":"post_tag","embeddable":true,"href":"https:\/\/sequiol.es\/vl\/wp-json\/wp\/v2\/tags?post=123715"}],"curies":[{"name":"wp","href":"https:\/\/api.w.org\/{rel}","templated":true}]}}