{"id":120739,"date":"2023-06-03T20:02:46","date_gmt":"2023-06-03T18:02:46","guid":{"rendered":"https:\/\/sequiol.es\/?p=120739"},"modified":"2023-06-07T20:04:55","modified_gmt":"2023-06-07T18:04:55","slug":"eleccio-maxims-representantes-magdalena-2024","status":"publish","type":"post","link":"https:\/\/sequiol.es\/vl\/eleccio-maxims-representantes-magdalena-2024\/","title":{"rendered":"ELECCI\u00d3 M\u00c0XIMS REPRESENTANTES MAGDALENA 2024"},"content":{"rendered":"<p><span style=\"font-weight: 400;\">Tal com est\u00e0 escrit en els estatuts de la nostra associaci\u00f3, el primer dissabte despr\u00e9s del 31 de maig \u00e9s el moment en el qual la Junta Directiva de l&#8217;Associaci\u00f3 Cultural Gaiata 15 Sequiol, es reuneix per a tractar el tema de la ratificaci\u00f3 dels m\u00e0xims representants per al seg\u00fcent cicle fester, en aquest cas per a triar als m\u00e0xims representants per a la pr\u00f2xima Magdalena, la Magdalena 2024.\u00a0<\/span><\/p>\n<p>&nbsp;<\/p>\n<p><span style=\"font-weight: 400;\">Revisades les candidatures que optaven a l&#8217;elecci\u00f3, complint aquestes amb tots els requisits sol\u00b7licitats en el reglament d&#8217;elecci\u00f3 de c\u00e0rrecs d&#8217;aquesta associaci\u00f3, es procedia a l&#8217;elecci\u00f3, resultant triats, per unanimitat, com a representants del Sequiol per a la Magdalena 2024:<\/span><\/p>\n<p><span style=\"font-weight: 400;\">Madrina, senyoreta Maria Voltes Us\u00f3,<\/span><\/p>\n<p><span style=\"font-weight: 400;\">Madrina Infantil, xiqueta Leire Salinas Valls ,<\/span><\/p>\n<p><span style=\"font-weight: 400;\">i President Infantil, xiquet Victor Lopez Porcar.<\/span><\/p>\n<p><span style=\"font-weight: 400;\">Finalitzada l&#8217;elecci\u00f3, la Presidenta de l&#8217;associaci\u00f3, Elisabeth Breva, comunicava als triats, via telef\u00f2nica, la gran i meravellosa not\u00edcia.<\/span><\/p>\n<p>&nbsp;<\/p>\n<p><span style=\"font-weight: 400;\">Seguidament, els nous representants de la gaiata 15 Sequiol, Maria, Leire i V\u00edctor, es van reunir, acompanyats de les seues fam\u00edlies, per a celebrar-ho. All\u00ed estaven tamb\u00e9 per a rebre&#8217;ls els nostres m\u00e0xims representants 2023, Adriana, Lucia i Carlos, per a donar l&#8217;enhorabona als seus successors.\u00a0<\/span><\/p>\n<p>&nbsp;<\/p>\n<p><span style=\"font-weight: 400;\">Desitgem que Maria, Leire i Victor tinguen un gran any com ho han tingut Adriana, Lucia i Carlos, ple d&#8217;alegria i molta diversi\u00f3, acompanyats de la seua gran comissi\u00f3 sequiolera.\u00a0<\/span><\/p>\n<p><span style=\"font-weight: 400;\">Comen\u00e7a el compte enrere per a la Magdalena 2024.<\/span><\/p>\n<p>Fotos cortes\u00eda COMISIO \r\n\t<div class=\"slideshow_container slideshow_container_style-light\" style=\"height: 400px; \" data-slideshow-id=\"120702\" data-style-name=\"style-light\" data-style-version=\"2.3.1\" >\r\n\r\n\t\t\t\t\t<div class=\"slideshow_loading_icon\"><\/div>\r\n\t\t\r\n\t\t<div class=\"slideshow_content\" style=\"display: none;\">\r\n\r\n\t\t\t<div class=\"slideshow_view\">\r\n\t\t\t\t<div class=\"slideshow_slide slideshow_slide_image\">\r\n\t\t\t\t\t\t\t\t\t\t\t<img src=\"https:\/\/sequiol.es\/wp-content\/uploads\/2023\/06\/RATIFICACION-CARGOS-12-scaled.jpg\" alt=\"RATIFICACION CARGOS (12)\" width=\"2560\" height=\"1707\" \/>\r\n\t\t\t\t\t\t\t\t\t\t<div class=\"slideshow_description_box slideshow_transparent\">\r\n\t\t\t\t\t\t<div class=\"slideshow_title\">RATIFICACION CARGOS (12)<\/div>\t\t\t\t\t\t\t\t\t\t\t<\/div>\r\n\t\t\t\t<\/div>\r\n\r\n\t\t\t\t\t\t<div style=\"clear: both;\"><\/div><\/div><div class=\"slideshow_view\">\r\n\t\t\t\t<div class=\"slideshow_slide slideshow_slide_image\">\r\n\t\t\t\t\t\t\t\t\t\t\t<img src=\"https:\/\/sequiol.es\/wp-content\/uploads\/2023\/06\/RATIFICACION-CARGOS-11-scaled.jpg\" alt=\"RATIFICACION CARGOS (11)\" width=\"2560\" height=\"1707\" \/>\r\n\t\t\t\t\t\t\t\t\t\t<div class=\"slideshow_description_box slideshow_transparent\">\r\n\t\t\t\t\t\t<div class=\"slideshow_title\">RATIFICACION CARGOS (11)<\/div>\t\t\t\t\t\t\t\t\t\t\t<\/div>\r\n\t\t\t\t<\/div>\r\n\r\n\t\t\t\t\t\t<div style=\"clear: both;\"><\/div><\/div><div class=\"slideshow_view\">\r\n\t\t\t\t<div class=\"slideshow_slide slideshow_slide_image\">\r\n\t\t\t\t\t\t\t\t\t\t\t<img src=\"https:\/\/sequiol.es\/wp-content\/uploads\/2023\/06\/RATIFICACION-CARGOS-10-scaled.jpg\" alt=\"RATIFICACION CARGOS (10)\" width=\"2560\" height=\"1707\" \/>\r\n\t\t\t\t\t\t\t\t\t\t<div class=\"slideshow_description_box slideshow_transparent\">\r\n\t\t\t\t\t\t<div class=\"slideshow_title\">RATIFICACION CARGOS (10)<\/div>\t\t\t\t\t\t\t\t\t\t\t<\/div>\r\n\t\t\t\t<\/div>\r\n\r\n\t\t\t\t\t\t<div style=\"clear: both;\"><\/div><\/div><div class=\"slideshow_view\">\r\n\t\t\t\t<div class=\"slideshow_slide slideshow_slide_image\">\r\n\t\t\t\t\t\t\t\t\t\t\t<img src=\"https:\/\/sequiol.es\/wp-content\/uploads\/2023\/06\/RATIFICACION-CARGOS-9-scaled.jpg\" alt=\"RATIFICACION CARGOS (9)\" width=\"2560\" height=\"1707\" \/>\r\n\t\t\t\t\t\t\t\t\t\t<div class=\"slideshow_description_box slideshow_transparent\">\r\n\t\t\t\t\t\t<div class=\"slideshow_title\">RATIFICACION CARGOS (9)<\/div>\t\t\t\t\t\t\t\t\t\t\t<\/div>\r\n\t\t\t\t<\/div>\r\n\r\n\t\t\t\t\t\t<div style=\"clear: both;\"><\/div><\/div><div class=\"slideshow_view\">\r\n\t\t\t\t<div class=\"slideshow_slide slideshow_slide_image\">\r\n\t\t\t\t\t\t\t\t\t\t\t<img src=\"https:\/\/sequiol.es\/wp-content\/uploads\/2023\/06\/RATIFICACION-CARGOS-8-scaled.jpg\" alt=\"RATIFICACION CARGOS (8)\" width=\"2560\" height=\"1707\" \/>\r\n\t\t\t\t\t\t\t\t\t\t<div class=\"slideshow_description_box slideshow_transparent\">\r\n\t\t\t\t\t\t<div class=\"slideshow_title\">RATIFICACION CARGOS (8)<\/div>\t\t\t\t\t\t\t\t\t\t\t<\/div>\r\n\t\t\t\t<\/div>\r\n\r\n\t\t\t\t\t\t<div style=\"clear: both;\"><\/div><\/div><div class=\"slideshow_view\">\r\n\t\t\t\t<div class=\"slideshow_slide slideshow_slide_image\">\r\n\t\t\t\t\t\t\t\t\t\t\t<img src=\"https:\/\/sequiol.es\/wp-content\/uploads\/2023\/06\/RATIFICACION-CARGOS-7-scaled.jpg\" alt=\"RATIFICACION CARGOS (7)\" width=\"2560\" height=\"1707\" \/>\r\n\t\t\t\t\t\t\t\t\t\t<div class=\"slideshow_description_box slideshow_transparent\">\r\n\t\t\t\t\t\t<div class=\"slideshow_title\">RATIFICACION CARGOS (7)<\/div>\t\t\t\t\t\t\t\t\t\t\t<\/div>\r\n\t\t\t\t<\/div>\r\n\r\n\t\t\t\t\t\t<div style=\"clear: both;\"><\/div><\/div><div class=\"slideshow_view\">\r\n\t\t\t\t<div class=\"slideshow_slide slideshow_slide_image\">\r\n\t\t\t\t\t\t\t\t\t\t\t<img src=\"https:\/\/sequiol.es\/wp-content\/uploads\/2023\/06\/RATIFICACION-CARGOS-6-scaled.jpg\" alt=\"RATIFICACION CARGOS (6)\" width=\"2560\" height=\"1707\" \/>\r\n\t\t\t\t\t\t\t\t\t\t<div class=\"slideshow_description_box slideshow_transparent\">\r\n\t\t\t\t\t\t<div class=\"slideshow_title\">RATIFICACION CARGOS (6)<\/div>\t\t\t\t\t\t\t\t\t\t\t<\/div>\r\n\t\t\t\t<\/div>\r\n\r\n\t\t\t\t\t\t<div style=\"clear: both;\"><\/div><\/div><div class=\"slideshow_view\">\r\n\t\t\t\t<div class=\"slideshow_slide slideshow_slide_image\">\r\n\t\t\t\t\t\t\t\t\t\t\t<img src=\"https:\/\/sequiol.es\/wp-content\/uploads\/2023\/06\/RATIFICACION-CARGOS-5-scaled.jpg\" alt=\"RATIFICACION CARGOS (5)\" width=\"2560\" height=\"1707\" \/>\r\n\t\t\t\t\t\t\t\t\t\t<div class=\"slideshow_description_box slideshow_transparent\">\r\n\t\t\t\t\t\t<div class=\"slideshow_title\">RATIFICACION CARGOS (5)<\/div>\t\t\t\t\t\t\t\t\t\t\t<\/div>\r\n\t\t\t\t<\/div>\r\n\r\n\t\t\t\t\t\t<div style=\"clear: both;\"><\/div><\/div><div class=\"slideshow_view\">\r\n\t\t\t\t<div class=\"slideshow_slide slideshow_slide_image\">\r\n\t\t\t\t\t\t\t\t\t\t\t<img src=\"https:\/\/sequiol.es\/wp-content\/uploads\/2023\/06\/RATIFICACION-CARGOS-4-scaled.jpg\" alt=\"RATIFICACION CARGOS (4)\" width=\"2560\" height=\"1707\" \/>\r\n\t\t\t\t\t\t\t\t\t\t<div class=\"slideshow_description_box slideshow_transparent\">\r\n\t\t\t\t\t\t<div class=\"slideshow_title\">RATIFICACION CARGOS (4)<\/div>\t\t\t\t\t\t\t\t\t\t\t<\/div>\r\n\t\t\t\t<\/div>\r\n\r\n\t\t\t\t\t\t<div style=\"clear: both;\"><\/div><\/div><div class=\"slideshow_view\">\r\n\t\t\t\t<div class=\"slideshow_slide slideshow_slide_image\">\r\n\t\t\t\t\t\t\t\t\t\t\t<img src=\"https:\/\/sequiol.es\/wp-content\/uploads\/2023\/06\/RATIFICACION-CARGOS-3-scaled.jpg\" alt=\"RATIFICACION CARGOS (3)\" width=\"1707\" height=\"2560\" \/>\r\n\t\t\t\t\t\t\t\t\t\t<div class=\"slideshow_description_box slideshow_transparent\">\r\n\t\t\t\t\t\t<div class=\"slideshow_title\">RATIFICACION CARGOS (3)<\/div>\t\t\t\t\t\t\t\t\t\t\t<\/div>\r\n\t\t\t\t<\/div>\r\n\r\n\t\t\t\t\t\t<div style=\"clear: both;\"><\/div><\/div><div class=\"slideshow_view\">\r\n\t\t\t\t<div class=\"slideshow_slide slideshow_slide_image\">\r\n\t\t\t\t\t\t\t\t\t\t\t<img src=\"https:\/\/sequiol.es\/wp-content\/uploads\/2023\/06\/RATIFICACION-CARGOS-2-scaled.jpg\" alt=\"RATIFICACION CARGOS (2)\" width=\"2560\" height=\"1707\" \/>\r\n\t\t\t\t\t\t\t\t\t\t<div class=\"slideshow_description_box slideshow_transparent\">\r\n\t\t\t\t\t\t<div class=\"slideshow_title\">RATIFICACION CARGOS (2)<\/div>\t\t\t\t\t\t\t\t\t\t\t<\/div>\r\n\t\t\t\t<\/div>\r\n\r\n\t\t\t\t\t\t<div style=\"clear: both;\"><\/div><\/div><div class=\"slideshow_view\">\r\n\t\t\t\t<div class=\"slideshow_slide slideshow_slide_image\">\r\n\t\t\t\t\t\t\t\t\t\t\t<img src=\"https:\/\/sequiol.es\/wp-content\/uploads\/2023\/06\/RATIFICACION-CARGOS-1-scaled.jpg\" alt=\"RATIFICACION CARGOS (1)\" width=\"2560\" height=\"1707\" \/>\r\n\t\t\t\t\t\t\t\t\t\t<div class=\"slideshow_description_box slideshow_transparent\">\r\n\t\t\t\t\t\t<div class=\"slideshow_title\">RATIFICACION CARGOS (1)<\/div>\t\t\t\t\t\t\t\t\t\t\t<\/div>\r\n\t\t\t\t<\/div>\r\n\r\n\t\t\t\t\t\t<div style=\"clear: both;\"><\/div><\/div>\r\n\t\t<\/div>\r\n\r\n\t\t<div class=\"slideshow_controlPanel slideshow_transparent\" style=\"display: none;\"><ul><li class=\"slideshow_togglePlay\" data-play-text=\"Play\" data-pause-text=\"Pause\"><\/li><\/ul><\/div>\r\n\r\n\t\t<div class=\"slideshow_button slideshow_previous slideshow_transparent\" role=\"button\" data-previous-text=\"Previous\" style=\"display: none;\"><\/div>\r\n\t\t<div class=\"slideshow_button slideshow_next slideshow_transparent\" role=\"button\" data-next-text=\"Next\" style=\"display: none;\"><\/div>\r\n\r\n\t\t<div class=\"slideshow_pagination\" style=\"display: none;\" data-go-to-text=\"Go to slide\"><div class=\"slideshow_pagination_center\"><\/div><\/div>\r\n\r\n\t\t<!-- WordPress Slideshow Version 2.3.1 -->\r\n\r\n\t\t\t<\/div>\r\n\r\n<\/p>\n","protected":false},"excerpt":{"rendered":"<p>Tal com est\u00e0 escrit en els estatuts de la nostra associaci\u00f3, el primer dissabte despr\u00e9s del 31 de maig \u00e9s el moment en el qual la Junta Directiva de l&#8217;Associaci\u00f3 Cultural Gaiata 15 Sequiol, es reuneix per a tractar el tema de la ratificaci\u00f3 dels m\u00e0xims representants per al seg\u00fcent cicle fester, en aquest cas [&hellip;]<\/p>\n","protected":false},"author":4,"featured_media":120709,"comment_status":"open","ping_status":"open","sticky":false,"template":"","format":"standard","meta":{"footnotes":""},"categories":[173],"tags":[],"class_list":["post-120739","post","type-post","status-publish","format-standard","has-post-thumbnail","hentry","category-magdalena-2024"],"_links":{"self":[{"href":"https:\/\/sequiol.es\/vl\/wp-json\/wp\/v2\/posts\/120739","targetHints":{"allow":["GET"]}}],"collection":[{"href":"https:\/\/sequiol.es\/vl\/wp-json\/wp\/v2\/posts"}],"about":[{"href":"https:\/\/sequiol.es\/vl\/wp-json\/wp\/v2\/types\/post"}],"author":[{"embeddable":true,"href":"https:\/\/sequiol.es\/vl\/wp-json\/wp\/v2\/users\/4"}],"replies":[{"embeddable":true,"href":"https:\/\/sequiol.es\/vl\/wp-json\/wp\/v2\/comments?post=120739"}],"version-history":[{"count":2,"href":"https:\/\/sequiol.es\/vl\/wp-json\/wp\/v2\/posts\/120739\/revisions"}],"predecessor-version":[{"id":120741,"href":"https:\/\/sequiol.es\/vl\/wp-json\/wp\/v2\/posts\/120739\/revisions\/120741"}],"wp:featuredmedia":[{"embeddable":true,"href":"https:\/\/sequiol.es\/vl\/wp-json\/wp\/v2\/media\/120709"}],"wp:attachment":[{"href":"https:\/\/sequiol.es\/vl\/wp-json\/wp\/v2\/media?parent=120739"}],"wp:term":[{"taxonomy":"category","embeddable":true,"href":"https:\/\/sequiol.es\/vl\/wp-json\/wp\/v2\/categories?post=120739"},{"taxonomy":"post_tag","embeddable":true,"href":"https:\/\/sequiol.es\/vl\/wp-json\/wp\/v2\/tags?post=120739"}],"curies":[{"name":"wp","href":"https:\/\/api.w.org\/{rel}","templated":true}]}}