{"id":114137,"date":"2023-01-03T19:41:01","date_gmt":"2023-01-03T18:41:01","guid":{"rendered":"https:\/\/sequiol.es\/?p=114137"},"modified":"2023-01-12T19:43:08","modified_gmt":"2023-01-12T18:43:08","slug":"berenar-gestora","status":"publish","type":"post","link":"https:\/\/sequiol.es\/vl\/berenar-gestora\/","title":{"rendered":"BERENAR GESTORA"},"content":{"rendered":"<p>Arrenca l&#8217;any, i amb ell arrenca tamb\u00e9 una de les cites m\u00e9s esperades per als infantils, i \u00e9s que, com cada any, la Federaci\u00f3 Gestora de Gaiates, organitza un berenar m\u00e9s especial per a la Reina Infantil, les Dames de la Ciutat Infantils, Madrines Infantils i els Presidents Infantils de les dinou comissions gaiateres, on l&#8217;\u00fanica missi\u00f3 \u00e9s divertir-se.<\/p>\n<p>Aquesta vesprada de dimarts 3 de gener de 2023, els nostres c\u00e0rrecs infantils Lucia i Carlos, han assistit a la invitaci\u00f3, i han gaudit d&#8217;un berenar ric i moltes activitats, a la sala de jocs del Centre Comercial Estepark de Castell\u00f3, Kidom, on no han faltat les rialles.<\/p>\n<p>Gr\u00e0cies a la Federaci\u00f3 Gestora de Gaiates, per organitzar aquest acte i pel detall, una tassa amb el logotip de la federaci\u00f3.<br \/>\nAvui, els m\u00e9s petits de les Festes van fent germanor entre ells.<\/p>\n<p>Fotos cortes\u00eda MUPHY \r\n\t<div class=\"slideshow_container slideshow_container_style-light\" style=\"height: 400px; \" data-slideshow-id=\"114122\" data-style-name=\"style-light\" data-style-version=\"2.3.1\" >\r\n\r\n\t\t\t\t\t<div class=\"slideshow_loading_icon\"><\/div>\r\n\t\t\r\n\t\t<div class=\"slideshow_content\" style=\"display: none;\">\r\n\r\n\t\t\t<div class=\"slideshow_view\">\r\n\t\t\t\t<div class=\"slideshow_slide slideshow_slide_image\">\r\n\t\t\t\t\t\t\t\t\t\t\t<img src=\"https:\/\/sequiol.es\/wp-content\/uploads\/2023\/01\/Copia-de-cff64cb0-1d09-4be9-a296-ea786a7bca1b.jpg\" alt=\"Copia de cff64cb0-1d09-4be9-a296-ea786a7bca1b\" width=\"1024\" height=\"683\" \/>\r\n\t\t\t\t\t\t\t\t\t\t<div class=\"slideshow_description_box slideshow_transparent\">\r\n\t\t\t\t\t\t<div class=\"slideshow_title\">Copia de cff64cb0-1d09-4be9-a296-ea786a7bca1b<\/div>\t\t\t\t\t\t\t\t\t\t\t<\/div>\r\n\t\t\t\t<\/div>\r\n\r\n\t\t\t\t\t\t<div style=\"clear: both;\"><\/div><\/div><div class=\"slideshow_view\">\r\n\t\t\t\t<div class=\"slideshow_slide slideshow_slide_image\">\r\n\t\t\t\t\t\t\t\t\t\t\t<img src=\"https:\/\/sequiol.es\/wp-content\/uploads\/2023\/01\/Copia-de-61304eb9-0281-46dd-aa5c-98df1e1699c5.jpg\" alt=\"Copia de 61304eb9-0281-46dd-aa5c-98df1e1699c5\" width=\"1024\" height=\"683\" \/>\r\n\t\t\t\t\t\t\t\t\t\t<div class=\"slideshow_description_box slideshow_transparent\">\r\n\t\t\t\t\t\t<div class=\"slideshow_title\">Copia de 61304eb9-0281-46dd-aa5c-98df1e1699c5<\/div>\t\t\t\t\t\t\t\t\t\t\t<\/div>\r\n\t\t\t\t<\/div>\r\n\r\n\t\t\t\t\t\t<div style=\"clear: both;\"><\/div><\/div><div class=\"slideshow_view\">\r\n\t\t\t\t<div class=\"slideshow_slide slideshow_slide_image\">\r\n\t\t\t\t\t\t\t\t\t\t\t<img src=\"https:\/\/sequiol.es\/wp-content\/uploads\/2023\/01\/Copia-de-52998aef-a0e1-4117-bf59-4fcea1d5b761.jpg\" alt=\"Copia de 52998aef-a0e1-4117-bf59-4fcea1d5b761\" width=\"2000\" height=\"1500\" \/>\r\n\t\t\t\t\t\t\t\t\t\t<div class=\"slideshow_description_box slideshow_transparent\">\r\n\t\t\t\t\t\t<div class=\"slideshow_title\">Copia de 52998aef-a0e1-4117-bf59-4fcea1d5b761<\/div>\t\t\t\t\t\t\t\t\t\t\t<\/div>\r\n\t\t\t\t<\/div>\r\n\r\n\t\t\t\t\t\t<div style=\"clear: both;\"><\/div><\/div><div class=\"slideshow_view\">\r\n\t\t\t\t<div class=\"slideshow_slide slideshow_slide_image\">\r\n\t\t\t\t\t\t\t\t\t\t\t<img src=\"https:\/\/sequiol.es\/wp-content\/uploads\/2023\/01\/Copia-de-01a91dd0-3d29-4c6d-82d3-feff8d0fc479.jpg\" alt=\"Copia de 01a91dd0-3d29-4c6d-82d3-feff8d0fc479\" width=\"2000\" height=\"1500\" \/>\r\n\t\t\t\t\t\t\t\t\t\t<div class=\"slideshow_description_box slideshow_transparent\">\r\n\t\t\t\t\t\t<div class=\"slideshow_title\">Copia de 01a91dd0-3d29-4c6d-82d3-feff8d0fc479<\/div>\t\t\t\t\t\t\t\t\t\t\t<\/div>\r\n\t\t\t\t<\/div>\r\n\r\n\t\t\t\t\t\t<div style=\"clear: both;\"><\/div><\/div>\r\n\t\t<\/div>\r\n\r\n\t\t<div class=\"slideshow_controlPanel slideshow_transparent\" style=\"display: none;\"><ul><li class=\"slideshow_togglePlay\" data-play-text=\"Play\" data-pause-text=\"Pause\"><\/li><\/ul><\/div>\r\n\r\n\t\t<div class=\"slideshow_button slideshow_previous slideshow_transparent\" role=\"button\" data-previous-text=\"Previous\" style=\"display: none;\"><\/div>\r\n\t\t<div class=\"slideshow_button slideshow_next slideshow_transparent\" role=\"button\" data-next-text=\"Next\" style=\"display: none;\"><\/div>\r\n\r\n\t\t<div class=\"slideshow_pagination\" style=\"display: none;\" data-go-to-text=\"Go to slide\"><div class=\"slideshow_pagination_center\"><\/div><\/div>\r\n\r\n\t\t<!-- WordPress Slideshow Version 2.3.1 -->\r\n\r\n\t\t\t<\/div>\r\n\r\n<\/p>\n","protected":false},"excerpt":{"rendered":"<p>Arrenca l&#8217;any, i amb ell arrenca tamb\u00e9 una de les cites m\u00e9s esperades per als infantils, i \u00e9s que, com cada any, la Federaci\u00f3 Gestora de Gaiates, organitza un berenar m\u00e9s especial per a la Reina Infantil, les Dames de la Ciutat Infantils, Madrines Infantils i els Presidents Infantils de les dinou comissions gaiateres, on [&hellip;]<\/p>\n","protected":false},"author":4,"featured_media":114125,"comment_status":"open","ping_status":"open","sticky":false,"template":"","format":"standard","meta":{"footnotes":""},"categories":[170],"tags":[],"class_list":["post-114137","post","type-post","status-publish","format-standard","has-post-thumbnail","hentry","category-magdalena-2023"],"_links":{"self":[{"href":"https:\/\/sequiol.es\/vl\/wp-json\/wp\/v2\/posts\/114137","targetHints":{"allow":["GET"]}}],"collection":[{"href":"https:\/\/sequiol.es\/vl\/wp-json\/wp\/v2\/posts"}],"about":[{"href":"https:\/\/sequiol.es\/vl\/wp-json\/wp\/v2\/types\/post"}],"author":[{"embeddable":true,"href":"https:\/\/sequiol.es\/vl\/wp-json\/wp\/v2\/users\/4"}],"replies":[{"embeddable":true,"href":"https:\/\/sequiol.es\/vl\/wp-json\/wp\/v2\/comments?post=114137"}],"version-history":[{"count":1,"href":"https:\/\/sequiol.es\/vl\/wp-json\/wp\/v2\/posts\/114137\/revisions"}],"predecessor-version":[{"id":114138,"href":"https:\/\/sequiol.es\/vl\/wp-json\/wp\/v2\/posts\/114137\/revisions\/114138"}],"wp:featuredmedia":[{"embeddable":true,"href":"https:\/\/sequiol.es\/vl\/wp-json\/wp\/v2\/media\/114125"}],"wp:attachment":[{"href":"https:\/\/sequiol.es\/vl\/wp-json\/wp\/v2\/media?parent=114137"}],"wp:term":[{"taxonomy":"category","embeddable":true,"href":"https:\/\/sequiol.es\/vl\/wp-json\/wp\/v2\/categories?post=114137"},{"taxonomy":"post_tag","embeddable":true,"href":"https:\/\/sequiol.es\/vl\/wp-json\/wp\/v2\/tags?post=114137"}],"curies":[{"name":"wp","href":"https:\/\/api.w.org\/{rel}","templated":true}]}}