{"id":113734,"date":"2022-12-09T00:18:07","date_gmt":"2022-12-08T23:18:07","guid":{"rendered":"https:\/\/sequiol.es\/?p=113734"},"modified":"2022-12-13T00:20:29","modified_gmt":"2022-12-12T23:20:29","slug":"sopar-de-nadal-gestora-de-gaiates","status":"publish","type":"post","link":"https:\/\/sequiol.es\/vl\/sopar-de-nadal-gestora-de-gaiates\/","title":{"rendered":"SOPAR DE NADAL GESTORA DE GAIATES"},"content":{"rendered":"<p><span style=\"font-weight: 400;\">Acabat de comen\u00e7ar el mes de desembre, tenia lloc el tradicional Sopar de Nadal de la Gestora de Gaiates, conegut col\u00b7loquialment al m\u00f3n de la festa pel \u201cSopar de la Pascuera\u201d. Atenent la convocat\u00f2ria de la Federaci\u00f3 Gestora de Gaiates, van assistir-hi els membres de la Gestora de Gaiates, el Patronat de Festes, la Reina de la Magdalena 2023 Selene Tar\u00edn, les Dames de la Ciutat, a m\u00e9s de Presidents i Madrines dels diferents sectors gaiaters.<\/span><\/p>\n<p><span style=\"font-weight: 400;\">I com no podia ser altrament, la representaci\u00f3 Sequiolera, encap\u00e7alada per la nostra Madrina, Adriana Llopis Pascual, acompanyada per la nostra Presidenta, Elisabeth Breva.<\/span><\/p>\n<p><span style=\"font-weight: 400;\">La vetllada va transc\u00f3rrer al restaurant \u00c0gora, ubicat a la Universitat Jaume I, i entre rialles i an\u00e8cdotes, i amb un ric i ampli sopar, va anar passant una vetllada festera estupenda.<\/span><\/p>\n<p><span style=\"font-weight: 400;\">Un cop finalitzat el sopar, va comen\u00e7ar el torn dels discursos i de les felicitacions per les festes nadalenques, i per aix\u00f2, tant Omar Braina, President del Patronat Municipal de les Festes, com Jos\u00e9 Antonio Lle\u00f3, President de la Gestora de Gaiates, van voler dirigir unes paraules. I per acabar, la nostra Reina Selene els va desitjar bones festes a tots els presents.<\/span><\/p>\n<p><span style=\"font-weight: 400;\">Seguidament, va comen\u00e7ar el moment en qu\u00e8 van oferir totes les representants de les comissions gaiateres amb una flor de Pasqua, i la nostra Madrina Adriana tamb\u00e9 en va rebre una.<\/span><\/p>\n<p><span style=\"font-weight: 400;\">Per acabar la vetllada, tancant-se l&#8217;acte amb un brindis, van passar al moment m\u00e9s divertit de la nit, on tots els assistents van gaudir ballant.<\/span><\/p>\n<p>&nbsp;<\/p>\n<p>+Fotos cortes\u00eda COMISION \r\n\t<div class=\"slideshow_container slideshow_container_style-light\" style=\"height: 400px; \" data-slideshow-id=\"113695\" data-style-name=\"style-light\" data-style-version=\"2.3.1\" >\r\n\r\n\t\t\t\t\t<div class=\"slideshow_loading_icon\"><\/div>\r\n\t\t\r\n\t\t<div class=\"slideshow_content\" style=\"display: none;\">\r\n\r\n\t\t\t<div class=\"slideshow_view\">\r\n\t\t\t\t<div class=\"slideshow_slide slideshow_slide_image\">\r\n\t\t\t\t\t\t\t\t\t\t\t<img src=\"https:\/\/sequiol.es\/wp-content\/uploads\/2022\/12\/Copia-de-PHOTO-2022-12-10-19-56-40.jpg\" alt=\"Copia de PHOTO-2022-12-10-19-56-40\" width=\"2048\" height=\"1366\" \/>\r\n\t\t\t\t\t\t\t\t\t\t<div class=\"slideshow_description_box slideshow_transparent\">\r\n\t\t\t\t\t\t<div class=\"slideshow_title\">Copia de PHOTO-2022-12-10-19-56-40<\/div>\t\t\t\t\t\t\t\t\t\t\t<\/div>\r\n\t\t\t\t<\/div>\r\n\r\n\t\t\t\t\t\t<div style=\"clear: both;\"><\/div><\/div><div class=\"slideshow_view\">\r\n\t\t\t\t<div class=\"slideshow_slide slideshow_slide_image\">\r\n\t\t\t\t\t\t\t\t\t\t\t<img src=\"https:\/\/sequiol.es\/wp-content\/uploads\/2022\/12\/Copia-de-PHOTO-2022-12-10-00-26-16.jpg\" alt=\"Copia de PHOTO-2022-12-10-00-26-16\" width=\"1024\" height=\"768\" \/>\r\n\t\t\t\t\t\t\t\t\t\t<div class=\"slideshow_description_box slideshow_transparent\">\r\n\t\t\t\t\t\t<div class=\"slideshow_title\">Copia de PHOTO-2022-12-10-00-26-16<\/div>\t\t\t\t\t\t\t\t\t\t\t<\/div>\r\n\t\t\t\t<\/div>\r\n\r\n\t\t\t\t\t\t<div style=\"clear: both;\"><\/div><\/div><div class=\"slideshow_view\">\r\n\t\t\t\t<div class=\"slideshow_slide slideshow_slide_image\">\r\n\t\t\t\t\t\t\t\t\t\t\t<img src=\"https:\/\/sequiol.es\/wp-content\/uploads\/2022\/12\/Copia-de-PHOTO-2022-12-09-23-57-57.jpg\" alt=\"Copia de PHOTO-2022-12-09-23-57-57\" width=\"1600\" height=\"900\" \/>\r\n\t\t\t\t\t\t\t\t\t\t<div class=\"slideshow_description_box slideshow_transparent\">\r\n\t\t\t\t\t\t<div class=\"slideshow_title\">Copia de PHOTO-2022-12-09-23-57-57<\/div>\t\t\t\t\t\t\t\t\t\t\t<\/div>\r\n\t\t\t\t<\/div>\r\n\r\n\t\t\t\t\t\t<div style=\"clear: both;\"><\/div><\/div><div class=\"slideshow_view\">\r\n\t\t\t\t<div class=\"slideshow_slide slideshow_slide_image\">\r\n\t\t\t\t\t\t\t\t\t\t\t<img src=\"https:\/\/sequiol.es\/wp-content\/uploads\/2022\/12\/Copia-de-IMG_7102-scaled.jpg\" alt=\"Copia de IMG_7102\" width=\"1920\" height=\"2560\" \/>\r\n\t\t\t\t\t\t\t\t\t\t<div class=\"slideshow_description_box slideshow_transparent\">\r\n\t\t\t\t\t\t<div class=\"slideshow_title\">Copia de IMG_7102<\/div>\t\t\t\t\t\t\t\t\t\t\t<\/div>\r\n\t\t\t\t<\/div>\r\n\r\n\t\t\t\t\t\t<div style=\"clear: both;\"><\/div><\/div><div class=\"slideshow_view\">\r\n\t\t\t\t<div class=\"slideshow_slide slideshow_slide_image\">\r\n\t\t\t\t\t\t\t\t\t\t\t<img src=\"https:\/\/sequiol.es\/wp-content\/uploads\/2022\/12\/Copia-de-IMG_7100-scaled.jpg\" alt=\"Copia de IMG_7100\" width=\"1920\" height=\"2560\" \/>\r\n\t\t\t\t\t\t\t\t\t\t<div class=\"slideshow_description_box slideshow_transparent\">\r\n\t\t\t\t\t\t<div class=\"slideshow_title\">Copia de IMG_7100<\/div>\t\t\t\t\t\t\t\t\t\t\t<\/div>\r\n\t\t\t\t<\/div>\r\n\r\n\t\t\t\t\t\t<div style=\"clear: both;\"><\/div><\/div><div class=\"slideshow_view\">\r\n\t\t\t\t<div class=\"slideshow_slide slideshow_slide_image\">\r\n\t\t\t\t\t\t\t\t\t\t\t<img src=\"https:\/\/sequiol.es\/wp-content\/uploads\/2022\/12\/Copia-de-IMG_7097-scaled.jpg\" alt=\"Copia de IMG_7097\" width=\"1920\" height=\"2560\" \/>\r\n\t\t\t\t\t\t\t\t\t\t<div class=\"slideshow_description_box slideshow_transparent\">\r\n\t\t\t\t\t\t<div class=\"slideshow_title\">Copia de IMG_7097<\/div>\t\t\t\t\t\t\t\t\t\t\t<\/div>\r\n\t\t\t\t<\/div>\r\n\r\n\t\t\t\t\t\t<div style=\"clear: both;\"><\/div><\/div><div class=\"slideshow_view\">\r\n\t\t\t\t<div class=\"slideshow_slide slideshow_slide_image\">\r\n\t\t\t\t\t\t\t\t\t\t\t<img src=\"https:\/\/sequiol.es\/wp-content\/uploads\/2022\/12\/Copia-de-IMG_7080-scaled.jpg\" alt=\"Copia de IMG_7080\" width=\"2560\" height=\"1923\" \/>\r\n\t\t\t\t\t\t\t\t\t\t<div class=\"slideshow_description_box slideshow_transparent\">\r\n\t\t\t\t\t\t<div class=\"slideshow_title\">Copia de IMG_7080<\/div>\t\t\t\t\t\t\t\t\t\t\t<\/div>\r\n\t\t\t\t<\/div>\r\n\r\n\t\t\t\t\t\t<div style=\"clear: both;\"><\/div><\/div><div class=\"slideshow_view\">\r\n\t\t\t\t<div class=\"slideshow_slide slideshow_slide_image\">\r\n\t\t\t\t\t\t\t\t\t\t\t<img src=\"https:\/\/sequiol.es\/wp-content\/uploads\/2022\/12\/Copia-de-452.jpg\" alt=\"Copia de 452\" width=\"886\" height=\"591\" \/>\r\n\t\t\t\t\t\t\t\t\t\t<div class=\"slideshow_description_box slideshow_transparent\">\r\n\t\t\t\t\t\t<div class=\"slideshow_title\">Copia de 452<\/div>\t\t\t\t\t\t\t\t\t\t\t<\/div>\r\n\t\t\t\t<\/div>\r\n\r\n\t\t\t\t\t\t<div style=\"clear: both;\"><\/div><\/div><div class=\"slideshow_view\">\r\n\t\t\t\t<div class=\"slideshow_slide slideshow_slide_image\">\r\n\t\t\t\t\t\t\t\t\t\t\t<img src=\"https:\/\/sequiol.es\/wp-content\/uploads\/2022\/12\/Copia-de-338.jpg\" alt=\"Copia de 338\" width=\"591\" height=\"886\" \/>\r\n\t\t\t\t\t\t\t\t\t\t<div class=\"slideshow_description_box slideshow_transparent\">\r\n\t\t\t\t\t\t<div class=\"slideshow_title\">Copia de 338<\/div>\t\t\t\t\t\t\t\t\t\t\t<\/div>\r\n\t\t\t\t<\/div>\r\n\r\n\t\t\t\t\t\t<div style=\"clear: both;\"><\/div><\/div><div class=\"slideshow_view\">\r\n\t\t\t\t<div class=\"slideshow_slide slideshow_slide_image\">\r\n\t\t\t\t\t\t\t\t\t\t\t<img src=\"https:\/\/sequiol.es\/wp-content\/uploads\/2022\/12\/Copia-de-287.jpg\" alt=\"Copia de 287\" width=\"886\" height=\"591\" \/>\r\n\t\t\t\t\t\t\t\t\t\t<div class=\"slideshow_description_box slideshow_transparent\">\r\n\t\t\t\t\t\t<div class=\"slideshow_title\">Copia de 287<\/div>\t\t\t\t\t\t\t\t\t\t\t<\/div>\r\n\t\t\t\t<\/div>\r\n\r\n\t\t\t\t\t\t<div style=\"clear: both;\"><\/div><\/div><div class=\"slideshow_view\">\r\n\t\t\t\t<div class=\"slideshow_slide slideshow_slide_image\">\r\n\t\t\t\t\t\t\t\t\t\t\t<img src=\"https:\/\/sequiol.es\/wp-content\/uploads\/2022\/12\/Copia-de-059.jpg\" alt=\"Copia de 059\" width=\"886\" height=\"591\" \/>\r\n\t\t\t\t\t\t\t\t\t\t<div class=\"slideshow_description_box slideshow_transparent\">\r\n\t\t\t\t\t\t<div class=\"slideshow_title\">Copia de 059<\/div>\t\t\t\t\t\t\t\t\t\t\t<\/div>\r\n\t\t\t\t<\/div>\r\n\r\n\t\t\t\t\t\t<div style=\"clear: both;\"><\/div><\/div><div class=\"slideshow_view\">\r\n\t\t\t\t<div class=\"slideshow_slide slideshow_slide_image\">\r\n\t\t\t\t\t\t\t\t\t\t\t<img src=\"https:\/\/sequiol.es\/wp-content\/uploads\/2022\/12\/Copia-de-053.jpg\" alt=\"Copia de 053\" width=\"886\" height=\"591\" \/>\r\n\t\t\t\t\t\t\t\t\t\t<div class=\"slideshow_description_box slideshow_transparent\">\r\n\t\t\t\t\t\t<div class=\"slideshow_title\">Copia de 053<\/div>\t\t\t\t\t\t\t\t\t\t\t<\/div>\r\n\t\t\t\t<\/div>\r\n\r\n\t\t\t\t\t\t<div style=\"clear: both;\"><\/div><\/div>\r\n\t\t<\/div>\r\n\r\n\t\t<div class=\"slideshow_controlPanel slideshow_transparent\" style=\"display: none;\"><ul><li class=\"slideshow_togglePlay\" data-play-text=\"Play\" data-pause-text=\"Pause\"><\/li><\/ul><\/div>\r\n\r\n\t\t<div class=\"slideshow_button slideshow_previous slideshow_transparent\" role=\"button\" data-previous-text=\"Previous\" style=\"display: none;\"><\/div>\r\n\t\t<div class=\"slideshow_button slideshow_next slideshow_transparent\" role=\"button\" data-next-text=\"Next\" style=\"display: none;\"><\/div>\r\n\r\n\t\t<div class=\"slideshow_pagination\" style=\"display: none;\" data-go-to-text=\"Go to slide\"><div class=\"slideshow_pagination_center\"><\/div><\/div>\r\n\r\n\t\t<!-- WordPress Slideshow Version 2.3.1 -->\r\n\r\n\t\t\t<\/div>\r\n\r\n<\/p>\n","protected":false},"excerpt":{"rendered":"<p>Acabat de comen\u00e7ar el mes de desembre, tenia lloc el tradicional Sopar de Nadal de la Gestora de Gaiates, conegut col\u00b7loquialment al m\u00f3n de la festa pel \u201cSopar de la Pascuera\u201d. Atenent la convocat\u00f2ria de la Federaci\u00f3 Gestora de Gaiates, van assistir-hi els membres de la Gestora de Gaiates, el Patronat de Festes, la Reina [&hellip;]<\/p>\n","protected":false},"author":4,"featured_media":113707,"comment_status":"open","ping_status":"open","sticky":false,"template":"","format":"standard","meta":{"footnotes":""},"categories":[170],"tags":[],"class_list":["post-113734","post","type-post","status-publish","format-standard","has-post-thumbnail","hentry","category-magdalena-2023"],"_links":{"self":[{"href":"https:\/\/sequiol.es\/vl\/wp-json\/wp\/v2\/posts\/113734","targetHints":{"allow":["GET"]}}],"collection":[{"href":"https:\/\/sequiol.es\/vl\/wp-json\/wp\/v2\/posts"}],"about":[{"href":"https:\/\/sequiol.es\/vl\/wp-json\/wp\/v2\/types\/post"}],"author":[{"embeddable":true,"href":"https:\/\/sequiol.es\/vl\/wp-json\/wp\/v2\/users\/4"}],"replies":[{"embeddable":true,"href":"https:\/\/sequiol.es\/vl\/wp-json\/wp\/v2\/comments?post=113734"}],"version-history":[{"count":1,"href":"https:\/\/sequiol.es\/vl\/wp-json\/wp\/v2\/posts\/113734\/revisions"}],"predecessor-version":[{"id":113735,"href":"https:\/\/sequiol.es\/vl\/wp-json\/wp\/v2\/posts\/113734\/revisions\/113735"}],"wp:featuredmedia":[{"embeddable":true,"href":"https:\/\/sequiol.es\/vl\/wp-json\/wp\/v2\/media\/113707"}],"wp:attachment":[{"href":"https:\/\/sequiol.es\/vl\/wp-json\/wp\/v2\/media?parent=113734"}],"wp:term":[{"taxonomy":"category","embeddable":true,"href":"https:\/\/sequiol.es\/vl\/wp-json\/wp\/v2\/categories?post=113734"},{"taxonomy":"post_tag","embeddable":true,"href":"https:\/\/sequiol.es\/vl\/wp-json\/wp\/v2\/tags?post=113734"}],"curies":[{"name":"wp","href":"https:\/\/api.w.org\/{rel}","templated":true}]}}