{"id":113647,"date":"2022-12-03T23:59:43","date_gmt":"2022-12-03T22:59:43","guid":{"rendered":"https:\/\/sequiol.es\/?p=113647"},"modified":"2022-12-13T00:12:47","modified_gmt":"2022-12-12T23:12:47","slug":"presentacio-gaiata-13-%c2%a8sensal%c2%a8","status":"publish","type":"post","link":"https:\/\/sequiol.es\/vl\/presentacio-gaiata-13-%c2%a8sensal%c2%a8\/","title":{"rendered":"PRESENTACI\u00d3 GAIATA 13, \u00a8SENSAL\u00a8"},"content":{"rendered":"<p><span style=\"font-weight: 400;\">Era un dissabte m\u00e9s, per\u00f2 no un dia qualsevol. Aquest finde de Palau va ser protagonista, a part de la Gaiata 13 que feia la seva presentaci\u00f3 oficial, l&#8217;accident ocorregut a l&#8217;avinguda d&#8217;Alcora el passat divendres 2 de desembre, el qual va tenir com a conseq\u00fc\u00e8ncia tres castellonencs morts.<\/span><\/p>\n<p><span style=\"font-weight: 400;\">Al succeir aquesta trag\u00e8dia, l&#8217;Ajuntament de Castell\u00f3 va decretar tres dies de dol a la ciutat, fet que va fer que no es pogu\u00e9s realitzar el protocol habitual al Palau de la Festa.<\/span><\/p>\n<p><span style=\"font-weight: 400;\">Tot i aix\u00ed, la comissi\u00f3 de la Gaiata 13, Sensal, va saber amenitzar i dur a terme aquesta situaci\u00f3 tan delicada que vam viure, i, amb la seva bonica presentaci\u00f3, vam tenir un moment de pau en aquesta nit al Palau de la Festa.<\/span><\/p>\n<p><span style=\"font-weight: 400;\">Abans de comen\u00e7ar amb l&#8217;acte, es va dedicar un minut de silenci en honor a les v\u00edctimes del accident.\u00a0<\/span><\/p>\n<p><span style=\"font-weight: 400;\">La presentaci\u00f3 va comen\u00e7ar amb una sorpresa per als sequiolos, ja que, una de les nostres sequioleres de tota la vida, Mar\u00eda Voltes, va ser una de les presentadores de l&#8217;acte aquella nit, ja que va compartir com a madrina infantil el 2013, i com a dama de la ciutat infantil el 2014, grans moments festers amb l&#8217;actual Madrina de la Gaiata 13, Andrea, cosa que per a ella va significar una gran alegria.<\/span><\/p>\n<p><span style=\"font-weight: 400;\">Arribat el comen\u00e7ament de l&#8217;acte, encap\u00e7alat amb la comissi\u00f3 infantil, i tot seguit amb el torn de la comissi\u00f3 major, fins a omplir l&#8217;escenari.<\/span><\/p>\n<p><span style=\"font-weight: 400;\">Finalment, era el torn de les Madrines, Andrea Chipirraz i Nayade Valverde, acompanyades del President de la Gaiata, Carlos Chipirraz, pare de la Madrina, la qual cosa va fer m\u00e9s emotiu aquest acte. A m\u00e9s que va estar ple de s\u00edmbols feesters i de significats de la tradici\u00f3 magdalenera.<\/span><\/p>\n<p><span style=\"font-weight: 400;\">I aqu\u00ed va estar la nostra comissi\u00f3 sequiolera, per recolzar m\u00e9s que mai el m\u00f3n de les festes, i les nostres Madrines Adriana i Luc\u00eda, acompanyades del president infantil Carlos.<\/span><\/p>\n<p>&nbsp;<\/p>\n<p><span style=\"font-weight: 400;\">Des d&#8217;aqu\u00ed volem donar tot el nostre suport als familiars de les v\u00edctimes.<\/span><\/p>\n<p>&nbsp;<\/p>\n<p>++Fotos cortes\u00eda COMISION \r\n\t<div class=\"slideshow_container slideshow_container_style-light\" style=\"height: 400px; \" data-slideshow-id=\"113601\" data-style-name=\"style-light\" data-style-version=\"2.3.1\" >\r\n\r\n\t\t\t\t\t<div class=\"slideshow_loading_icon\"><\/div>\r\n\t\t\r\n\t\t<div class=\"slideshow_content\" style=\"display: none;\">\r\n\r\n\t\t\t<div class=\"slideshow_view\">\r\n\t\t\t\t<div class=\"slideshow_slide slideshow_slide_image\">\r\n\t\t\t\t\t\t\t\t\t\t\t<img src=\"https:\/\/sequiol.es\/wp-content\/uploads\/2022\/12\/Copia-de-IMG_4060-1-scaled.jpeg\" alt=\"Copia de IMG_4060\" width=\"2560\" height=\"1920\" \/>\r\n\t\t\t\t\t\t\t\t\t\t<div class=\"slideshow_description_box slideshow_transparent\">\r\n\t\t\t\t\t\t<div class=\"slideshow_title\">Copia de IMG_4060<\/div>\t\t\t\t\t\t\t\t\t\t\t<\/div>\r\n\t\t\t\t<\/div>\r\n\r\n\t\t\t\t\t\t<div style=\"clear: both;\"><\/div><\/div><div class=\"slideshow_view\">\r\n\t\t\t\t<div class=\"slideshow_slide slideshow_slide_image\">\r\n\t\t\t\t\t\t\t\t\t\t\t<img src=\"https:\/\/sequiol.es\/wp-content\/uploads\/2022\/12\/Copia-de-IMG_4055-1-scaled.jpeg\" alt=\"Copia de IMG_4055\" width=\"2560\" height=\"1920\" \/>\r\n\t\t\t\t\t\t\t\t\t\t<div class=\"slideshow_description_box slideshow_transparent\">\r\n\t\t\t\t\t\t<div class=\"slideshow_title\">Copia de IMG_4055<\/div>\t\t\t\t\t\t\t\t\t\t\t<\/div>\r\n\t\t\t\t<\/div>\r\n\r\n\t\t\t\t\t\t<div style=\"clear: both;\"><\/div><\/div><div class=\"slideshow_view\">\r\n\t\t\t\t<div class=\"slideshow_slide slideshow_slide_image\">\r\n\t\t\t\t\t\t\t\t\t\t\t<img src=\"https:\/\/sequiol.es\/wp-content\/uploads\/2022\/12\/Copia-de-IMG_4053-1-scaled.jpeg\" alt=\"Copia de IMG_4053\" width=\"2560\" height=\"1920\" \/>\r\n\t\t\t\t\t\t\t\t\t\t<div class=\"slideshow_description_box slideshow_transparent\">\r\n\t\t\t\t\t\t<div class=\"slideshow_title\">Copia de IMG_4053<\/div>\t\t\t\t\t\t\t\t\t\t\t<\/div>\r\n\t\t\t\t<\/div>\r\n\r\n\t\t\t\t\t\t<div style=\"clear: both;\"><\/div><\/div><div class=\"slideshow_view\">\r\n\t\t\t\t<div class=\"slideshow_slide slideshow_slide_image\">\r\n\t\t\t\t\t\t\t\t\t\t\t<img src=\"https:\/\/sequiol.es\/wp-content\/uploads\/2022\/12\/Copia-de-IMG_4047-1-scaled.jpeg\" alt=\"Copia de IMG_4047\" width=\"2560\" height=\"1920\" \/>\r\n\t\t\t\t\t\t\t\t\t\t<div class=\"slideshow_description_box slideshow_transparent\">\r\n\t\t\t\t\t\t<div class=\"slideshow_title\">Copia de IMG_4047<\/div>\t\t\t\t\t\t\t\t\t\t\t<\/div>\r\n\t\t\t\t<\/div>\r\n\r\n\t\t\t\t\t\t<div style=\"clear: both;\"><\/div><\/div><div class=\"slideshow_view\">\r\n\t\t\t\t<div class=\"slideshow_slide slideshow_slide_image\">\r\n\t\t\t\t\t\t\t\t\t\t\t<img src=\"https:\/\/sequiol.es\/wp-content\/uploads\/2022\/12\/Copia-de-IMG_4040-1-scaled.jpeg\" alt=\"Copia de IMG_4040\" width=\"1920\" height=\"2560\" \/>\r\n\t\t\t\t\t\t\t\t\t\t<div class=\"slideshow_description_box slideshow_transparent\">\r\n\t\t\t\t\t\t<div class=\"slideshow_title\">Copia de IMG_4040<\/div>\t\t\t\t\t\t\t\t\t\t\t<\/div>\r\n\t\t\t\t<\/div>\r\n\r\n\t\t\t\t\t\t<div style=\"clear: both;\"><\/div><\/div><div class=\"slideshow_view\">\r\n\t\t\t\t<div class=\"slideshow_slide slideshow_slide_image\">\r\n\t\t\t\t\t\t\t\t\t\t\t<img src=\"https:\/\/sequiol.es\/wp-content\/uploads\/2022\/12\/Copia-de-IMG_4037-1-scaled.jpeg\" alt=\"Copia de IMG_4037\" width=\"1920\" height=\"2560\" \/>\r\n\t\t\t\t\t\t\t\t\t\t<div class=\"slideshow_description_box slideshow_transparent\">\r\n\t\t\t\t\t\t<div class=\"slideshow_title\">Copia de IMG_4037<\/div>\t\t\t\t\t\t\t\t\t\t\t<\/div>\r\n\t\t\t\t<\/div>\r\n\r\n\t\t\t\t\t\t<div style=\"clear: both;\"><\/div><\/div><div class=\"slideshow_view\">\r\n\t\t\t\t<div class=\"slideshow_slide slideshow_slide_image\">\r\n\t\t\t\t\t\t\t\t\t\t\t<img src=\"https:\/\/sequiol.es\/wp-content\/uploads\/2022\/12\/Copia-de-IMG_4036-1-scaled.jpeg\" alt=\"Copia de IMG_4036\" width=\"1920\" height=\"2560\" \/>\r\n\t\t\t\t\t\t\t\t\t\t<div class=\"slideshow_description_box slideshow_transparent\">\r\n\t\t\t\t\t\t<div class=\"slideshow_title\">Copia de IMG_4036<\/div>\t\t\t\t\t\t\t\t\t\t\t<\/div>\r\n\t\t\t\t<\/div>\r\n\r\n\t\t\t\t\t\t<div style=\"clear: both;\"><\/div><\/div><div class=\"slideshow_view\">\r\n\t\t\t\t<div class=\"slideshow_slide slideshow_slide_image\">\r\n\t\t\t\t\t\t\t\t\t\t\t<img src=\"https:\/\/sequiol.es\/wp-content\/uploads\/2022\/12\/Copia-de-IMG_4032-1-scaled.jpeg\" alt=\"Copia de IMG_4032\" width=\"1920\" height=\"2560\" \/>\r\n\t\t\t\t\t\t\t\t\t\t<div class=\"slideshow_description_box slideshow_transparent\">\r\n\t\t\t\t\t\t<div class=\"slideshow_title\">Copia de IMG_4032<\/div>\t\t\t\t\t\t\t\t\t\t\t<\/div>\r\n\t\t\t\t<\/div>\r\n\r\n\t\t\t\t\t\t<div style=\"clear: both;\"><\/div><\/div><div class=\"slideshow_view\">\r\n\t\t\t\t<div class=\"slideshow_slide slideshow_slide_image\">\r\n\t\t\t\t\t\t\t\t\t\t\t<img src=\"https:\/\/sequiol.es\/wp-content\/uploads\/2022\/12\/Copia-de-IMG_4022-1-scaled.jpeg\" alt=\"Copia de IMG_4022\" width=\"2560\" height=\"1920\" \/>\r\n\t\t\t\t\t\t\t\t\t\t<div class=\"slideshow_description_box slideshow_transparent\">\r\n\t\t\t\t\t\t<div class=\"slideshow_title\">Copia de IMG_4022<\/div>\t\t\t\t\t\t\t\t\t\t\t<\/div>\r\n\t\t\t\t<\/div>\r\n\r\n\t\t\t\t\t\t<div style=\"clear: both;\"><\/div><\/div><div class=\"slideshow_view\">\r\n\t\t\t\t<div class=\"slideshow_slide slideshow_slide_image\">\r\n\t\t\t\t\t\t\t\t\t\t\t<img src=\"https:\/\/sequiol.es\/wp-content\/uploads\/2022\/12\/Copia-de-IMG_4018-1-scaled.jpeg\" alt=\"Copia de IMG_4018\" width=\"2560\" height=\"1920\" \/>\r\n\t\t\t\t\t\t\t\t\t\t<div class=\"slideshow_description_box slideshow_transparent\">\r\n\t\t\t\t\t\t<div class=\"slideshow_title\">Copia de IMG_4018<\/div>\t\t\t\t\t\t\t\t\t\t\t<\/div>\r\n\t\t\t\t<\/div>\r\n\r\n\t\t\t\t\t\t<div style=\"clear: both;\"><\/div><\/div><div class=\"slideshow_view\">\r\n\t\t\t\t<div class=\"slideshow_slide slideshow_slide_image\">\r\n\t\t\t\t\t\t\t\t\t\t\t<img src=\"https:\/\/sequiol.es\/wp-content\/uploads\/2022\/12\/Copia-de-IMG_4076-1-scaled.jpeg\" alt=\"Copia de IMG_4076\" width=\"2560\" height=\"1920\" \/>\r\n\t\t\t\t\t\t\t\t\t\t<div class=\"slideshow_description_box slideshow_transparent\">\r\n\t\t\t\t\t\t<div class=\"slideshow_title\">Copia de IMG_4076<\/div>\t\t\t\t\t\t\t\t\t\t\t<\/div>\r\n\t\t\t\t<\/div>\r\n\r\n\t\t\t\t\t\t<div style=\"clear: both;\"><\/div><\/div><div class=\"slideshow_view\">\r\n\t\t\t\t<div class=\"slideshow_slide slideshow_slide_image\">\r\n\t\t\t\t\t\t\t\t\t\t\t<img src=\"https:\/\/sequiol.es\/wp-content\/uploads\/2022\/12\/Copia-de-IMG_4071_C-1-scaled.jpeg\" alt=\"Copia de IMG_4071_C\" width=\"2560\" height=\"1920\" \/>\r\n\t\t\t\t\t\t\t\t\t\t<div class=\"slideshow_description_box slideshow_transparent\">\r\n\t\t\t\t\t\t<div class=\"slideshow_title\">Copia de IMG_4071_C<\/div>\t\t\t\t\t\t\t\t\t\t\t<\/div>\r\n\t\t\t\t<\/div>\r\n\r\n\t\t\t\t\t\t<div style=\"clear: both;\"><\/div><\/div><div class=\"slideshow_view\">\r\n\t\t\t\t<div class=\"slideshow_slide slideshow_slide_image\">\r\n\t\t\t\t\t\t\t\t\t\t\t<img src=\"https:\/\/sequiol.es\/wp-content\/uploads\/2022\/12\/Copia-de-IMG_4066-1-scaled.jpeg\" alt=\"Copia de IMG_4066\" width=\"1920\" height=\"2560\" \/>\r\n\t\t\t\t\t\t\t\t\t\t<div class=\"slideshow_description_box slideshow_transparent\">\r\n\t\t\t\t\t\t<div class=\"slideshow_title\">Copia de IMG_4066<\/div>\t\t\t\t\t\t\t\t\t\t\t<\/div>\r\n\t\t\t\t<\/div>\r\n\r\n\t\t\t\t\t\t<div style=\"clear: both;\"><\/div><\/div><div class=\"slideshow_view\">\r\n\t\t\t\t<div class=\"slideshow_slide slideshow_slide_image\">\r\n\t\t\t\t\t\t\t\t\t\t\t<img src=\"https:\/\/sequiol.es\/wp-content\/uploads\/2022\/12\/Copia-de-IMG_4063-1-scaled.jpeg\" alt=\"Copia de IMG_4063\" width=\"2560\" height=\"1920\" \/>\r\n\t\t\t\t\t\t\t\t\t\t<div class=\"slideshow_description_box slideshow_transparent\">\r\n\t\t\t\t\t\t<div class=\"slideshow_title\">Copia de IMG_4063<\/div>\t\t\t\t\t\t\t\t\t\t\t<\/div>\r\n\t\t\t\t<\/div>\r\n\r\n\t\t\t\t\t\t<div style=\"clear: both;\"><\/div><\/div><div class=\"slideshow_view\">\r\n\t\t\t\t<div class=\"slideshow_slide slideshow_slide_image\">\r\n\t\t\t\t\t\t\t\t\t\t\t<img src=\"https:\/\/sequiol.es\/wp-content\/uploads\/2022\/12\/Copia-de-IMG_4025-1-scaled.jpeg\" alt=\"Copia de IMG_4025\" width=\"2560\" height=\"1920\" \/>\r\n\t\t\t\t\t\t\t\t\t\t<div class=\"slideshow_description_box slideshow_transparent\">\r\n\t\t\t\t\t\t<div class=\"slideshow_title\">Copia de IMG_4025<\/div>\t\t\t\t\t\t\t\t\t\t\t<\/div>\r\n\t\t\t\t<\/div>\r\n\r\n\t\t\t\t\t\t<div style=\"clear: both;\"><\/div><\/div>\r\n\t\t<\/div>\r\n\r\n\t\t<div class=\"slideshow_controlPanel slideshow_transparent\" style=\"display: none;\"><ul><li class=\"slideshow_togglePlay\" data-play-text=\"Play\" data-pause-text=\"Pause\"><\/li><\/ul><\/div>\r\n\r\n\t\t<div class=\"slideshow_button slideshow_previous slideshow_transparent\" role=\"button\" data-previous-text=\"Previous\" style=\"display: none;\"><\/div>\r\n\t\t<div class=\"slideshow_button slideshow_next slideshow_transparent\" role=\"button\" data-next-text=\"Next\" style=\"display: none;\"><\/div>\r\n\r\n\t\t<div class=\"slideshow_pagination\" style=\"display: none;\" data-go-to-text=\"Go to slide\"><div class=\"slideshow_pagination_center\"><\/div><\/div>\r\n\r\n\t\t<!-- WordPress Slideshow Version 2.3.1 -->\r\n\r\n\t\t\t<\/div>\r\n\r\n<\/p>\n","protected":false},"excerpt":{"rendered":"<p>Era un dissabte m\u00e9s, per\u00f2 no un dia qualsevol. Aquest finde de Palau va ser protagonista, a part de la Gaiata 13 que feia la seva presentaci\u00f3 oficial, l&#8217;accident ocorregut a l&#8217;avinguda d&#8217;Alcora el passat divendres 2 de desembre, el qual va tenir com a conseq\u00fc\u00e8ncia tres castellonencs morts. Al succeir aquesta trag\u00e8dia, l&#8217;Ajuntament de [&hellip;]<\/p>\n","protected":false},"author":4,"featured_media":113660,"comment_status":"open","ping_status":"open","sticky":false,"template":"","format":"standard","meta":{"footnotes":""},"categories":[170],"tags":[],"class_list":["post-113647","post","type-post","status-publish","format-standard","has-post-thumbnail","hentry","category-magdalena-2023"],"_links":{"self":[{"href":"https:\/\/sequiol.es\/vl\/wp-json\/wp\/v2\/posts\/113647","targetHints":{"allow":["GET"]}}],"collection":[{"href":"https:\/\/sequiol.es\/vl\/wp-json\/wp\/v2\/posts"}],"about":[{"href":"https:\/\/sequiol.es\/vl\/wp-json\/wp\/v2\/types\/post"}],"author":[{"embeddable":true,"href":"https:\/\/sequiol.es\/vl\/wp-json\/wp\/v2\/users\/4"}],"replies":[{"embeddable":true,"href":"https:\/\/sequiol.es\/vl\/wp-json\/wp\/v2\/comments?post=113647"}],"version-history":[{"count":2,"href":"https:\/\/sequiol.es\/vl\/wp-json\/wp\/v2\/posts\/113647\/revisions"}],"predecessor-version":[{"id":113693,"href":"https:\/\/sequiol.es\/vl\/wp-json\/wp\/v2\/posts\/113647\/revisions\/113693"}],"wp:featuredmedia":[{"embeddable":true,"href":"https:\/\/sequiol.es\/vl\/wp-json\/wp\/v2\/media\/113660"}],"wp:attachment":[{"href":"https:\/\/sequiol.es\/vl\/wp-json\/wp\/v2\/media?parent=113647"}],"wp:term":[{"taxonomy":"category","embeddable":true,"href":"https:\/\/sequiol.es\/vl\/wp-json\/wp\/v2\/categories?post=113647"},{"taxonomy":"post_tag","embeddable":true,"href":"https:\/\/sequiol.es\/vl\/wp-json\/wp\/v2\/tags?post=113647"}],"curies":[{"name":"wp","href":"https:\/\/api.w.org\/{rel}","templated":true}]}}