{"id":110956,"date":"2022-09-12T20:51:39","date_gmt":"2022-09-12T18:51:39","guid":{"rendered":"https:\/\/sequiol.es\/?p=110956"},"modified":"2022-10-10T19:56:06","modified_gmt":"2022-10-10T17:56:06","slug":"acte-despedida-magdalena-2022","status":"publish","type":"post","link":"https:\/\/sequiol.es\/vl\/acte-despedida-magdalena-2022\/","title":{"rendered":"ACTE DESPEDIDA MAGDALENA 2022"},"content":{"rendered":"<p>12\/09\/2022<br \/>\nAmb la calor festiva de tots aquells que estimem les festes de la nostra ciutat, les madrines 2020, Alejandra i Lourdes, acompanyades de la nostra presidenta de la Gaiata, Elisabeth, el 12 de setembre passat, va tenir lloc el sempre malenconi\u00f3s acte de comiat d&#8217;unes corts que van ser les protagonistes de l&#8217;exercici festiu de l&#8217;any 2020\/2022.<br \/>\nPer aquest motiu, el dia 12 de setembre passat el sal\u00f3 del Palau de la Festa, va ser testimoni de l&#8217;acte d&#8217;agra\u00efment i comiat a les que han sigut les m\u00e0ximes representants festives de la ciutat en tots els seus \u00e0mbits, des de madrines a dames de la ciutat i reines.<br \/>\nLa gaiata Sequiol va estar present al comiat de Carmen i Gal.la com a Reines 2020, entre les dames de la ciutat, el Sequiol va tenir el privilegi de tenir \u00c0gueda, que tamb\u00e9 deia ad\u00e9u a un curs festiu que mai oblidar\u00e0.<br \/>\nLourdes i Alejandra acomiadaven aix\u00ed, amb tots els seus companys del m\u00f3n de la festa, uns anys que sempre recordar\u00e1n, i, encara que per temes personals el president infantil Manel no hi va poder acudir, tamb\u00e9 portar\u00e0 tot aquest temps al seu cor.<br \/>\nUna vesprada plena de nost\u00e0lgia, de records, de retrobaments amb tants companys de travessia, agra\u00efments pel que ha viscut, un acte acompanyat per membres de la Junta de festes, presidents de gaiates i familiars, i on van rebre un record de tots els moments viscuts<\/p>\n<p>Fotos cortes\u00eda MUPHY \r\n\t<div class=\"slideshow_container slideshow_container_style-light\" style=\"height: 400px; \" data-slideshow-id=\"110941\" data-style-name=\"style-light\" data-style-version=\"2.3.1\" >\r\n\r\n\t\t\t\t\t<div class=\"slideshow_loading_icon\"><\/div>\r\n\t\t\r\n\t\t<div class=\"slideshow_content\" style=\"display: none;\">\r\n\r\n\t\t\t<div class=\"slideshow_view\">\r\n\t\t\t\t<div class=\"slideshow_slide slideshow_slide_image\">\r\n\t\t\t\t\t\t\t\t\t\t\t<img src=\"https:\/\/sequiol.es\/wp-content\/uploads\/2022\/10\/Copia-de-IMG_5631.jpg\" alt=\"Copia de IMG_5631\" width=\"1132\" height=\"908\" \/>\r\n\t\t\t\t\t\t\t\t\t\t<div class=\"slideshow_description_box slideshow_transparent\">\r\n\t\t\t\t\t\t<div class=\"slideshow_title\">Copia de IMG_5631<\/div>\t\t\t\t\t\t\t\t\t\t\t<\/div>\r\n\t\t\t\t<\/div>\r\n\r\n\t\t\t\t\t\t<div style=\"clear: both;\"><\/div><\/div><div class=\"slideshow_view\">\r\n\t\t\t\t<div class=\"slideshow_slide slideshow_slide_image\">\r\n\t\t\t\t\t\t\t\t\t\t\t<img src=\"https:\/\/sequiol.es\/wp-content\/uploads\/2022\/10\/Copia-de-IMG_5621-scaled.jpg\" alt=\"Copia de IMG_5621\" width=\"1920\" height=\"2560\" \/>\r\n\t\t\t\t\t\t\t\t\t\t<div class=\"slideshow_description_box slideshow_transparent\">\r\n\t\t\t\t\t\t<div class=\"slideshow_title\">Copia de IMG_5621<\/div>\t\t\t\t\t\t\t\t\t\t\t<\/div>\r\n\t\t\t\t<\/div>\r\n\r\n\t\t\t\t\t\t<div style=\"clear: both;\"><\/div><\/div><div class=\"slideshow_view\">\r\n\t\t\t\t<div class=\"slideshow_slide slideshow_slide_image\">\r\n\t\t\t\t\t\t\t\t\t\t\t<img src=\"https:\/\/sequiol.es\/wp-content\/uploads\/2022\/10\/Copia-de-IMG_5617-scaled.jpg\" alt=\"Copia de IMG_5617\" width=\"2560\" height=\"1920\" \/>\r\n\t\t\t\t\t\t\t\t\t\t<div class=\"slideshow_description_box slideshow_transparent\">\r\n\t\t\t\t\t\t<div class=\"slideshow_title\">Copia de IMG_5617<\/div>\t\t\t\t\t\t\t\t\t\t\t<\/div>\r\n\t\t\t\t<\/div>\r\n\r\n\t\t\t\t\t\t<div style=\"clear: both;\"><\/div><\/div><div class=\"slideshow_view\">\r\n\t\t\t\t<div class=\"slideshow_slide slideshow_slide_image\">\r\n\t\t\t\t\t\t\t\t\t\t\t<img src=\"https:\/\/sequiol.es\/wp-content\/uploads\/2022\/10\/Copia-de-72915eec-b533-46d0-af3e-c4c5a0a9c9d3.jpg\" alt=\"Copia de 72915eec-b533-46d0-af3e-c4c5a0a9c9d3\" width=\"2048\" height=\"1366\" \/>\r\n\t\t\t\t\t\t\t\t\t\t<div class=\"slideshow_description_box slideshow_transparent\">\r\n\t\t\t\t\t\t<div class=\"slideshow_title\">Copia de 72915eec-b533-46d0-af3e-c4c5a0a9c9d3<\/div>\t\t\t\t\t\t\t\t\t\t\t<\/div>\r\n\t\t\t\t<\/div>\r\n\r\n\t\t\t\t\t\t<div style=\"clear: both;\"><\/div><\/div>\r\n\t\t<\/div>\r\n\r\n\t\t<div class=\"slideshow_controlPanel slideshow_transparent\" style=\"display: none;\"><ul><li class=\"slideshow_togglePlay\" data-play-text=\"Play\" data-pause-text=\"Pause\"><\/li><\/ul><\/div>\r\n\r\n\t\t<div class=\"slideshow_button slideshow_previous slideshow_transparent\" role=\"button\" data-previous-text=\"Previous\" style=\"display: none;\"><\/div>\r\n\t\t<div class=\"slideshow_button slideshow_next slideshow_transparent\" role=\"button\" data-next-text=\"Next\" style=\"display: none;\"><\/div>\r\n\r\n\t\t<div class=\"slideshow_pagination\" style=\"display: none;\" data-go-to-text=\"Go to slide\"><div class=\"slideshow_pagination_center\"><\/div><\/div>\r\n\r\n\t\t<!-- WordPress Slideshow Version 2.3.1 -->\r\n\r\n\t\t\t<\/div>\r\n\r\n<\/p>\n","protected":false},"excerpt":{"rendered":"<p>12\/09\/2022 Amb la calor festiva de tots aquells que estimem les festes de la nostra ciutat, les madrines 2020, Alejandra i Lourdes, acompanyades de la nostra presidenta de la Gaiata, Elisabeth, el 12 de setembre passat, va tenir lloc el sempre malenconi\u00f3s acte de comiat d&#8217;unes corts que van ser les protagonistes de l&#8217;exercici festiu [&hellip;]<\/p>\n","protected":false},"author":4,"featured_media":110944,"comment_status":"open","ping_status":"open","sticky":false,"template":"","format":"standard","meta":{"footnotes":""},"categories":[157],"tags":[],"class_list":["post-110956","post","type-post","status-publish","format-standard","has-post-thumbnail","hentry","category-magdalena-2022"],"_links":{"self":[{"href":"https:\/\/sequiol.es\/vl\/wp-json\/wp\/v2\/posts\/110956","targetHints":{"allow":["GET"]}}],"collection":[{"href":"https:\/\/sequiol.es\/vl\/wp-json\/wp\/v2\/posts"}],"about":[{"href":"https:\/\/sequiol.es\/vl\/wp-json\/wp\/v2\/types\/post"}],"author":[{"embeddable":true,"href":"https:\/\/sequiol.es\/vl\/wp-json\/wp\/v2\/users\/4"}],"replies":[{"embeddable":true,"href":"https:\/\/sequiol.es\/vl\/wp-json\/wp\/v2\/comments?post=110956"}],"version-history":[{"count":2,"href":"https:\/\/sequiol.es\/vl\/wp-json\/wp\/v2\/posts\/110956\/revisions"}],"predecessor-version":[{"id":111210,"href":"https:\/\/sequiol.es\/vl\/wp-json\/wp\/v2\/posts\/110956\/revisions\/111210"}],"wp:featuredmedia":[{"embeddable":true,"href":"https:\/\/sequiol.es\/vl\/wp-json\/wp\/v2\/media\/110944"}],"wp:attachment":[{"href":"https:\/\/sequiol.es\/vl\/wp-json\/wp\/v2\/media?parent=110956"}],"wp:term":[{"taxonomy":"category","embeddable":true,"href":"https:\/\/sequiol.es\/vl\/wp-json\/wp\/v2\/categories?post=110956"},{"taxonomy":"post_tag","embeddable":true,"href":"https:\/\/sequiol.es\/vl\/wp-json\/wp\/v2\/tags?post=110956"}],"curies":[{"name":"wp","href":"https:\/\/api.w.org\/{rel}","templated":true}]}}