{"id":109166,"date":"2022-04-10T16:35:39","date_gmt":"2022-04-10T14:35:39","guid":{"rendered":"https:\/\/sequiol.es\/?p=109166"},"modified":"2022-06-29T16:38:45","modified_gmt":"2022-06-29T14:38:45","slug":"gala-de-la-pirotecnia-magdalena-2022","status":"publish","type":"post","link":"https:\/\/sequiol.es\/vl\/gala-de-la-pirotecnia-magdalena-2022\/","title":{"rendered":"GALA DE LA PIROT\u00c8CNIA &#8211; MAGDALENA 2022"},"content":{"rendered":"<p>Diumenge passat 10 d&#8217;abril, al Palau de la Festa, es va celebrar la Gala de la Pirot\u00e8cnia. Un acte concebut per a agrair la participaci\u00f3 de totes les empreses pirot\u00e8cniques que actuen durant la recentment finalitzada setmana festera de la Magdalena. A m\u00e9s a m\u00e9s, en aquest acte, es dona a con\u00e9ixer el veredicte del Jurat del concurs de Mascletaes &#8220;Ciutat de Castell\u00f3&#8221;; que enguany complia la seua vint-i-sisena edici\u00f3.<br \/>\nA l&#8217;acte van acudir les Reines de les Festes, Carmen i Gal\u2022la, amb les seues respectives Corts d&#8217;Honor; el Regidor de Festes i President del Patronat; aix\u00ed com membres del Consell Rector. A la cita estaven convidats, a m\u00e9s dels representants de les diferents empreses pirot\u00e8cniques participants, les representacions dels diferents ens col\u2022laboradors i vinculats de la Ciutat. I, com no podia ser d&#8217;una altra manera, la Gaiata 15 Sequiol, comptava amb la pres\u00e8ncia de les nostres m\u00e0ximes representants: la Madrina, Lourdes Climent i la Madrina Infantil, Alejandra S\u00e1ez, acompanyades pel Vicepresident de l&#8217;associaci\u00f3, Javier Rodr\u00edguez.<br \/>\nAmb el mestratge caracter\u00edstic del polifac\u00e8tic Sequiolo Javier Roig, va donar principi la gala, amb una superba actuaci\u00f3 de la Colla de Dol\u00e7ainer Xaloc, sota la direcci\u00f3 d&#8217;Adri\u00e1n Nebot, que va conjugar el so del tabal i la dol\u00e7aina amb el so i les imatges de la pirot\u00e8cnia; una composici\u00f3 ideada per a l&#8217;acte de la Enfarol\u00e0, que no es va poder realitzar.<br \/>\nSeguidament, Javier, va convidar a prendre l&#8217;escenari a les Reines de les Festes, acompanyades pel President del Patronat de Festes, per a fer lliurament d&#8217;una m\u00e8topa als representants de les diferents empreses pirot\u00e8cniques, participants en la Magdalena 2022: Pirot\u00e8cnia Pibierzo, Pirot\u00e8cnia Turis, Pirot\u00e9cnia Hnos. Sirvent, Pirot\u00e8cnia Caballer FX, Pirot\u00e8cnia Zaragozana, Pirot\u00e8cnia Pe\u00f1arroja i Pirot\u00e8cnia Mart\u00ed.<br \/>\nUna actuaci\u00f3 musical va obrir el moment dels homenatges. En primer lloc van ser els representants del Club Esportiu Castell\u00f3, per complir-se enguany el seu centenari, els que van rebre un detall de les mans de les Reines de les Festes. Seguidament es va brindar un record p\u00f2stum a Manuel Garc\u00eda de la Osa, una persona sempre disposada a prestar la seua col\u2022laboraci\u00f3 amb les successives Juntes de Festes i, especialment, en l&#8217;\u00e0mbit pirot\u00e8cnic.<br \/>\nA continuaci\u00f3, arribava el moment estel\u2022lar de la gala: la lectura de l&#8217;acta del Jurat de Mascletaes. Un jurat compost per Luis Oria, com a President, i els vocals: Agust\u00edn Mon, Candi Segura, Antonio \u00c1guila, Irene Segura, Rafa Alabau, Raquel Carceller, Jorge Batiste, Carmen Gumbau, Jovi Monroig, Crist\u00f3bal Badenes, Paco Carbonell, Jos\u00e9 Manuel Milian i Lid\u00f3n Batiste, actuant com a secret\u00e0ria d&#8217;aquest.<br \/>\nVa prendre la paraula la Secret\u00e0ria del Jurat per a donar lectura al veredicte. En primer lloc s&#8217;indicava que, davant l&#8217;abs\u00e8ncia del President, exercia com a tal el primer vocal, Agust\u00edn Mon. Segon, en virtut del que es disposa en la cl\u00e0usula quinzena, de l&#8217;apartat tercer, de les bases t\u00e8cniques que regulen aquest concurs, les quatre empreses que no van efectuar el seu tret en els dies programats per les inclem\u00e8ncies meteorol\u00f2giques; aix\u00f2 \u00e9s Pirot\u00e9cnia Pibierzo, Pirot\u00e8cnia Turis, Pirot\u00e8cnia Caballer FX i Pirot\u00e8cnia Pe\u00f1arroja, ; quedaven fora del concurs. I tercer, segons les facultats que els atorgaven les cl\u00e0usules onzena i dotzena de les bases administratives que regulen aquest concurs, el Jurat, per unanimitat, prenia la decisi\u00f3 de declarar desert la XXVI edici\u00f3 del concurs, &#8220;donades les circumst\u00e0ncies excepcionals i tenint en consideraci\u00f3 les dificultats que van tindre les empreses que s\u00ed que van poder disparar per a muntar els seus espectacles a causa de les condicions meteorol\u00f2giques&#8221;. No obstant aix\u00f2, es feia un esment especial a la masclet\u00e0 disparada el diumenge 27 de mar\u00e7, per Pirot\u00e8cnia Mart\u00ed.<br \/>\nPer a finalitzar l&#8217;acte, va prendre la paraula el president del Patronat qui va voler agrair a tots: empreses, ens festers, comissi\u00f3&#8230;, a tots quants han fet possible el desenvolupament de la Magdalena 2022, fent un esment espec\u00edfic a qui havia assumit l&#8217;\u00e0rea de pirot\u00e8cnia, dins de la comissi\u00f3, i ide\u00f2leg d&#8217;aquesta gala; el Sequiolo Jorge Mart\u00ed.<br \/>\nEl visionat d&#8217;una masclet\u00e0 va donar pas al vi d&#8217;honor que posava punt i final a la gala de la pirot\u00e8cnia de la Magdalena 2022. Una edici\u00f3 en la qual la pluja ens va privar de poder gaudir dels set espectacles pirot\u00e8cnics que componien la vint-i-sisena edici\u00f3 del concurs de Mascletaes &#8220;Ciutat de Castello&#8221;. Tots els castellonencs esperem ja, impacients, les dates en les quals poder gaudir de tots aquests espectacles pirot\u00e8cnics suspesos durant la setmana magdalenera.<\/p>\n<p>Fotos cortes\u00eda MUPHY \r\n\t<div class=\"slideshow_container slideshow_container_style-light\" style=\"height: 400px; \" data-slideshow-id=\"109127\" data-style-name=\"style-light\" data-style-version=\"2.3.1\" >\r\n\r\n\t\t\t\t\t<div class=\"slideshow_loading_icon\"><\/div>\r\n\t\t\r\n\t\t<div class=\"slideshow_content\" style=\"display: none;\">\r\n\r\n\t\t\t<div class=\"slideshow_view\">\r\n\t\t\t\t<div class=\"slideshow_slide slideshow_slide_image\">\r\n\t\t\t\t\t\t\t\t\t\t\t<img src=\"https:\/\/sequiol.es\/wp-content\/uploads\/2022\/06\/PHOTO-2022-04-11-11-44-08.jpg\" alt=\"PHOTO-2022-04-11-11-44-08\" width=\"1600\" height=\"1200\" \/>\r\n\t\t\t\t\t\t\t\t\t\t<div class=\"slideshow_description_box slideshow_transparent\">\r\n\t\t\t\t\t\t<div class=\"slideshow_title\">PHOTO-2022-04-11-11-44-08<\/div>\t\t\t\t\t\t\t\t\t\t\t<\/div>\r\n\t\t\t\t<\/div>\r\n\r\n\t\t\t\t\t\t<div style=\"clear: both;\"><\/div><\/div><div class=\"slideshow_view\">\r\n\t\t\t\t<div class=\"slideshow_slide slideshow_slide_image\">\r\n\t\t\t\t\t\t\t\t\t\t\t<img src=\"https:\/\/sequiol.es\/wp-content\/uploads\/2022\/06\/f6de962c-ba8f-4d92-a7ac-975b5e361e84.jpg\" alt=\"f6de962c-ba8f-4d92-a7ac-975b5e361e84\" width=\"1600\" height=\"1066\" \/>\r\n\t\t\t\t\t\t\t\t\t\t<div class=\"slideshow_description_box slideshow_transparent\">\r\n\t\t\t\t\t\t<div class=\"slideshow_title\">f6de962c-ba8f-4d92-a7ac-975b5e361e84<\/div>\t\t\t\t\t\t\t\t\t\t\t<\/div>\r\n\t\t\t\t<\/div>\r\n\r\n\t\t\t\t\t\t<div style=\"clear: both;\"><\/div><\/div><div class=\"slideshow_view\">\r\n\t\t\t\t<div class=\"slideshow_slide slideshow_slide_image\">\r\n\t\t\t\t\t\t\t\t\t\t\t<img src=\"https:\/\/sequiol.es\/wp-content\/uploads\/2022\/06\/e573a606-4f04-4b87-88b1-263d2f112c98.jpg\" alt=\"e573a606-4f04-4b87-88b1-263d2f112c98\" width=\"1600\" height=\"1066\" \/>\r\n\t\t\t\t\t\t\t\t\t\t<div class=\"slideshow_description_box slideshow_transparent\">\r\n\t\t\t\t\t\t<div class=\"slideshow_title\">e573a606-4f04-4b87-88b1-263d2f112c98<\/div>\t\t\t\t\t\t\t\t\t\t\t<\/div>\r\n\t\t\t\t<\/div>\r\n\r\n\t\t\t\t\t\t<div style=\"clear: both;\"><\/div><\/div><div class=\"slideshow_view\">\r\n\t\t\t\t<div class=\"slideshow_slide slideshow_slide_image\">\r\n\t\t\t\t\t\t\t\t\t\t\t<img src=\"https:\/\/sequiol.es\/wp-content\/uploads\/2022\/06\/dff9b589-9f52-49f7-a0ab-5574f6146c4f.jpg\" alt=\"dff9b589-9f52-49f7-a0ab-5574f6146c4f\" width=\"1600\" height=\"1066\" \/>\r\n\t\t\t\t\t\t\t\t\t\t<div class=\"slideshow_description_box slideshow_transparent\">\r\n\t\t\t\t\t\t<div class=\"slideshow_title\">dff9b589-9f52-49f7-a0ab-5574f6146c4f<\/div>\t\t\t\t\t\t\t\t\t\t\t<\/div>\r\n\t\t\t\t<\/div>\r\n\r\n\t\t\t\t\t\t<div style=\"clear: both;\"><\/div><\/div><div class=\"slideshow_view\">\r\n\t\t\t\t<div class=\"slideshow_slide slideshow_slide_image\">\r\n\t\t\t\t\t\t\t\t\t\t\t<img src=\"https:\/\/sequiol.es\/wp-content\/uploads\/2022\/06\/b028a963-95ec-4684-8773-9a221956e9e0.jpg\" alt=\"b028a963-95ec-4684-8773-9a221956e9e0\" width=\"1600\" height=\"1066\" \/>\r\n\t\t\t\t\t\t\t\t\t\t<div class=\"slideshow_description_box slideshow_transparent\">\r\n\t\t\t\t\t\t<div class=\"slideshow_title\">b028a963-95ec-4684-8773-9a221956e9e0<\/div>\t\t\t\t\t\t\t\t\t\t\t<\/div>\r\n\t\t\t\t<\/div>\r\n\r\n\t\t\t\t\t\t<div style=\"clear: both;\"><\/div><\/div><div class=\"slideshow_view\">\r\n\t\t\t\t<div class=\"slideshow_slide slideshow_slide_image\">\r\n\t\t\t\t\t\t\t\t\t\t\t<img src=\"https:\/\/sequiol.es\/wp-content\/uploads\/2022\/06\/337073cb-5544-4835-a6b7-02c82ee13c22.jpg\" alt=\"337073cb-5544-4835-a6b7-02c82ee13c22\" width=\"1600\" height=\"1066\" \/>\r\n\t\t\t\t\t\t\t\t\t\t<div class=\"slideshow_description_box slideshow_transparent\">\r\n\t\t\t\t\t\t<div class=\"slideshow_title\">337073cb-5544-4835-a6b7-02c82ee13c22<\/div>\t\t\t\t\t\t\t\t\t\t\t<\/div>\r\n\t\t\t\t<\/div>\r\n\r\n\t\t\t\t\t\t<div style=\"clear: both;\"><\/div><\/div><div class=\"slideshow_view\">\r\n\t\t\t\t<div class=\"slideshow_slide slideshow_slide_image\">\r\n\t\t\t\t\t\t\t\t\t\t\t<img src=\"https:\/\/sequiol.es\/wp-content\/uploads\/2022\/06\/9026ea33-6708-42be-9ed7-28d94220df23.jpg\" alt=\"9026ea33-6708-42be-9ed7-28d94220df23\" width=\"1600\" height=\"1066\" \/>\r\n\t\t\t\t\t\t\t\t\t\t<div class=\"slideshow_description_box slideshow_transparent\">\r\n\t\t\t\t\t\t<div class=\"slideshow_title\">9026ea33-6708-42be-9ed7-28d94220df23<\/div>\t\t\t\t\t\t\t\t\t\t\t<\/div>\r\n\t\t\t\t<\/div>\r\n\r\n\t\t\t\t\t\t<div style=\"clear: both;\"><\/div><\/div><div class=\"slideshow_view\">\r\n\t\t\t\t<div class=\"slideshow_slide slideshow_slide_image\">\r\n\t\t\t\t\t\t\t\t\t\t\t<img src=\"https:\/\/sequiol.es\/wp-content\/uploads\/2022\/06\/72d3e13a-3b65-4405-b79b-6d7b10f95704.jpg\" alt=\"72d3e13a-3b65-4405-b79b-6d7b10f95704\" width=\"1600\" height=\"1066\" \/>\r\n\t\t\t\t\t\t\t\t\t\t<div class=\"slideshow_description_box slideshow_transparent\">\r\n\t\t\t\t\t\t<div class=\"slideshow_title\">72d3e13a-3b65-4405-b79b-6d7b10f95704<\/div>\t\t\t\t\t\t\t\t\t\t\t<\/div>\r\n\t\t\t\t<\/div>\r\n\r\n\t\t\t\t\t\t<div style=\"clear: both;\"><\/div><\/div><div class=\"slideshow_view\">\r\n\t\t\t\t<div class=\"slideshow_slide slideshow_slide_image\">\r\n\t\t\t\t\t\t\t\t\t\t\t<img src=\"https:\/\/sequiol.es\/wp-content\/uploads\/2022\/06\/55c1bd2f-e11e-40c5-9323-0d665dbec9c9.jpg\" alt=\"55c1bd2f-e11e-40c5-9323-0d665dbec9c9\" width=\"1600\" height=\"1066\" \/>\r\n\t\t\t\t\t\t\t\t\t\t<div class=\"slideshow_description_box slideshow_transparent\">\r\n\t\t\t\t\t\t<div class=\"slideshow_title\">55c1bd2f-e11e-40c5-9323-0d665dbec9c9<\/div>\t\t\t\t\t\t\t\t\t\t\t<\/div>\r\n\t\t\t\t<\/div>\r\n\r\n\t\t\t\t\t\t<div style=\"clear: both;\"><\/div><\/div><div class=\"slideshow_view\">\r\n\t\t\t\t<div class=\"slideshow_slide slideshow_slide_image\">\r\n\t\t\t\t\t\t\t\t\t\t\t<img src=\"https:\/\/sequiol.es\/wp-content\/uploads\/2022\/06\/39dfe14a-dd8d-4fc1-b16e-b8ccbb2cb213.jpg\" alt=\"39dfe14a-dd8d-4fc1-b16e-b8ccbb2cb213\" width=\"1600\" height=\"1066\" \/>\r\n\t\t\t\t\t\t\t\t\t\t<div class=\"slideshow_description_box slideshow_transparent\">\r\n\t\t\t\t\t\t<div class=\"slideshow_title\">39dfe14a-dd8d-4fc1-b16e-b8ccbb2cb213<\/div>\t\t\t\t\t\t\t\t\t\t\t<\/div>\r\n\t\t\t\t<\/div>\r\n\r\n\t\t\t\t\t\t<div style=\"clear: both;\"><\/div><\/div><div class=\"slideshow_view\">\r\n\t\t\t\t<div class=\"slideshow_slide slideshow_slide_image\">\r\n\t\t\t\t\t\t\t\t\t\t\t<img src=\"https:\/\/sequiol.es\/wp-content\/uploads\/2022\/06\/8c5d1006-8dee-4386-ba1a-29852894ab63.jpg\" alt=\"8c5d1006-8dee-4386-ba1a-29852894ab63\" width=\"1600\" height=\"1066\" \/>\r\n\t\t\t\t\t\t\t\t\t\t<div class=\"slideshow_description_box slideshow_transparent\">\r\n\t\t\t\t\t\t<div class=\"slideshow_title\">8c5d1006-8dee-4386-ba1a-29852894ab63<\/div>\t\t\t\t\t\t\t\t\t\t\t<\/div>\r\n\t\t\t\t<\/div>\r\n\r\n\t\t\t\t\t\t<div style=\"clear: both;\"><\/div><\/div><div class=\"slideshow_view\">\r\n\t\t\t\t<div class=\"slideshow_slide slideshow_slide_image\">\r\n\t\t\t\t\t\t\t\t\t\t\t<img src=\"https:\/\/sequiol.es\/wp-content\/uploads\/2022\/06\/6f719147-d85f-4d39-a346-cb76769100bb.jpg\" alt=\"6f719147-d85f-4d39-a346-cb76769100bb\" width=\"1600\" height=\"1066\" \/>\r\n\t\t\t\t\t\t\t\t\t\t<div class=\"slideshow_description_box slideshow_transparent\">\r\n\t\t\t\t\t\t<div class=\"slideshow_title\">6f719147-d85f-4d39-a346-cb76769100bb<\/div>\t\t\t\t\t\t\t\t\t\t\t<\/div>\r\n\t\t\t\t<\/div>\r\n\r\n\t\t\t\t\t\t<div style=\"clear: both;\"><\/div><\/div>\r\n\t\t<\/div>\r\n\r\n\t\t<div class=\"slideshow_controlPanel slideshow_transparent\" style=\"display: none;\"><ul><li class=\"slideshow_togglePlay\" data-play-text=\"Play\" data-pause-text=\"Pause\"><\/li><\/ul><\/div>\r\n\r\n\t\t<div class=\"slideshow_button slideshow_previous slideshow_transparent\" role=\"button\" data-previous-text=\"Previous\" style=\"display: none;\"><\/div>\r\n\t\t<div class=\"slideshow_button slideshow_next slideshow_transparent\" role=\"button\" data-next-text=\"Next\" style=\"display: none;\"><\/div>\r\n\r\n\t\t<div class=\"slideshow_pagination\" style=\"display: none;\" data-go-to-text=\"Go to slide\"><div class=\"slideshow_pagination_center\"><\/div><\/div>\r\n\r\n\t\t<!-- WordPress Slideshow Version 2.3.1 -->\r\n\r\n\t\t\t<\/div>\r\n\r\n<\/p>\n","protected":false},"excerpt":{"rendered":"<p>Diumenge passat 10 d&#8217;abril, al Palau de la Festa, es va celebrar la Gala de la Pirot\u00e8cnia. Un acte concebut per a agrair la participaci\u00f3 de totes les empreses pirot\u00e8cniques que actuen durant la recentment finalitzada setmana festera de la Magdalena. A m\u00e9s a m\u00e9s, en aquest acte, es dona a con\u00e9ixer el veredicte del [&hellip;]<\/p>\n","protected":false},"author":4,"featured_media":109160,"comment_status":"open","ping_status":"open","sticky":false,"template":"","format":"standard","meta":{"footnotes":""},"categories":[157],"tags":[],"class_list":["post-109166","post","type-post","status-publish","format-standard","has-post-thumbnail","hentry","category-magdalena-2022"],"_links":{"self":[{"href":"https:\/\/sequiol.es\/vl\/wp-json\/wp\/v2\/posts\/109166","targetHints":{"allow":["GET"]}}],"collection":[{"href":"https:\/\/sequiol.es\/vl\/wp-json\/wp\/v2\/posts"}],"about":[{"href":"https:\/\/sequiol.es\/vl\/wp-json\/wp\/v2\/types\/post"}],"author":[{"embeddable":true,"href":"https:\/\/sequiol.es\/vl\/wp-json\/wp\/v2\/users\/4"}],"replies":[{"embeddable":true,"href":"https:\/\/sequiol.es\/vl\/wp-json\/wp\/v2\/comments?post=109166"}],"version-history":[{"count":1,"href":"https:\/\/sequiol.es\/vl\/wp-json\/wp\/v2\/posts\/109166\/revisions"}],"predecessor-version":[{"id":109167,"href":"https:\/\/sequiol.es\/vl\/wp-json\/wp\/v2\/posts\/109166\/revisions\/109167"}],"wp:featuredmedia":[{"embeddable":true,"href":"https:\/\/sequiol.es\/vl\/wp-json\/wp\/v2\/media\/109160"}],"wp:attachment":[{"href":"https:\/\/sequiol.es\/vl\/wp-json\/wp\/v2\/media?parent=109166"}],"wp:term":[{"taxonomy":"category","embeddable":true,"href":"https:\/\/sequiol.es\/vl\/wp-json\/wp\/v2\/categories?post=109166"},{"taxonomy":"post_tag","embeddable":true,"href":"https:\/\/sequiol.es\/vl\/wp-json\/wp\/v2\/tags?post=109166"}],"curies":[{"name":"wp","href":"https:\/\/api.w.org\/{rel}","templated":true}]}}