{"id":103918,"date":"2021-06-21T19:47:00","date_gmt":"2021-06-21T17:47:00","guid":{"rendered":"https:\/\/sequiol.es\/?p=103918"},"modified":"2021-07-22T19:49:06","modified_gmt":"2021-07-22T17:49:06","slug":"lliurament-de-premis-del-la-fundacio-caixa-castello-al-guanyador-del-xviii-concurs-escolar-de-maquetes-de-gaiata-ciutat-de-castello","status":"publish","type":"post","link":"https:\/\/sequiol.es\/vl\/lliurament-de-premis-del-la-fundacio-caixa-castello-al-guanyador-del-xviii-concurs-escolar-de-maquetes-de-gaiata-ciutat-de-castello\/","title":{"rendered":"LLIURAMENT DE PREMIS DEL LA FUNDACI\u00d3 CAIXA CASTELL\u00d3 Al GUANYADOR DEL XVIII CONCURS ESCOLAR DE MAQUETES DE GAIATA &#8220;CIUTAT DE CASTELL\u00d3&#8221;"},"content":{"rendered":"\n<p><\/p>\n\n\n\n<p><strong>Castell\u00f3, 21 de juny de 2021<\/strong>.<\/p>\n\n\n\n<p><br>Seguint amb el programa protocol\u00b7lari de la divuitena edici\u00f3 del concurs escolar de maquetes de&nbsp;Gaiata, una vegada lliurats tots i cadascun dels premis individuals als diferents guanyadors, guanyadores i finalistes -dijous passat 17, en l&#8217;edifici <em>&#8220;El&nbsp;Menador&#8221;<\/em>&nbsp;de l&#8217;<em>Espai&nbsp;Cultural<\/em>-, quedava per lliurar el premi que, la&nbsp;<strong><em>Fundaci\u00f3&nbsp;Caixa&nbsp;Castell\u00f3<\/em><\/strong>, atorga a tota la classe escolar de l&#8217;alumne o alumna que \u00e9s triat vencedor absolut del concurs; que en aquesta edici\u00f3 va ser el treball realitzat per Nicol\u00e1s&nbsp;Cabello&nbsp;P\u00e9rez, alumne del col\u00b7legi p\u00fablic Isabel Ferrer, presentat sota el lema: <em>&#8220;Ha&nbsp;arribat&nbsp;la Magdalena 2020-2021&#8221;<\/em> -tota una declaraci\u00f3 d&#8217;intencions i de ganes festeres en aquest llargu\u00edssim per\u00edode que venim sofrint-.<\/p>\n\n\n\n<p><br>Aquest premi consisteix a convidar a passar -a Nicol\u00e1s i a tots els seus companys de classe- un dia en la Col\u00f2nia&nbsp;<em>Seidia&nbsp;Benassal<\/em>; centre mediambiental i d&#8217;oci de la&nbsp;<strong><em>Fundaci\u00f3<\/em><\/strong>&nbsp;en el qual es desenvolupen diferents programes d&#8217;educaci\u00f3 ambiental amb activitats en l&#8217;\u00e0mbit del bosc mediterrani i el medi rural. Una intensa jornada on podran entrar en contacte amb el medi natural mitjan\u00e7ant activitats l\u00fadiques i participatives que fomenten la creativitat i potencien l&#8217;autonomia, la conviv\u00e8ncia i el progr\u00e9s personal a trav\u00e9s de diferents din\u00e0miques com a jocs tradicionals i cooperatius, tallers creatius i mediambientals.<\/p>\n\n\n\n<p><br>La sala d&#8217;actes de l&#8217;emblem\u00e0tic <em>Edificio Hucha<\/em>, de la&nbsp;<strong><em>Fundaci\u00f3&nbsp;Caixa&nbsp;Castell\u00f3<\/em><\/strong>, va acollir l&#8217;acte de lliurament d&#8217;aquesta distinci\u00f3. Aix\u00ed, el President de la&nbsp;<strong><em>Fundaci\u00f3<\/em><\/strong>, Juan Antonio Llopis al costat del Gerent d&#8217;aquesta, Leopoldo Monfort, van rebre en aquestes depend\u00e8ncies a l&#8217;associaci\u00f3 cultural&nbsp;Gaiata&nbsp;15&nbsp;Sequiol&nbsp;-entitat organitzadora del concurs-; representats en aquest acte per la seva Madrina Infantil, Alejandra S\u00e1ez i pel President&nbsp;Infantil, Manel Rubio, acompanyats pel Vicepresident de l&#8217;associaci\u00f3 i ponent del concurs, V\u00edctor Orozco; i al flamant guanyador del concurs, Nicol\u00e1s&nbsp;Cabello, qui anava acompanyat pel seu professor de pl\u00e0stica del C.P. Isabel Ferrer i d&#8217;un bon nombre de companys del seu quart curs.<\/p>\n\n\n\n<p><br>L&#8217;acte va donar principi amb unes paraules del President de la&nbsp;<strong><em>Fundaci\u00f3<\/em><\/strong>, Juan Antonio Llopis, qui va versar sobre els or\u00edgens de les nostres festes i l&#8217;important paper que ha jugat el s\u00edmbol de la&nbsp;Gaiata. Tamb\u00e9 va tenir paraules d&#8217;agra\u00efment i felicitaci\u00f3 pel treball ben fet; per al guanyador per\u00f2 tamb\u00e9 per a tots i cadascun dels escolars que han participat en el concurs aix\u00ed com els docents que els han ajudat en aquesta il\u00b7lusionant tasca i que ha perm\u00e8s, un any m\u00e9s -i ja s\u00f3n divuit- poder portar a bon port una nova edici\u00f3 d&#8217;aquest concurs i esperant poder comptar amb aquesta mateixa il\u00b7lusi\u00f3 de tots els escolars en edicions esdevenidores.<\/p>\n\n\n\n<p><br>Amb aquest acte,\u00a0Sequiol, donava per tancada la divuitena edici\u00f3 del concurs escolar de maquetes. Des d&#8217;aquestes l\u00ednies volem agrair molt efusivament a quantes entitats i empreses s&#8217;han unit a aquest il\u00b7lusionant projecte per a poder donar-li visi\u00f3 de futur; i molt especialment a la\u00a0<strong><em>Fundaci\u00f3\u00a0Caixa\u00a0Castell\u00f3<\/em><\/strong> pel seu total suport. Sens dubte, amb ells, amb el seu inestimable suport i amb tota la il\u00b7lusi\u00f3 dels escolars participants, podem assegurar que la dinovena edici\u00f3 del concurs escolar de maquetes de\u00a0Gaiata, ja \u00e9s aqu\u00ed.<\/p>\n\n\n\n<p>Fotos cortes\u00eda muphy \r\n\t<div class=\"slideshow_container slideshow_container_style-light\" style=\"height: 400px; \" data-slideshow-id=\"103841\" data-style-name=\"style-light\" data-style-version=\"2.3.1\" >\r\n\r\n\t\t\t\t\t<div class=\"slideshow_loading_icon\"><\/div>\r\n\t\t\r\n\t\t<div class=\"slideshow_content\" style=\"display: none;\">\r\n\r\n\t\t\t<div class=\"slideshow_view\">\r\n\t\t\t\t<div class=\"slideshow_slide slideshow_slide_image\">\r\n\t\t\t\t\t\t\t\t\t\t\t<img src=\"https:\/\/sequiol.es\/wp-content\/uploads\/2021\/07\/Entrega-premios-fundacion-2021-06-21-19-13-30.jpg\" alt=\"Entrega premios fundacion-2021-06-21-19-13-30\" width=\"2000\" height=\"1500\" \/>\r\n\t\t\t\t\t\t\t\t\t\t<div class=\"slideshow_description_box slideshow_transparent\">\r\n\t\t\t\t\t\t<div class=\"slideshow_title\">Entrega premios fundacion-2021-06-21-19-13-30<\/div>\t\t\t\t\t\t\t\t\t\t\t<\/div>\r\n\t\t\t\t<\/div>\r\n\r\n\t\t\t\t\t\t<div style=\"clear: both;\"><\/div><\/div><div class=\"slideshow_view\">\r\n\t\t\t\t<div class=\"slideshow_slide slideshow_slide_image\">\r\n\t\t\t\t\t\t\t\t\t\t\t<img src=\"https:\/\/sequiol.es\/wp-content\/uploads\/2021\/07\/Entrega-premios-fundacion-2021-06-21-19-13-27.jpg\" alt=\"Entrega premios fundacion-2021-06-21-19-13-27\" width=\"2000\" height=\"1500\" \/>\r\n\t\t\t\t\t\t\t\t\t\t<div class=\"slideshow_description_box slideshow_transparent\">\r\n\t\t\t\t\t\t<div class=\"slideshow_title\">Entrega premios fundacion-2021-06-21-19-13-27<\/div>\t\t\t\t\t\t\t\t\t\t\t<\/div>\r\n\t\t\t\t<\/div>\r\n\r\n\t\t\t\t\t\t<div style=\"clear: both;\"><\/div><\/div><div class=\"slideshow_view\">\r\n\t\t\t\t<div class=\"slideshow_slide slideshow_slide_image\">\r\n\t\t\t\t\t\t\t\t\t\t\t<img src=\"https:\/\/sequiol.es\/wp-content\/uploads\/2021\/07\/Entrega-premios-fundacion-2021-06-21-19-13-33.jpg\" alt=\"Entrega premios fundacion-2021-06-21-19-13-33\" width=\"2000\" height=\"1500\" \/>\r\n\t\t\t\t\t\t\t\t\t\t<div class=\"slideshow_description_box slideshow_transparent\">\r\n\t\t\t\t\t\t<div class=\"slideshow_title\">Entrega premios fundacion-2021-06-21-19-13-33<\/div>\t\t\t\t\t\t\t\t\t\t\t<\/div>\r\n\t\t\t\t<\/div>\r\n\r\n\t\t\t\t\t\t<div style=\"clear: both;\"><\/div><\/div><div class=\"slideshow_view\">\r\n\t\t\t\t<div class=\"slideshow_slide slideshow_slide_image\">\r\n\t\t\t\t\t\t\t\t\t\t\t<img src=\"https:\/\/sequiol.es\/wp-content\/uploads\/2021\/07\/Entrega-premios-fundacion-2021-06-21-19-13-33-3.jpg\" alt=\"Entrega premios fundacion-2021-06-21-19-13-33 (3)\" width=\"2000\" height=\"1500\" \/>\r\n\t\t\t\t\t\t\t\t\t\t<div class=\"slideshow_description_box slideshow_transparent\">\r\n\t\t\t\t\t\t<div class=\"slideshow_title\">Entrega premios fundacion-2021-06-21-19-13-33 (3)<\/div>\t\t\t\t\t\t\t\t\t\t\t<\/div>\r\n\t\t\t\t<\/div>\r\n\r\n\t\t\t\t\t\t<div style=\"clear: both;\"><\/div><\/div><div class=\"slideshow_view\">\r\n\t\t\t\t<div class=\"slideshow_slide slideshow_slide_image\">\r\n\t\t\t\t\t\t\t\t\t\t\t<img src=\"https:\/\/sequiol.es\/wp-content\/uploads\/2021\/07\/Entrega-premios-fundacion-2021-06-21-19-13-33-1.jpg\" alt=\"Entrega premios fundacion-2021-06-21-19-13-33 (1)\" width=\"2000\" height=\"1500\" \/>\r\n\t\t\t\t\t\t\t\t\t\t<div class=\"slideshow_description_box slideshow_transparent\">\r\n\t\t\t\t\t\t<div class=\"slideshow_title\">Entrega premios fundacion-2021-06-21-19-13-33 (1)<\/div>\t\t\t\t\t\t\t\t\t\t\t<\/div>\r\n\t\t\t\t<\/div>\r\n\r\n\t\t\t\t\t\t<div style=\"clear: both;\"><\/div><\/div><div class=\"slideshow_view\">\r\n\t\t\t\t<div class=\"slideshow_slide slideshow_slide_image\">\r\n\t\t\t\t\t\t\t\t\t\t\t<img src=\"https:\/\/sequiol.es\/wp-content\/uploads\/2021\/07\/Entrega-premios-fundacion-2021-06-21-19-13-32.jpg\" alt=\"Entrega premios fundacion-2021-06-21-19-13-32\" width=\"2048\" height=\"1536\" \/>\r\n\t\t\t\t\t\t\t\t\t\t<div class=\"slideshow_description_box slideshow_transparent\">\r\n\t\t\t\t\t\t<div class=\"slideshow_title\">Entrega premios fundacion-2021-06-21-19-13-32<\/div>\t\t\t\t\t\t\t\t\t\t\t<\/div>\r\n\t\t\t\t<\/div>\r\n\r\n\t\t\t\t\t\t<div style=\"clear: both;\"><\/div><\/div><div class=\"slideshow_view\">\r\n\t\t\t\t<div class=\"slideshow_slide slideshow_slide_image\">\r\n\t\t\t\t\t\t\t\t\t\t\t<img src=\"https:\/\/sequiol.es\/wp-content\/uploads\/2021\/07\/Entrega-premios-fundacion-2021-06-21-19-13-32-1.jpg\" alt=\"Entrega premios fundacion-2021-06-21-19-13-32 (1)\" width=\"2000\" height=\"1500\" \/>\r\n\t\t\t\t\t\t\t\t\t\t<div class=\"slideshow_description_box slideshow_transparent\">\r\n\t\t\t\t\t\t<div class=\"slideshow_title\">Entrega premios fundacion-2021-06-21-19-13-32 (1)<\/div>\t\t\t\t\t\t\t\t\t\t\t<\/div>\r\n\t\t\t\t<\/div>\r\n\r\n\t\t\t\t\t\t<div style=\"clear: both;\"><\/div><\/div><div class=\"slideshow_view\">\r\n\t\t\t\t<div class=\"slideshow_slide slideshow_slide_image\">\r\n\t\t\t\t\t\t\t\t\t\t\t<img src=\"https:\/\/sequiol.es\/wp-content\/uploads\/2021\/07\/Entrega-premios-fundacion-2021-06-21-19-13-31.jpg\" alt=\"Entrega premios fundacion-2021-06-21-19-13-31\" width=\"2000\" height=\"1500\" \/>\r\n\t\t\t\t\t\t\t\t\t\t<div class=\"slideshow_description_box slideshow_transparent\">\r\n\t\t\t\t\t\t<div class=\"slideshow_title\">Entrega premios fundacion-2021-06-21-19-13-31<\/div>\t\t\t\t\t\t\t\t\t\t\t<\/div>\r\n\t\t\t\t<\/div>\r\n\r\n\t\t\t\t\t\t<div style=\"clear: both;\"><\/div><\/div><div class=\"slideshow_view\">\r\n\t\t\t\t<div class=\"slideshow_slide slideshow_slide_image\">\r\n\t\t\t\t\t\t\t\t\t\t\t<img src=\"https:\/\/sequiol.es\/wp-content\/uploads\/2021\/07\/Entrega-premios-fundacion-2021-06-21-19-13-31-6.jpg\" alt=\"Entrega premios fundacion-2021-06-21-19-13-31 (6)\" width=\"2000\" height=\"1500\" \/>\r\n\t\t\t\t\t\t\t\t\t\t<div class=\"slideshow_description_box slideshow_transparent\">\r\n\t\t\t\t\t\t<div class=\"slideshow_title\">Entrega premios fundacion-2021-06-21-19-13-31 (6)<\/div>\t\t\t\t\t\t\t\t\t\t\t<\/div>\r\n\t\t\t\t<\/div>\r\n\r\n\t\t\t\t\t\t<div style=\"clear: both;\"><\/div><\/div><div class=\"slideshow_view\">\r\n\t\t\t\t<div class=\"slideshow_slide slideshow_slide_image\">\r\n\t\t\t\t\t\t\t\t\t\t\t<img src=\"https:\/\/sequiol.es\/wp-content\/uploads\/2021\/07\/Entrega-premios-fundacion-2021-06-21-19-13-31-1.jpg\" alt=\"Entrega premios fundacion-2021-06-21-19-13-31 (1)\" width=\"2000\" height=\"1500\" \/>\r\n\t\t\t\t\t\t\t\t\t\t<div class=\"slideshow_description_box slideshow_transparent\">\r\n\t\t\t\t\t\t<div class=\"slideshow_title\">Entrega premios fundacion-2021-06-21-19-13-31 (1)<\/div>\t\t\t\t\t\t\t\t\t\t\t<\/div>\r\n\t\t\t\t<\/div>\r\n\r\n\t\t\t\t\t\t<div style=\"clear: both;\"><\/div><\/div>\r\n\t\t<\/div>\r\n\r\n\t\t<div class=\"slideshow_controlPanel slideshow_transparent\" style=\"display: none;\"><ul><li class=\"slideshow_togglePlay\" data-play-text=\"Play\" data-pause-text=\"Pause\"><\/li><\/ul><\/div>\r\n\r\n\t\t<div class=\"slideshow_button slideshow_previous slideshow_transparent\" role=\"button\" data-previous-text=\"Previous\" style=\"display: none;\"><\/div>\r\n\t\t<div class=\"slideshow_button slideshow_next slideshow_transparent\" role=\"button\" data-next-text=\"Next\" style=\"display: none;\"><\/div>\r\n\r\n\t\t<div class=\"slideshow_pagination\" style=\"display: none;\" data-go-to-text=\"Go to slide\"><div class=\"slideshow_pagination_center\"><\/div><\/div>\r\n\r\n\t\t<!-- WordPress Slideshow Version 2.3.1 -->\r\n\r\n\t\t\t<\/div>\r\n\r\n<\/p>\n","protected":false},"excerpt":{"rendered":"<p>Castell\u00f3, 21 de juny de 2021. Seguint amb el programa protocol\u00b7lari de la divuitena edici\u00f3 del concurs escolar de maquetes de&nbsp;Gaiata, una vegada lliurats tots i cadascun dels premis individuals als diferents guanyadors, guanyadores i finalistes -dijous passat 17, en l&#8217;edifici &#8220;El&nbsp;Menador&#8221;&nbsp;de l&#8217;Espai&nbsp;Cultural-, quedava per lliurar el premi que, la&nbsp;Fundaci\u00f3&nbsp;Caixa&nbsp;Castell\u00f3, atorga a tota la classe [&hellip;]<\/p>\n","protected":false},"author":4,"featured_media":103842,"comment_status":"open","ping_status":"open","sticky":false,"template":"","format":"standard","meta":{"footnotes":""},"categories":[155],"tags":[],"class_list":["post-103918","post","type-post","status-publish","format-standard","has-post-thumbnail","hentry","category-magdalena-2021"],"_links":{"self":[{"href":"https:\/\/sequiol.es\/vl\/wp-json\/wp\/v2\/posts\/103918","targetHints":{"allow":["GET"]}}],"collection":[{"href":"https:\/\/sequiol.es\/vl\/wp-json\/wp\/v2\/posts"}],"about":[{"href":"https:\/\/sequiol.es\/vl\/wp-json\/wp\/v2\/types\/post"}],"author":[{"embeddable":true,"href":"https:\/\/sequiol.es\/vl\/wp-json\/wp\/v2\/users\/4"}],"replies":[{"embeddable":true,"href":"https:\/\/sequiol.es\/vl\/wp-json\/wp\/v2\/comments?post=103918"}],"version-history":[{"count":1,"href":"https:\/\/sequiol.es\/vl\/wp-json\/wp\/v2\/posts\/103918\/revisions"}],"predecessor-version":[{"id":103919,"href":"https:\/\/sequiol.es\/vl\/wp-json\/wp\/v2\/posts\/103918\/revisions\/103919"}],"wp:featuredmedia":[{"embeddable":true,"href":"https:\/\/sequiol.es\/vl\/wp-json\/wp\/v2\/media\/103842"}],"wp:attachment":[{"href":"https:\/\/sequiol.es\/vl\/wp-json\/wp\/v2\/media?parent=103918"}],"wp:term":[{"taxonomy":"category","embeddable":true,"href":"https:\/\/sequiol.es\/vl\/wp-json\/wp\/v2\/categories?post=103918"},{"taxonomy":"post_tag","embeddable":true,"href":"https:\/\/sequiol.es\/vl\/wp-json\/wp\/v2\/tags?post=103918"}],"curies":[{"name":"wp","href":"https:\/\/api.w.org\/{rel}","templated":true}]}}