{"id":103912,"date":"2021-06-21T19:39:00","date_gmt":"2021-06-21T17:39:00","guid":{"rendered":"https:\/\/sequiol.es\/?p=103912"},"modified":"2021-07-22T19:50:02","modified_gmt":"2021-07-22T17:50:02","slug":"lliurament-de-premis-de-la-xviii-edicio-del-concurs-escolar-de-maquetes-ciutat-de-castello","status":"publish","type":"post","link":"https:\/\/sequiol.es\/vl\/lliurament-de-premis-de-la-xviii-edicio-del-concurs-escolar-de-maquetes-ciutat-de-castello\/","title":{"rendered":"LLIURAMENT DE PREMIS DE LA XVIII EDICI\u00d3 DEL CONCURS ESCOLAR DE MAQUETES &#8220;CIUTAT DE CASTELL\u00d3&#8221;."},"content":{"rendered":"\n<p>Nom\u00e9s fa uns mesos, a la fi de mar\u00e7 de 2021, don\u00e0vem per tancada la dissetena edici\u00f3 del concurs escolar de maquetes que&nbsp;organitza Sequiol,&nbsp;amb el lliurament de premis. Una clausura que va estar ajornada <em>&#8220;sine die&#8221;<\/em> per motiu de la pand\u00e8mia i que, per fi, vam poder realitzar amb totes les mesures de salut i higi\u00e8niques que establien els protocols sanitaris -dist\u00e0ncies de seguretat i aforament limitat-.<br>En temps r\u00e8cord,&nbsp;Sequiol&nbsp;va llan\u00e7ar la convocat\u00f2ria de la divuitena edici\u00f3 a les escoles. Malgrat tenir tots els condicionants en contra i amb uns terminis s\u00faper ajustats, la resposta va ser interessant, amb vuit centres participants i prop de dues-centes maquetes. Aix\u00ed, durant el mes d&#8217;abril es va realitzar l&#8217;elecci\u00f3 de la guanyadora i la preceptiva exposici\u00f3.<br>Aix\u00ed doncs, seguint id\u00e8ntics protocols sanitaris, de nou el sal\u00f3 de <em>&#8220;el&nbsp;Menador&#8221;<\/em>&nbsp;del&nbsp;Espai&nbsp;Cultural de la ciutat acollia el nou lliurament de premis de la nova edici\u00f3 -amb la qual aquest concurs compleix ja la seva majoria d&#8217;edat amb el que li converteix, segurament, en el referent cultural i festiu en l&#8217;\u00e0mbit escolar de la ciutat-. La veprada del dijous 17 de juny, sota una amena\u00e7a de pluja que solament es va complir al mat\u00ed,&nbsp;Sequiol&nbsp;congregava a tots els guanyadors i finalistes d&#8217;aquesta edici\u00f3, per a fer-los lliurament dels seus corresponents premis. I, una altra vegada les mesures de distanciament i l&#8217;aforament limitat, ens obligaven a realitzar-lo en dues fases.<br>De la m\u00e0 de la joven\u00edssima presentadora de l&#8217;acte, la&nbsp;sequiol@&nbsp;Nagore&nbsp;Garc\u00eda Miravet, es va donar inici a la primera part de l&#8217;acte. Destacar que, al costat de la representaci\u00f3 del&nbsp;Sequiol&nbsp;amb la seva Presidenta, Elisabeth&nbsp;Breva, que acompanyava a la Madrina Infantil, Alejandra S\u00e1ez i al President&nbsp;Infantil, Manel Rubio; presidia la taula, la Reina Infantil de les Festes,&nbsp;Gal\u00b7la&nbsp;Calvo, el Director Territorial d&#8217;Educaci\u00f3, Cultura i Esport de Castell\u00f3, Alfred&nbsp;Remolar, i els regidors de l&#8217;ajuntament de Castell\u00f3, Omar&nbsp;Braina, de Festes, i Francesc&nbsp;Mezquita, d&#8217;Educaci\u00f3.<br>Despr\u00e9s de les preceptives benvingudes i agra\u00efments a patrocinadors, alumnes i familiars que han fet possible complir amb aquest somni de les divuit edicions, van venir els parlaments de les autoritats, els qui van voler recon\u00e8ixer el treball ben fet per tots els escolars, agraint l&#8217;esfor\u00e7 i dedicaci\u00f3 amb qu\u00e8&nbsp;Sequiol&nbsp;mant\u00e9 la il\u00b7lusi\u00f3 per difondre i fomentar la figura de la&nbsp;Gaiata&nbsp;entre els escolars de la ciutat.<br>I, sense m\u00e9s, es va procedir al lliurament dels premis. En la primera part de l&#8217;acte, van rebre els seus obsequis el seg\u00fcents guanyadors i guanyadores de la fase local -un altaveu&nbsp;<em>bluetooth<\/em>-:<br>&#8211; LEONOR PONS VICENTE<br>&#8211; LAURA PASCUAL POLO<br>&#8211;&nbsp;JULYEN&nbsp;PORTEIRO<br>&#8211; SOFIA&nbsp;STANCIU&nbsp;STEFAN<br>&#8211; JAVIER TORMO&nbsp;CELADES<br>&#8211; SERGIO&nbsp;GIMENEZ&nbsp;JIMENEZ<br>&#8211; AITANA&nbsp;RUS<br>&#8211; CLARA VICENT<br>i els i les finalistes -auriculars sense fils, cortesia de Centre Comercial Carrefour Castell\u00f3-:<br>&#8211; VICTORIA FABREGAT&nbsp;CARRO<br>&#8211; CLARA BLANCH BIEL.<br>En la segona part de l&#8217;acte, es va completar el lliurament d&#8217;obsequis als guanyadors i guanyadores de la fase local:<br>&#8211; IRENE&nbsp;NEGRO&nbsp;GARCIA<br>&#8211; LAURA GARCIA&nbsp;CAUSANILLES<br>&#8211; MARIA ESCUDER GRANELL<br>&#8211; LUCIA&nbsp;RODRIGUEZ&nbsp;SAEZ<br>&#8211;&nbsp;NORA&nbsp;AGUILELLA&nbsp;MENDEZ<br>&#8211; SARA PASTOR&nbsp;PI\u00d1ON<br>&#8211; LUCIA&nbsp;PORCAR&nbsp;MONTA\u00d1ES<br>&#8211; REBECA&nbsp;ANDRONACHE<br>i a la resta de finalistes:<br>&#8211; LAURA GUZMAN CASTELL<br>&#8211; RAQUEL CANALES&nbsp;SOS<br>&#8211; ISABEL CRESPO BARREDA<br>&#8211; MARTA CANALES&nbsp;SOS<br>A continuaci\u00f3 es va fer lliurament dels detalls -una Tauleta, gentilesa del Centre Comercial Carrefour Castell\u00f3 &#8211; a la guanyadora del tercer premi:<br>&#8211; LUCIA GUZMAN CASTELL<br>i a la guanyadora del segon premi:<br>&#8211; IRENE MIR&nbsp;GONZALEZ.<br>I tancant el lliurament de premis, es va fer lliurament al guanyador absolut del concurs &#8211; premio Lorenzo Ram\u00edrez- a:<br>&#8211; NICOLAS&nbsp;CABELLO&nbsp;PEREZ<br>consistent en un ordinador personal -gentilesa de centre comercial Carrefour Castell\u00f3-, lliurat per la Reina de les Festes,&nbsp;Gal\u00b7la&nbsp;Calvo, i de la litografia de l&#8217;obra del pintor Lorenzo Ram\u00edrez, que d\u00f3na nom al premi, lliurada pel Director Territorial, Alfred&nbsp;Remolar.<br><br>Amb la fotografia de tots els premiats es va posar punt final a aquest acte, no sense abans convidar-los a tots a continuar participant en la pr\u00f2xima edici\u00f3 que, molt aviat, veur\u00e0 la llum<\/p>\n\n\n\n<p>Fotos cortes\u00eda MUPHY \r\n\t<div class=\"slideshow_container slideshow_container_style-light\" style=\"height: 400px; \" data-slideshow-id=\"103657\" data-style-name=\"style-light\" data-style-version=\"2.3.1\" >\r\n\r\n\t\t\t\t\t<div class=\"slideshow_loading_icon\"><\/div>\r\n\t\t\r\n\t\t<div class=\"slideshow_content\" style=\"display: none;\">\r\n\r\n\t\t\t<div class=\"slideshow_view\">\r\n\t\t\t\t<div class=\"slideshow_slide slideshow_slide_image\">\r\n\t\t\t\t\t\t\t\t\t\t\t<img src=\"https:\/\/sequiol.es\/wp-content\/uploads\/2021\/07\/Entrega-premios-maquetas-2021-06-17-19-55-08.jpg\" alt=\"Entrega premios maquetas-2021-06-17-19-55-08\" width=\"1662\" height=\"804\" \/>\r\n\t\t\t\t\t\t\t\t\t\t<div class=\"slideshow_description_box slideshow_transparent\">\r\n\t\t\t\t\t\t<div class=\"slideshow_title\">Entrega premios maquetas-2021-06-17-19-55-08<\/div>\t\t\t\t\t\t\t\t\t\t\t<\/div>\r\n\t\t\t\t<\/div>\r\n\r\n\t\t\t\t\t\t<div style=\"clear: both;\"><\/div><\/div><div class=\"slideshow_view\">\r\n\t\t\t\t<div class=\"slideshow_slide slideshow_slide_image\">\r\n\t\t\t\t\t\t\t\t\t\t\t<img src=\"https:\/\/sequiol.es\/wp-content\/uploads\/2021\/07\/Entrega-premios-maquetas-2021-06-17-19-50-58.jpg\" alt=\"Entrega premios maquetas-2021-06-17-19-50-58\" width=\"2048\" height=\"1366\" \/>\r\n\t\t\t\t\t\t\t\t\t\t<div class=\"slideshow_description_box slideshow_transparent\">\r\n\t\t\t\t\t\t<div class=\"slideshow_title\">Entrega premios maquetas-2021-06-17-19-50-58<\/div>\t\t\t\t\t\t\t\t\t\t\t<\/div>\r\n\t\t\t\t<\/div>\r\n\r\n\t\t\t\t\t\t<div style=\"clear: both;\"><\/div><\/div><div class=\"slideshow_view\">\r\n\t\t\t\t<div class=\"slideshow_slide slideshow_slide_image\">\r\n\t\t\t\t\t\t\t\t\t\t\t<img src=\"https:\/\/sequiol.es\/wp-content\/uploads\/2021\/07\/Entrega-premios-maquetas-2021-06-17-19-50-41.jpg\" alt=\"Entrega premios maquetas-2021-06-17-19-50-41\" width=\"1068\" height=\"1600\" \/>\r\n\t\t\t\t\t\t\t\t\t\t<div class=\"slideshow_description_box slideshow_transparent\">\r\n\t\t\t\t\t\t<div class=\"slideshow_title\">Entrega premios maquetas-2021-06-17-19-50-41<\/div>\t\t\t\t\t\t\t\t\t\t\t<\/div>\r\n\t\t\t\t<\/div>\r\n\r\n\t\t\t\t\t\t<div style=\"clear: both;\"><\/div><\/div><div class=\"slideshow_view\">\r\n\t\t\t\t<div class=\"slideshow_slide slideshow_slide_image\">\r\n\t\t\t\t\t\t\t\t\t\t\t<img src=\"https:\/\/sequiol.es\/wp-content\/uploads\/2021\/07\/Entrega-premios-maquetas-2021-06-17-19-50-40-1.jpg\" alt=\"Entrega premios maquetas-2021-06-17-19-50-40 (1)\" width=\"1600\" height=\"1068\" \/>\r\n\t\t\t\t\t\t\t\t\t\t<div class=\"slideshow_description_box slideshow_transparent\">\r\n\t\t\t\t\t\t<div class=\"slideshow_title\">Entrega premios maquetas-2021-06-17-19-50-40 (1)<\/div>\t\t\t\t\t\t\t\t\t\t\t<\/div>\r\n\t\t\t\t<\/div>\r\n\r\n\t\t\t\t\t\t<div style=\"clear: both;\"><\/div><\/div><div class=\"slideshow_view\">\r\n\t\t\t\t<div class=\"slideshow_slide slideshow_slide_image\">\r\n\t\t\t\t\t\t\t\t\t\t\t<img src=\"https:\/\/sequiol.es\/wp-content\/uploads\/2021\/07\/Entrega-premios-maquetas-2021-06-17-19-50-39.jpg\" alt=\"Entrega premios maquetas-2021-06-17-19-50-39\" width=\"1600\" height=\"1068\" \/>\r\n\t\t\t\t\t\t\t\t\t\t<div class=\"slideshow_description_box slideshow_transparent\">\r\n\t\t\t\t\t\t<div class=\"slideshow_title\">Entrega premios maquetas-2021-06-17-19-50-39<\/div>\t\t\t\t\t\t\t\t\t\t\t<\/div>\r\n\t\t\t\t<\/div>\r\n\r\n\t\t\t\t\t\t<div style=\"clear: both;\"><\/div><\/div><div class=\"slideshow_view\">\r\n\t\t\t\t<div class=\"slideshow_slide slideshow_slide_image\">\r\n\t\t\t\t\t\t\t\t\t\t\t<img src=\"https:\/\/sequiol.es\/wp-content\/uploads\/2021\/07\/Entrega-premios-maquetas-2021-06-17-19-50-37-1.jpg\" alt=\"Entrega premios maquetas-2021-06-17-19-50-37 (1)\" width=\"1600\" height=\"1068\" \/>\r\n\t\t\t\t\t\t\t\t\t\t<div class=\"slideshow_description_box slideshow_transparent\">\r\n\t\t\t\t\t\t<div class=\"slideshow_title\">Entrega premios maquetas-2021-06-17-19-50-37 (1)<\/div>\t\t\t\t\t\t\t\t\t\t\t<\/div>\r\n\t\t\t\t<\/div>\r\n\r\n\t\t\t\t\t\t<div style=\"clear: both;\"><\/div><\/div><div class=\"slideshow_view\">\r\n\t\t\t\t<div class=\"slideshow_slide slideshow_slide_image\">\r\n\t\t\t\t\t\t\t\t\t\t\t<img src=\"https:\/\/sequiol.es\/wp-content\/uploads\/2021\/07\/Entrega-premios-maquetas-2021-06-17-19-50-36.jpg\" alt=\"Entrega premios maquetas-2021-06-17-19-50-36\" width=\"1600\" height=\"1068\" \/>\r\n\t\t\t\t\t\t\t\t\t\t<div class=\"slideshow_description_box slideshow_transparent\">\r\n\t\t\t\t\t\t<div class=\"slideshow_title\">Entrega premios maquetas-2021-06-17-19-50-36<\/div>\t\t\t\t\t\t\t\t\t\t\t<\/div>\r\n\t\t\t\t<\/div>\r\n\r\n\t\t\t\t\t\t<div style=\"clear: both;\"><\/div><\/div><div class=\"slideshow_view\">\r\n\t\t\t\t<div class=\"slideshow_slide slideshow_slide_image\">\r\n\t\t\t\t\t\t\t\t\t\t\t<img src=\"https:\/\/sequiol.es\/wp-content\/uploads\/2021\/07\/Entrega-premios-maquetas-2021-06-17-19-50-36-1.jpg\" alt=\"Entrega premios maquetas-2021-06-17-19-50-36 (1)\" width=\"1600\" height=\"1068\" \/>\r\n\t\t\t\t\t\t\t\t\t\t<div class=\"slideshow_description_box slideshow_transparent\">\r\n\t\t\t\t\t\t<div class=\"slideshow_title\">Entrega premios maquetas-2021-06-17-19-50-36 (1)<\/div>\t\t\t\t\t\t\t\t\t\t\t<\/div>\r\n\t\t\t\t<\/div>\r\n\r\n\t\t\t\t\t\t<div style=\"clear: both;\"><\/div><\/div><div class=\"slideshow_view\">\r\n\t\t\t\t<div class=\"slideshow_slide slideshow_slide_image\">\r\n\t\t\t\t\t\t\t\t\t\t\t<img src=\"https:\/\/sequiol.es\/wp-content\/uploads\/2021\/07\/Entrega-premios-maquetas-2021-06-17-19-50-35.jpg\" alt=\"Entrega premios maquetas-2021-06-17-19-50-35\" width=\"1600\" height=\"1068\" \/>\r\n\t\t\t\t\t\t\t\t\t\t<div class=\"slideshow_description_box slideshow_transparent\">\r\n\t\t\t\t\t\t<div class=\"slideshow_title\">Entrega premios maquetas-2021-06-17-19-50-35<\/div>\t\t\t\t\t\t\t\t\t\t\t<\/div>\r\n\t\t\t\t<\/div>\r\n\r\n\t\t\t\t\t\t<div style=\"clear: both;\"><\/div><\/div><div class=\"slideshow_view\">\r\n\t\t\t\t<div class=\"slideshow_slide slideshow_slide_image\">\r\n\t\t\t\t\t\t\t\t\t\t\t<img src=\"https:\/\/sequiol.es\/wp-content\/uploads\/2021\/07\/Entrega-premios-maquetas-2021-06-17-19-50-35-1.jpg\" alt=\"Entrega premios maquetas-2021-06-17-19-50-35 (1)\" width=\"1600\" height=\"1068\" \/>\r\n\t\t\t\t\t\t\t\t\t\t<div class=\"slideshow_description_box slideshow_transparent\">\r\n\t\t\t\t\t\t<div class=\"slideshow_title\">Entrega premios maquetas-2021-06-17-19-50-35 (1)<\/div>\t\t\t\t\t\t\t\t\t\t\t<\/div>\r\n\t\t\t\t<\/div>\r\n\r\n\t\t\t\t\t\t<div style=\"clear: both;\"><\/div><\/div><div class=\"slideshow_view\">\r\n\t\t\t\t<div class=\"slideshow_slide slideshow_slide_image\">\r\n\t\t\t\t\t\t\t\t\t\t\t<img src=\"https:\/\/sequiol.es\/wp-content\/uploads\/2021\/07\/Entrega-premios-maquetas-2021-06-17-19-50-34.jpg\" alt=\"Entrega premios maquetas-2021-06-17-19-50-34\" width=\"1600\" height=\"1068\" \/>\r\n\t\t\t\t\t\t\t\t\t\t<div class=\"slideshow_description_box slideshow_transparent\">\r\n\t\t\t\t\t\t<div class=\"slideshow_title\">Entrega premios maquetas-2021-06-17-19-50-34<\/div>\t\t\t\t\t\t\t\t\t\t\t<\/div>\r\n\t\t\t\t<\/div>\r\n\r\n\t\t\t\t\t\t<div style=\"clear: both;\"><\/div><\/div><div class=\"slideshow_view\">\r\n\t\t\t\t<div class=\"slideshow_slide slideshow_slide_image\">\r\n\t\t\t\t\t\t\t\t\t\t\t<img src=\"https:\/\/sequiol.es\/wp-content\/uploads\/2021\/07\/Entrega-premios-maquetas-2021-06-17-19-50-34-1.jpg\" alt=\"Entrega premios maquetas-2021-06-17-19-50-34 (1)\" width=\"1600\" height=\"1068\" \/>\r\n\t\t\t\t\t\t\t\t\t\t<div class=\"slideshow_description_box slideshow_transparent\">\r\n\t\t\t\t\t\t<div class=\"slideshow_title\">Entrega premios maquetas-2021-06-17-19-50-34 (1)<\/div>\t\t\t\t\t\t\t\t\t\t\t<\/div>\r\n\t\t\t\t<\/div>\r\n\r\n\t\t\t\t\t\t<div style=\"clear: both;\"><\/div><\/div><div class=\"slideshow_view\">\r\n\t\t\t\t<div class=\"slideshow_slide slideshow_slide_image\">\r\n\t\t\t\t\t\t\t\t\t\t\t<img src=\"https:\/\/sequiol.es\/wp-content\/uploads\/2021\/07\/Entrega-premios-maquetas-2021-06-17-19-50-33.jpg\" alt=\"Entrega premios maquetas-2021-06-17-19-50-33\" width=\"1600\" height=\"1068\" \/>\r\n\t\t\t\t\t\t\t\t\t\t<div class=\"slideshow_description_box slideshow_transparent\">\r\n\t\t\t\t\t\t<div class=\"slideshow_title\">Entrega premios maquetas-2021-06-17-19-50-33<\/div>\t\t\t\t\t\t\t\t\t\t\t<\/div>\r\n\t\t\t\t<\/div>\r\n\r\n\t\t\t\t\t\t<div style=\"clear: both;\"><\/div><\/div><div class=\"slideshow_view\">\r\n\t\t\t\t<div class=\"slideshow_slide slideshow_slide_image\">\r\n\t\t\t\t\t\t\t\t\t\t\t<img src=\"https:\/\/sequiol.es\/wp-content\/uploads\/2021\/07\/Entrega-premios-maquetas-2021-06-17-19-50-33-1.jpg\" alt=\"Entrega premios maquetas-2021-06-17-19-50-33 (1)\" width=\"1600\" height=\"1068\" \/>\r\n\t\t\t\t\t\t\t\t\t\t<div class=\"slideshow_description_box slideshow_transparent\">\r\n\t\t\t\t\t\t<div class=\"slideshow_title\">Entrega premios maquetas-2021-06-17-19-50-33 (1)<\/div>\t\t\t\t\t\t\t\t\t\t\t<\/div>\r\n\t\t\t\t<\/div>\r\n\r\n\t\t\t\t\t\t<div style=\"clear: both;\"><\/div><\/div><div class=\"slideshow_view\">\r\n\t\t\t\t<div class=\"slideshow_slide slideshow_slide_image\">\r\n\t\t\t\t\t\t\t\t\t\t\t<img src=\"https:\/\/sequiol.es\/wp-content\/uploads\/2021\/07\/Entrega-premios-maquetas-2021-06-17-19-50-32.jpg\" alt=\"Entrega premios maquetas-2021-06-17-19-50-32\" width=\"1600\" height=\"1068\" \/>\r\n\t\t\t\t\t\t\t\t\t\t<div class=\"slideshow_description_box slideshow_transparent\">\r\n\t\t\t\t\t\t<div class=\"slideshow_title\">Entrega premios maquetas-2021-06-17-19-50-32<\/div>\t\t\t\t\t\t\t\t\t\t\t<\/div>\r\n\t\t\t\t<\/div>\r\n\r\n\t\t\t\t\t\t<div style=\"clear: both;\"><\/div><\/div><div class=\"slideshow_view\">\r\n\t\t\t\t<div class=\"slideshow_slide slideshow_slide_image\">\r\n\t\t\t\t\t\t\t\t\t\t\t<img src=\"https:\/\/sequiol.es\/wp-content\/uploads\/2021\/07\/Entrega-premios-maquetas-2021-06-17-19-50-32-2.jpg\" alt=\"Entrega premios maquetas-2021-06-17-19-50-32 (2)\" width=\"1600\" height=\"1068\" \/>\r\n\t\t\t\t\t\t\t\t\t\t<div class=\"slideshow_description_box slideshow_transparent\">\r\n\t\t\t\t\t\t<div class=\"slideshow_title\">Entrega premios maquetas-2021-06-17-19-50-32 (2)<\/div>\t\t\t\t\t\t\t\t\t\t\t<\/div>\r\n\t\t\t\t<\/div>\r\n\r\n\t\t\t\t\t\t<div style=\"clear: both;\"><\/div><\/div><div class=\"slideshow_view\">\r\n\t\t\t\t<div class=\"slideshow_slide slideshow_slide_image\">\r\n\t\t\t\t\t\t\t\t\t\t\t<img src=\"https:\/\/sequiol.es\/wp-content\/uploads\/2021\/07\/Entrega-premios-maquetas-2021-06-17-19-23-17.jpg\" alt=\"Entrega premios maquetas-2021-06-17-19-23-17\" width=\"2048\" height=\"1366\" \/>\r\n\t\t\t\t\t\t\t\t\t\t<div class=\"slideshow_description_box slideshow_transparent\">\r\n\t\t\t\t\t\t<div class=\"slideshow_title\">Entrega premios maquetas-2021-06-17-19-23-17<\/div>\t\t\t\t\t\t\t\t\t\t\t<\/div>\r\n\t\t\t\t<\/div>\r\n\r\n\t\t\t\t\t\t<div style=\"clear: both;\"><\/div><\/div><div class=\"slideshow_view\">\r\n\t\t\t\t<div class=\"slideshow_slide slideshow_slide_image\">\r\n\t\t\t\t\t\t\t\t\t\t\t<img src=\"https:\/\/sequiol.es\/wp-content\/uploads\/2021\/07\/Entrega-premios-maquetas-2021-06-17-19-23-17-4.jpg\" alt=\"Entrega premios maquetas-2021-06-17-19-23-17 (4)\" width=\"2048\" height=\"1366\" \/>\r\n\t\t\t\t\t\t\t\t\t\t<div class=\"slideshow_description_box slideshow_transparent\">\r\n\t\t\t\t\t\t<div class=\"slideshow_title\">Entrega premios maquetas-2021-06-17-19-23-17 (4)<\/div>\t\t\t\t\t\t\t\t\t\t\t<\/div>\r\n\t\t\t\t<\/div>\r\n\r\n\t\t\t\t\t\t<div style=\"clear: both;\"><\/div><\/div><div class=\"slideshow_view\">\r\n\t\t\t\t<div class=\"slideshow_slide slideshow_slide_image\">\r\n\t\t\t\t\t\t\t\t\t\t\t<img src=\"https:\/\/sequiol.es\/wp-content\/uploads\/2021\/07\/Entrega-premios-maquetas-2021-06-17-19-23-17-3.jpg\" alt=\"Entrega premios maquetas-2021-06-17-19-23-17 (3)\" width=\"2048\" height=\"1366\" \/>\r\n\t\t\t\t\t\t\t\t\t\t<div class=\"slideshow_description_box slideshow_transparent\">\r\n\t\t\t\t\t\t<div class=\"slideshow_title\">Entrega premios maquetas-2021-06-17-19-23-17 (3)<\/div>\t\t\t\t\t\t\t\t\t\t\t<\/div>\r\n\t\t\t\t<\/div>\r\n\r\n\t\t\t\t\t\t<div style=\"clear: both;\"><\/div><\/div><div class=\"slideshow_view\">\r\n\t\t\t\t<div class=\"slideshow_slide slideshow_slide_image\">\r\n\t\t\t\t\t\t\t\t\t\t\t<img src=\"https:\/\/sequiol.es\/wp-content\/uploads\/2021\/07\/Entrega-premios-maquetas-2021-06-17-19-23-17-2.jpg\" alt=\"Entrega premios maquetas-2021-06-17-19-23-17 (2)\" width=\"2048\" height=\"1366\" \/>\r\n\t\t\t\t\t\t\t\t\t\t<div class=\"slideshow_description_box slideshow_transparent\">\r\n\t\t\t\t\t\t<div class=\"slideshow_title\">Entrega premios maquetas-2021-06-17-19-23-17 (2)<\/div>\t\t\t\t\t\t\t\t\t\t\t<\/div>\r\n\t\t\t\t<\/div>\r\n\r\n\t\t\t\t\t\t<div style=\"clear: both;\"><\/div><\/div><div class=\"slideshow_view\">\r\n\t\t\t\t<div class=\"slideshow_slide slideshow_slide_image\">\r\n\t\t\t\t\t\t\t\t\t\t\t<img src=\"https:\/\/sequiol.es\/wp-content\/uploads\/2021\/07\/Entrega-premios-maquetas-2021-06-17-19-23-17-1.jpg\" alt=\"Entrega premios maquetas-2021-06-17-19-23-17 (1)\" width=\"2048\" height=\"1366\" \/>\r\n\t\t\t\t\t\t\t\t\t\t<div class=\"slideshow_description_box slideshow_transparent\">\r\n\t\t\t\t\t\t<div class=\"slideshow_title\">Entrega premios maquetas-2021-06-17-19-23-17 (1)<\/div>\t\t\t\t\t\t\t\t\t\t\t<\/div>\r\n\t\t\t\t<\/div>\r\n\r\n\t\t\t\t\t\t<div style=\"clear: both;\"><\/div><\/div><div class=\"slideshow_view\">\r\n\t\t\t\t<div class=\"slideshow_slide slideshow_slide_image\">\r\n\t\t\t\t\t\t\t\t\t\t\t<img src=\"https:\/\/sequiol.es\/wp-content\/uploads\/2021\/07\/Entrega-premios-maquetas-2021-06-17-19-23-15.jpg\" alt=\"Entrega premios maquetas-2021-06-17-19-23-15\" width=\"2048\" height=\"1366\" \/>\r\n\t\t\t\t\t\t\t\t\t\t<div class=\"slideshow_description_box slideshow_transparent\">\r\n\t\t\t\t\t\t<div class=\"slideshow_title\">Entrega premios maquetas-2021-06-17-19-23-15<\/div>\t\t\t\t\t\t\t\t\t\t\t<\/div>\r\n\t\t\t\t<\/div>\r\n\r\n\t\t\t\t\t\t<div style=\"clear: both;\"><\/div><\/div><div class=\"slideshow_view\">\r\n\t\t\t\t<div class=\"slideshow_slide slideshow_slide_image\">\r\n\t\t\t\t\t\t\t\t\t\t\t<img src=\"https:\/\/sequiol.es\/wp-content\/uploads\/2021\/07\/Entrega-premios-maquetas-2021-06-17-19-20-24.jpg\" alt=\"Entrega premios maquetas-2021-06-17-19-20-24\" width=\"2048\" height=\"1366\" \/>\r\n\t\t\t\t\t\t\t\t\t\t<div class=\"slideshow_description_box slideshow_transparent\">\r\n\t\t\t\t\t\t<div class=\"slideshow_title\">Entrega premios maquetas-2021-06-17-19-20-24<\/div>\t\t\t\t\t\t\t\t\t\t\t<\/div>\r\n\t\t\t\t<\/div>\r\n\r\n\t\t\t\t\t\t<div style=\"clear: both;\"><\/div><\/div><div class=\"slideshow_view\">\r\n\t\t\t\t<div class=\"slideshow_slide slideshow_slide_image\">\r\n\t\t\t\t\t\t\t\t\t\t\t<img src=\"https:\/\/sequiol.es\/wp-content\/uploads\/2021\/07\/Entrega-premios-maquetas-2021-06-17-19-20-24-2.jpg\" alt=\"Entrega premios maquetas-2021-06-17-19-20-24 (2)\" width=\"2048\" height=\"1366\" \/>\r\n\t\t\t\t\t\t\t\t\t\t<div class=\"slideshow_description_box slideshow_transparent\">\r\n\t\t\t\t\t\t<div class=\"slideshow_title\">Entrega premios maquetas-2021-06-17-19-20-24 (2)<\/div>\t\t\t\t\t\t\t\t\t\t\t<\/div>\r\n\t\t\t\t<\/div>\r\n\r\n\t\t\t\t\t\t<div style=\"clear: both;\"><\/div><\/div><div class=\"slideshow_view\">\r\n\t\t\t\t<div class=\"slideshow_slide slideshow_slide_image\">\r\n\t\t\t\t\t\t\t\t\t\t\t<img src=\"https:\/\/sequiol.es\/wp-content\/uploads\/2021\/07\/Entrega-premios-maquetas-2021-06-17-19-20-23-5.jpg\" alt=\"Entrega premios maquetas-2021-06-17-19-20-23 (5)\" width=\"2048\" height=\"1366\" \/>\r\n\t\t\t\t\t\t\t\t\t\t<div class=\"slideshow_description_box slideshow_transparent\">\r\n\t\t\t\t\t\t<div class=\"slideshow_title\">Entrega premios maquetas-2021-06-17-19-20-23 (5)<\/div>\t\t\t\t\t\t\t\t\t\t\t<\/div>\r\n\t\t\t\t<\/div>\r\n\r\n\t\t\t\t\t\t<div style=\"clear: both;\"><\/div><\/div><div class=\"slideshow_view\">\r\n\t\t\t\t<div class=\"slideshow_slide slideshow_slide_image\">\r\n\t\t\t\t\t\t\t\t\t\t\t<img src=\"https:\/\/sequiol.es\/wp-content\/uploads\/2021\/07\/Entrega-premios-maquetas-2021-06-17-19-20-23-4.jpg\" alt=\"Entrega premios maquetas-2021-06-17-19-20-23 (4)\" width=\"2048\" height=\"1366\" \/>\r\n\t\t\t\t\t\t\t\t\t\t<div class=\"slideshow_description_box slideshow_transparent\">\r\n\t\t\t\t\t\t<div class=\"slideshow_title\">Entrega premios maquetas-2021-06-17-19-20-23 (4)<\/div>\t\t\t\t\t\t\t\t\t\t\t<\/div>\r\n\t\t\t\t<\/div>\r\n\r\n\t\t\t\t\t\t<div style=\"clear: both;\"><\/div><\/div><div class=\"slideshow_view\">\r\n\t\t\t\t<div class=\"slideshow_slide slideshow_slide_image\">\r\n\t\t\t\t\t\t\t\t\t\t\t<img src=\"https:\/\/sequiol.es\/wp-content\/uploads\/2021\/07\/Entrega-premios-maquetas-2021-06-17-19-20-23-2.jpg\" alt=\"Entrega premios maquetas-2021-06-17-19-20-23 (2)\" width=\"2048\" height=\"1366\" \/>\r\n\t\t\t\t\t\t\t\t\t\t<div class=\"slideshow_description_box slideshow_transparent\">\r\n\t\t\t\t\t\t<div class=\"slideshow_title\">Entrega premios maquetas-2021-06-17-19-20-23 (2)<\/div>\t\t\t\t\t\t\t\t\t\t\t<\/div>\r\n\t\t\t\t<\/div>\r\n\r\n\t\t\t\t\t\t<div style=\"clear: both;\"><\/div><\/div><div class=\"slideshow_view\">\r\n\t\t\t\t<div class=\"slideshow_slide slideshow_slide_image\">\r\n\t\t\t\t\t\t\t\t\t\t\t<img src=\"https:\/\/sequiol.es\/wp-content\/uploads\/2021\/07\/Entrega-premios-maquetas-2021-06-17-19-20-23-1.jpg\" alt=\"Entrega premios maquetas-2021-06-17-19-20-23 (1)\" width=\"2048\" height=\"1366\" \/>\r\n\t\t\t\t\t\t\t\t\t\t<div class=\"slideshow_description_box slideshow_transparent\">\r\n\t\t\t\t\t\t<div class=\"slideshow_title\">Entrega premios maquetas-2021-06-17-19-20-23 (1)<\/div>\t\t\t\t\t\t\t\t\t\t\t<\/div>\r\n\t\t\t\t<\/div>\r\n\r\n\t\t\t\t\t\t<div style=\"clear: both;\"><\/div><\/div><div class=\"slideshow_view\">\r\n\t\t\t\t<div class=\"slideshow_slide slideshow_slide_image\">\r\n\t\t\t\t\t\t\t\t\t\t\t<img src=\"https:\/\/sequiol.es\/wp-content\/uploads\/2021\/07\/Entrega-premios-maquetas-2021-06-17-19-20-22.jpg\" alt=\"Entrega premios maquetas-2021-06-17-19-20-22\" width=\"2048\" height=\"1366\" \/>\r\n\t\t\t\t\t\t\t\t\t\t<div class=\"slideshow_description_box slideshow_transparent\">\r\n\t\t\t\t\t\t<div class=\"slideshow_title\">Entrega premios maquetas-2021-06-17-19-20-22<\/div>\t\t\t\t\t\t\t\t\t\t\t<\/div>\r\n\t\t\t\t<\/div>\r\n\r\n\t\t\t\t\t\t<div style=\"clear: both;\"><\/div><\/div><div class=\"slideshow_view\">\r\n\t\t\t\t<div class=\"slideshow_slide slideshow_slide_image\">\r\n\t\t\t\t\t\t\t\t\t\t\t<img src=\"https:\/\/sequiol.es\/wp-content\/uploads\/2021\/07\/Entrega-premios-maquetas-2021-06-17-19-20-22-1.jpg\" alt=\"Entrega premios maquetas-2021-06-17-19-20-22 (1)\" width=\"2048\" height=\"1366\" \/>\r\n\t\t\t\t\t\t\t\t\t\t<div class=\"slideshow_description_box slideshow_transparent\">\r\n\t\t\t\t\t\t<div class=\"slideshow_title\">Entrega premios maquetas-2021-06-17-19-20-22 (1)<\/div>\t\t\t\t\t\t\t\t\t\t\t<\/div>\r\n\t\t\t\t<\/div>\r\n\r\n\t\t\t\t\t\t<div style=\"clear: both;\"><\/div><\/div><div class=\"slideshow_view\">\r\n\t\t\t\t<div class=\"slideshow_slide slideshow_slide_image\">\r\n\t\t\t\t\t\t\t\t\t\t\t<img src=\"https:\/\/sequiol.es\/wp-content\/uploads\/2021\/07\/Entrega-premios-maquetas_075-scaled.jpg\" alt=\"Entrega premios maquetas_075\" width=\"2560\" height=\"1709\" \/>\r\n\t\t\t\t\t\t\t\t\t\t<div class=\"slideshow_description_box slideshow_transparent\">\r\n\t\t\t\t\t\t<div class=\"slideshow_title\">Entrega premios maquetas_075<\/div>\t\t\t\t\t\t\t\t\t\t\t<\/div>\r\n\t\t\t\t<\/div>\r\n\r\n\t\t\t\t\t\t<div style=\"clear: both;\"><\/div><\/div><div class=\"slideshow_view\">\r\n\t\t\t\t<div class=\"slideshow_slide slideshow_slide_image\">\r\n\t\t\t\t\t\t\t\t\t\t\t<img src=\"https:\/\/sequiol.es\/wp-content\/uploads\/2021\/07\/Entrega-premios-maquetas_069-scaled.jpg\" alt=\"Entrega premios maquetas_069\" width=\"2560\" height=\"1709\" \/>\r\n\t\t\t\t\t\t\t\t\t\t<div class=\"slideshow_description_box slideshow_transparent\">\r\n\t\t\t\t\t\t<div class=\"slideshow_title\">Entrega premios maquetas_069<\/div>\t\t\t\t\t\t\t\t\t\t\t<\/div>\r\n\t\t\t\t<\/div>\r\n\r\n\t\t\t\t\t\t<div style=\"clear: both;\"><\/div><\/div><div class=\"slideshow_view\">\r\n\t\t\t\t<div class=\"slideshow_slide slideshow_slide_image\">\r\n\t\t\t\t\t\t\t\t\t\t\t<img src=\"https:\/\/sequiol.es\/wp-content\/uploads\/2021\/07\/Entrega-premios-maquetas_067-scaled.jpg\" alt=\"Entrega premios maquetas_067\" width=\"2560\" height=\"1709\" \/>\r\n\t\t\t\t\t\t\t\t\t\t<div class=\"slideshow_description_box slideshow_transparent\">\r\n\t\t\t\t\t\t<div class=\"slideshow_title\">Entrega premios maquetas_067<\/div>\t\t\t\t\t\t\t\t\t\t\t<\/div>\r\n\t\t\t\t<\/div>\r\n\r\n\t\t\t\t\t\t<div style=\"clear: both;\"><\/div><\/div><div class=\"slideshow_view\">\r\n\t\t\t\t<div class=\"slideshow_slide slideshow_slide_image\">\r\n\t\t\t\t\t\t\t\t\t\t\t<img src=\"https:\/\/sequiol.es\/wp-content\/uploads\/2021\/07\/Entrega-premios-maquetas_062-scaled.jpg\" alt=\"Entrega premios maquetas_062\" width=\"2560\" height=\"1709\" \/>\r\n\t\t\t\t\t\t\t\t\t\t<div class=\"slideshow_description_box slideshow_transparent\">\r\n\t\t\t\t\t\t<div class=\"slideshow_title\">Entrega premios maquetas_062<\/div>\t\t\t\t\t\t\t\t\t\t\t<\/div>\r\n\t\t\t\t<\/div>\r\n\r\n\t\t\t\t\t\t<div style=\"clear: both;\"><\/div><\/div><div class=\"slideshow_view\">\r\n\t\t\t\t<div class=\"slideshow_slide slideshow_slide_image\">\r\n\t\t\t\t\t\t\t\t\t\t\t<img src=\"https:\/\/sequiol.es\/wp-content\/uploads\/2021\/07\/Entrega-premios-maquetas_060-scaled.jpg\" alt=\"Entrega premios maquetas_060\" width=\"2560\" height=\"1709\" \/>\r\n\t\t\t\t\t\t\t\t\t\t<div class=\"slideshow_description_box slideshow_transparent\">\r\n\t\t\t\t\t\t<div class=\"slideshow_title\">Entrega premios maquetas_060<\/div>\t\t\t\t\t\t\t\t\t\t\t<\/div>\r\n\t\t\t\t<\/div>\r\n\r\n\t\t\t\t\t\t<div style=\"clear: both;\"><\/div><\/div><div class=\"slideshow_view\">\r\n\t\t\t\t<div class=\"slideshow_slide slideshow_slide_image\">\r\n\t\t\t\t\t\t\t\t\t\t\t<img src=\"https:\/\/sequiol.es\/wp-content\/uploads\/2021\/07\/Entrega-premios-maquetas_058-scaled.jpg\" alt=\"Entrega premios maquetas_058\" width=\"2560\" height=\"1709\" \/>\r\n\t\t\t\t\t\t\t\t\t\t<div class=\"slideshow_description_box slideshow_transparent\">\r\n\t\t\t\t\t\t<div class=\"slideshow_title\">Entrega premios maquetas_058<\/div>\t\t\t\t\t\t\t\t\t\t\t<\/div>\r\n\t\t\t\t<\/div>\r\n\r\n\t\t\t\t\t\t<div style=\"clear: both;\"><\/div><\/div><div class=\"slideshow_view\">\r\n\t\t\t\t<div class=\"slideshow_slide slideshow_slide_image\">\r\n\t\t\t\t\t\t\t\t\t\t\t<img src=\"https:\/\/sequiol.es\/wp-content\/uploads\/2021\/07\/Entrega-premios-maquetas_056-scaled.jpg\" alt=\"Entrega premios maquetas_056\" width=\"2560\" height=\"1709\" \/>\r\n\t\t\t\t\t\t\t\t\t\t<div class=\"slideshow_description_box slideshow_transparent\">\r\n\t\t\t\t\t\t<div class=\"slideshow_title\">Entrega premios maquetas_056<\/div>\t\t\t\t\t\t\t\t\t\t\t<\/div>\r\n\t\t\t\t<\/div>\r\n\r\n\t\t\t\t\t\t<div style=\"clear: both;\"><\/div><\/div><div class=\"slideshow_view\">\r\n\t\t\t\t<div class=\"slideshow_slide slideshow_slide_image\">\r\n\t\t\t\t\t\t\t\t\t\t\t<img src=\"https:\/\/sequiol.es\/wp-content\/uploads\/2021\/07\/Entrega-premios-maquetas_054-scaled.jpg\" alt=\"Entrega premios maquetas_054\" width=\"2560\" height=\"1709\" \/>\r\n\t\t\t\t\t\t\t\t\t\t<div class=\"slideshow_description_box slideshow_transparent\">\r\n\t\t\t\t\t\t<div class=\"slideshow_title\">Entrega premios maquetas_054<\/div>\t\t\t\t\t\t\t\t\t\t\t<\/div>\r\n\t\t\t\t<\/div>\r\n\r\n\t\t\t\t\t\t<div style=\"clear: both;\"><\/div><\/div><div class=\"slideshow_view\">\r\n\t\t\t\t<div class=\"slideshow_slide slideshow_slide_image\">\r\n\t\t\t\t\t\t\t\t\t\t\t<img src=\"https:\/\/sequiol.es\/wp-content\/uploads\/2021\/07\/Entrega-premios-maquetas_052-scaled.jpg\" alt=\"Entrega premios maquetas_052\" width=\"2560\" height=\"1709\" \/>\r\n\t\t\t\t\t\t\t\t\t\t<div class=\"slideshow_description_box slideshow_transparent\">\r\n\t\t\t\t\t\t<div class=\"slideshow_title\">Entrega premios maquetas_052<\/div>\t\t\t\t\t\t\t\t\t\t\t<\/div>\r\n\t\t\t\t<\/div>\r\n\r\n\t\t\t\t\t\t<div style=\"clear: both;\"><\/div><\/div><div class=\"slideshow_view\">\r\n\t\t\t\t<div class=\"slideshow_slide slideshow_slide_image\">\r\n\t\t\t\t\t\t\t\t\t\t\t<img src=\"https:\/\/sequiol.es\/wp-content\/uploads\/2021\/07\/Entrega-premios-maquetas_050-scaled.jpg\" alt=\"Entrega premios maquetas_050\" width=\"2560\" height=\"1709\" \/>\r\n\t\t\t\t\t\t\t\t\t\t<div class=\"slideshow_description_box slideshow_transparent\">\r\n\t\t\t\t\t\t<div class=\"slideshow_title\">Entrega premios maquetas_050<\/div>\t\t\t\t\t\t\t\t\t\t\t<\/div>\r\n\t\t\t\t<\/div>\r\n\r\n\t\t\t\t\t\t<div style=\"clear: both;\"><\/div><\/div><div class=\"slideshow_view\">\r\n\t\t\t\t<div class=\"slideshow_slide slideshow_slide_image\">\r\n\t\t\t\t\t\t\t\t\t\t\t<img src=\"https:\/\/sequiol.es\/wp-content\/uploads\/2021\/07\/Entrega-premios-maquetas_048-scaled.jpg\" alt=\"Entrega premios maquetas_048\" width=\"2560\" height=\"1709\" \/>\r\n\t\t\t\t\t\t\t\t\t\t<div class=\"slideshow_description_box slideshow_transparent\">\r\n\t\t\t\t\t\t<div class=\"slideshow_title\">Entrega premios maquetas_048<\/div>\t\t\t\t\t\t\t\t\t\t\t<\/div>\r\n\t\t\t\t<\/div>\r\n\r\n\t\t\t\t\t\t<div style=\"clear: both;\"><\/div><\/div><div class=\"slideshow_view\">\r\n\t\t\t\t<div class=\"slideshow_slide slideshow_slide_image\">\r\n\t\t\t\t\t\t\t\t\t\t\t<img src=\"https:\/\/sequiol.es\/wp-content\/uploads\/2021\/07\/Entrega-premios-maquetas_046-scaled.jpg\" alt=\"Entrega premios maquetas_046\" width=\"2560\" height=\"1709\" \/>\r\n\t\t\t\t\t\t\t\t\t\t<div class=\"slideshow_description_box slideshow_transparent\">\r\n\t\t\t\t\t\t<div class=\"slideshow_title\">Entrega premios maquetas_046<\/div>\t\t\t\t\t\t\t\t\t\t\t<\/div>\r\n\t\t\t\t<\/div>\r\n\r\n\t\t\t\t\t\t<div style=\"clear: both;\"><\/div><\/div><div class=\"slideshow_view\">\r\n\t\t\t\t<div class=\"slideshow_slide slideshow_slide_image\">\r\n\t\t\t\t\t\t\t\t\t\t\t<img src=\"https:\/\/sequiol.es\/wp-content\/uploads\/2021\/07\/Entrega-premios-maquetas_044-scaled.jpg\" alt=\"Entrega premios maquetas_044\" width=\"2560\" height=\"1709\" \/>\r\n\t\t\t\t\t\t\t\t\t\t<div class=\"slideshow_description_box slideshow_transparent\">\r\n\t\t\t\t\t\t<div class=\"slideshow_title\">Entrega premios maquetas_044<\/div>\t\t\t\t\t\t\t\t\t\t\t<\/div>\r\n\t\t\t\t<\/div>\r\n\r\n\t\t\t\t\t\t<div style=\"clear: both;\"><\/div><\/div><div class=\"slideshow_view\">\r\n\t\t\t\t<div class=\"slideshow_slide slideshow_slide_image\">\r\n\t\t\t\t\t\t\t\t\t\t\t<img src=\"https:\/\/sequiol.es\/wp-content\/uploads\/2021\/07\/Entrega-premios-maquetas_042-scaled.jpg\" alt=\"Entrega premios maquetas_042\" width=\"2560\" height=\"1709\" \/>\r\n\t\t\t\t\t\t\t\t\t\t<div class=\"slideshow_description_box slideshow_transparent\">\r\n\t\t\t\t\t\t<div class=\"slideshow_title\">Entrega premios maquetas_042<\/div>\t\t\t\t\t\t\t\t\t\t\t<\/div>\r\n\t\t\t\t<\/div>\r\n\r\n\t\t\t\t\t\t<div style=\"clear: both;\"><\/div><\/div><div class=\"slideshow_view\">\r\n\t\t\t\t<div class=\"slideshow_slide slideshow_slide_image\">\r\n\t\t\t\t\t\t\t\t\t\t\t<img src=\"https:\/\/sequiol.es\/wp-content\/uploads\/2021\/07\/Entrega-premios-maquetas_039-scaled.jpg\" alt=\"Entrega premios maquetas_039\" width=\"2560\" height=\"1709\" \/>\r\n\t\t\t\t\t\t\t\t\t\t<div class=\"slideshow_description_box slideshow_transparent\">\r\n\t\t\t\t\t\t<div class=\"slideshow_title\">Entrega premios maquetas_039<\/div>\t\t\t\t\t\t\t\t\t\t\t<\/div>\r\n\t\t\t\t<\/div>\r\n\r\n\t\t\t\t\t\t<div style=\"clear: both;\"><\/div><\/div><div class=\"slideshow_view\">\r\n\t\t\t\t<div class=\"slideshow_slide slideshow_slide_image\">\r\n\t\t\t\t\t\t\t\t\t\t\t<img src=\"https:\/\/sequiol.es\/wp-content\/uploads\/2021\/07\/Entrega-premios-maquetas_037-scaled.jpg\" alt=\"Entrega premios maquetas_037\" width=\"2560\" height=\"1709\" \/>\r\n\t\t\t\t\t\t\t\t\t\t<div class=\"slideshow_description_box slideshow_transparent\">\r\n\t\t\t\t\t\t<div class=\"slideshow_title\">Entrega premios maquetas_037<\/div>\t\t\t\t\t\t\t\t\t\t\t<\/div>\r\n\t\t\t\t<\/div>\r\n\r\n\t\t\t\t\t\t<div style=\"clear: both;\"><\/div><\/div><div class=\"slideshow_view\">\r\n\t\t\t\t<div class=\"slideshow_slide slideshow_slide_image\">\r\n\t\t\t\t\t\t\t\t\t\t\t<img src=\"https:\/\/sequiol.es\/wp-content\/uploads\/2021\/07\/Entrega-premios-maquetas_035-scaled.jpg\" alt=\"Entrega premios maquetas_035\" width=\"2560\" height=\"1709\" \/>\r\n\t\t\t\t\t\t\t\t\t\t<div class=\"slideshow_description_box slideshow_transparent\">\r\n\t\t\t\t\t\t<div class=\"slideshow_title\">Entrega premios maquetas_035<\/div>\t\t\t\t\t\t\t\t\t\t\t<\/div>\r\n\t\t\t\t<\/div>\r\n\r\n\t\t\t\t\t\t<div style=\"clear: both;\"><\/div><\/div><div class=\"slideshow_view\">\r\n\t\t\t\t<div class=\"slideshow_slide slideshow_slide_image\">\r\n\t\t\t\t\t\t\t\t\t\t\t<img src=\"https:\/\/sequiol.es\/wp-content\/uploads\/2021\/07\/Entrega-premios-maquetas_033-scaled.jpg\" alt=\"Entrega premios maquetas_033\" width=\"2560\" height=\"1709\" \/>\r\n\t\t\t\t\t\t\t\t\t\t<div class=\"slideshow_description_box slideshow_transparent\">\r\n\t\t\t\t\t\t<div class=\"slideshow_title\">Entrega premios maquetas_033<\/div>\t\t\t\t\t\t\t\t\t\t\t<\/div>\r\n\t\t\t\t<\/div>\r\n\r\n\t\t\t\t\t\t<div style=\"clear: both;\"><\/div><\/div><div class=\"slideshow_view\">\r\n\t\t\t\t<div class=\"slideshow_slide slideshow_slide_image\">\r\n\t\t\t\t\t\t\t\t\t\t\t<img src=\"https:\/\/sequiol.es\/wp-content\/uploads\/2021\/07\/Entrega-premios-maquetas_030-scaled.jpg\" alt=\"Entrega premios maquetas_030\" width=\"2560\" height=\"1709\" \/>\r\n\t\t\t\t\t\t\t\t\t\t<div class=\"slideshow_description_box slideshow_transparent\">\r\n\t\t\t\t\t\t<div class=\"slideshow_title\">Entrega premios maquetas_030<\/div>\t\t\t\t\t\t\t\t\t\t\t<\/div>\r\n\t\t\t\t<\/div>\r\n\r\n\t\t\t\t\t\t<div style=\"clear: both;\"><\/div><\/div><div class=\"slideshow_view\">\r\n\t\t\t\t<div class=\"slideshow_slide slideshow_slide_image\">\r\n\t\t\t\t\t\t\t\t\t\t\t<img src=\"https:\/\/sequiol.es\/wp-content\/uploads\/2021\/07\/Entrega-premios-maquetas_028-scaled.jpg\" alt=\"Entrega premios maquetas_028\" width=\"2560\" height=\"1709\" \/>\r\n\t\t\t\t\t\t\t\t\t\t<div class=\"slideshow_description_box slideshow_transparent\">\r\n\t\t\t\t\t\t<div class=\"slideshow_title\">Entrega premios maquetas_028<\/div>\t\t\t\t\t\t\t\t\t\t\t<\/div>\r\n\t\t\t\t<\/div>\r\n\r\n\t\t\t\t\t\t<div style=\"clear: both;\"><\/div><\/div><div class=\"slideshow_view\">\r\n\t\t\t\t<div class=\"slideshow_slide slideshow_slide_image\">\r\n\t\t\t\t\t\t\t\t\t\t\t<img src=\"https:\/\/sequiol.es\/wp-content\/uploads\/2021\/07\/Entrega-premios-maquetas_026-scaled.jpg\" alt=\"Entrega premios maquetas_026\" width=\"2560\" height=\"1709\" \/>\r\n\t\t\t\t\t\t\t\t\t\t<div class=\"slideshow_description_box slideshow_transparent\">\r\n\t\t\t\t\t\t<div class=\"slideshow_title\">Entrega premios maquetas_026<\/div>\t\t\t\t\t\t\t\t\t\t\t<\/div>\r\n\t\t\t\t<\/div>\r\n\r\n\t\t\t\t\t\t<div style=\"clear: both;\"><\/div><\/div><div class=\"slideshow_view\">\r\n\t\t\t\t<div class=\"slideshow_slide slideshow_slide_image\">\r\n\t\t\t\t\t\t\t\t\t\t\t<img src=\"https:\/\/sequiol.es\/wp-content\/uploads\/2021\/07\/Entrega-premios-maquetas_023-scaled.jpg\" alt=\"Entrega premios maquetas_023\" width=\"2560\" height=\"1709\" \/>\r\n\t\t\t\t\t\t\t\t\t\t<div class=\"slideshow_description_box slideshow_transparent\">\r\n\t\t\t\t\t\t<div class=\"slideshow_title\">Entrega premios maquetas_023<\/div>\t\t\t\t\t\t\t\t\t\t\t<\/div>\r\n\t\t\t\t<\/div>\r\n\r\n\t\t\t\t\t\t<div style=\"clear: both;\"><\/div><\/div><div class=\"slideshow_view\">\r\n\t\t\t\t<div class=\"slideshow_slide slideshow_slide_image\">\r\n\t\t\t\t\t\t\t\t\t\t\t<img src=\"https:\/\/sequiol.es\/wp-content\/uploads\/2021\/07\/Entrega-premios-maquetas_020-scaled.jpg\" alt=\"Entrega premios maquetas_020\" width=\"2560\" height=\"1709\" \/>\r\n\t\t\t\t\t\t\t\t\t\t<div class=\"slideshow_description_box slideshow_transparent\">\r\n\t\t\t\t\t\t<div class=\"slideshow_title\">Entrega premios maquetas_020<\/div>\t\t\t\t\t\t\t\t\t\t\t<\/div>\r\n\t\t\t\t<\/div>\r\n\r\n\t\t\t\t\t\t<div style=\"clear: both;\"><\/div><\/div><div class=\"slideshow_view\">\r\n\t\t\t\t<div class=\"slideshow_slide slideshow_slide_image\">\r\n\t\t\t\t\t\t\t\t\t\t\t<img src=\"https:\/\/sequiol.es\/wp-content\/uploads\/2021\/07\/Entrega-premios-maquetas_018-scaled.jpg\" alt=\"Entrega premios maquetas_018\" width=\"2560\" height=\"1709\" \/>\r\n\t\t\t\t\t\t\t\t\t\t<div class=\"slideshow_description_box slideshow_transparent\">\r\n\t\t\t\t\t\t<div class=\"slideshow_title\">Entrega premios maquetas_018<\/div>\t\t\t\t\t\t\t\t\t\t\t<\/div>\r\n\t\t\t\t<\/div>\r\n\r\n\t\t\t\t\t\t<div style=\"clear: both;\"><\/div><\/div><div class=\"slideshow_view\">\r\n\t\t\t\t<div class=\"slideshow_slide slideshow_slide_image\">\r\n\t\t\t\t\t\t\t\t\t\t\t<img src=\"https:\/\/sequiol.es\/wp-content\/uploads\/2021\/07\/Entrega-premios-maquetas_014-scaled.jpg\" alt=\"Entrega premios maquetas_014\" width=\"2560\" height=\"1709\" \/>\r\n\t\t\t\t\t\t\t\t\t\t<div class=\"slideshow_description_box slideshow_transparent\">\r\n\t\t\t\t\t\t<div class=\"slideshow_title\">Entrega premios maquetas_014<\/div>\t\t\t\t\t\t\t\t\t\t\t<\/div>\r\n\t\t\t\t<\/div>\r\n\r\n\t\t\t\t\t\t<div style=\"clear: both;\"><\/div><\/div><div class=\"slideshow_view\">\r\n\t\t\t\t<div class=\"slideshow_slide slideshow_slide_image\">\r\n\t\t\t\t\t\t\t\t\t\t\t<img src=\"https:\/\/sequiol.es\/wp-content\/uploads\/2021\/07\/Entrega-premios-maquetas_012-scaled.jpg\" alt=\"Entrega premios maquetas_012\" width=\"2560\" height=\"1709\" \/>\r\n\t\t\t\t\t\t\t\t\t\t<div class=\"slideshow_description_box slideshow_transparent\">\r\n\t\t\t\t\t\t<div class=\"slideshow_title\">Entrega premios maquetas_012<\/div>\t\t\t\t\t\t\t\t\t\t\t<\/div>\r\n\t\t\t\t<\/div>\r\n\r\n\t\t\t\t\t\t<div style=\"clear: both;\"><\/div><\/div><div class=\"slideshow_view\">\r\n\t\t\t\t<div class=\"slideshow_slide slideshow_slide_image\">\r\n\t\t\t\t\t\t\t\t\t\t\t<img src=\"https:\/\/sequiol.es\/wp-content\/uploads\/2021\/07\/Entrega-premios-maquetas_010-scaled.jpg\" alt=\"Entrega premios maquetas_010\" width=\"2560\" height=\"1709\" \/>\r\n\t\t\t\t\t\t\t\t\t\t<div class=\"slideshow_description_box slideshow_transparent\">\r\n\t\t\t\t\t\t<div class=\"slideshow_title\">Entrega premios maquetas_010<\/div>\t\t\t\t\t\t\t\t\t\t\t<\/div>\r\n\t\t\t\t<\/div>\r\n\r\n\t\t\t\t\t\t<div style=\"clear: both;\"><\/div><\/div><div class=\"slideshow_view\">\r\n\t\t\t\t<div class=\"slideshow_slide slideshow_slide_image\">\r\n\t\t\t\t\t\t\t\t\t\t\t<img src=\"https:\/\/sequiol.es\/wp-content\/uploads\/2021\/07\/Entrega-premios-maquetas_009-scaled.jpg\" alt=\"Entrega premios maquetas_009\" width=\"2560\" height=\"1709\" \/>\r\n\t\t\t\t\t\t\t\t\t\t<div class=\"slideshow_description_box slideshow_transparent\">\r\n\t\t\t\t\t\t<div class=\"slideshow_title\">Entrega premios maquetas_009<\/div>\t\t\t\t\t\t\t\t\t\t\t<\/div>\r\n\t\t\t\t<\/div>\r\n\r\n\t\t\t\t\t\t<div style=\"clear: both;\"><\/div><\/div><div class=\"slideshow_view\">\r\n\t\t\t\t<div class=\"slideshow_slide slideshow_slide_image\">\r\n\t\t\t\t\t\t\t\t\t\t\t<img src=\"https:\/\/sequiol.es\/wp-content\/uploads\/2021\/07\/Entrega-premios-maquetas_006-scaled.jpg\" alt=\"Entrega premios maquetas_006\" width=\"2560\" height=\"1709\" \/>\r\n\t\t\t\t\t\t\t\t\t\t<div class=\"slideshow_description_box slideshow_transparent\">\r\n\t\t\t\t\t\t<div class=\"slideshow_title\">Entrega premios maquetas_006<\/div>\t\t\t\t\t\t\t\t\t\t\t<\/div>\r\n\t\t\t\t<\/div>\r\n\r\n\t\t\t\t\t\t<div style=\"clear: both;\"><\/div><\/div><div class=\"slideshow_view\">\r\n\t\t\t\t<div class=\"slideshow_slide slideshow_slide_image\">\r\n\t\t\t\t\t\t\t\t\t\t\t<img src=\"https:\/\/sequiol.es\/wp-content\/uploads\/2021\/07\/Entrega-premios-maquetas_004-scaled.jpg\" alt=\"Entrega premios maquetas_004\" width=\"2560\" height=\"1709\" \/>\r\n\t\t\t\t\t\t\t\t\t\t<div class=\"slideshow_description_box slideshow_transparent\">\r\n\t\t\t\t\t\t<div class=\"slideshow_title\">Entrega premios maquetas_004<\/div>\t\t\t\t\t\t\t\t\t\t\t<\/div>\r\n\t\t\t\t<\/div>\r\n\r\n\t\t\t\t\t\t<div style=\"clear: both;\"><\/div><\/div><div class=\"slideshow_view\">\r\n\t\t\t\t<div class=\"slideshow_slide slideshow_slide_image\">\r\n\t\t\t\t\t\t\t\t\t\t\t<img src=\"https:\/\/sequiol.es\/wp-content\/uploads\/2021\/07\/Entrega-premios-maquetas_002-scaled.jpg\" alt=\"Entrega premios maquetas_002\" width=\"2560\" height=\"1709\" \/>\r\n\t\t\t\t\t\t\t\t\t\t<div class=\"slideshow_description_box slideshow_transparent\">\r\n\t\t\t\t\t\t<div class=\"slideshow_title\">Entrega premios maquetas_002<\/div>\t\t\t\t\t\t\t\t\t\t\t<\/div>\r\n\t\t\t\t<\/div>\r\n\r\n\t\t\t\t\t\t<div style=\"clear: both;\"><\/div><\/div>\r\n\t\t<\/div>\r\n\r\n\t\t<div class=\"slideshow_controlPanel slideshow_transparent\" style=\"display: none;\"><ul><li class=\"slideshow_togglePlay\" data-play-text=\"Play\" data-pause-text=\"Pause\"><\/li><\/ul><\/div>\r\n\r\n\t\t<div class=\"slideshow_button slideshow_previous slideshow_transparent\" role=\"button\" data-previous-text=\"Previous\" style=\"display: none;\"><\/div>\r\n\t\t<div class=\"slideshow_button slideshow_next slideshow_transparent\" role=\"button\" data-next-text=\"Next\" style=\"display: none;\"><\/div>\r\n\r\n\t\t<div class=\"slideshow_pagination\" style=\"display: none;\" data-go-to-text=\"Go to slide\"><div class=\"slideshow_pagination_center\"><\/div><\/div>\r\n\r\n\t\t<!-- WordPress Slideshow Version 2.3.1 -->\r\n\r\n\t\t\t<\/div>\r\n\r\n<\/p>\n","protected":false},"excerpt":{"rendered":"<p>Nom\u00e9s fa uns mesos, a la fi de mar\u00e7 de 2021, don\u00e0vem per tancada la dissetena edici\u00f3 del concurs escolar de maquetes que&nbsp;organitza Sequiol,&nbsp;amb el lliurament de premis. Una clausura que va estar ajornada &#8220;sine die&#8221; per motiu de la pand\u00e8mia i que, per fi, vam poder realitzar amb totes les mesures de salut i [&hellip;]<\/p>\n","protected":false},"author":4,"featured_media":103751,"comment_status":"open","ping_status":"open","sticky":false,"template":"","format":"standard","meta":{"footnotes":""},"categories":[155],"tags":[],"class_list":["post-103912","post","type-post","status-publish","format-standard","has-post-thumbnail","hentry","category-magdalena-2021"],"_links":{"self":[{"href":"https:\/\/sequiol.es\/vl\/wp-json\/wp\/v2\/posts\/103912","targetHints":{"allow":["GET"]}}],"collection":[{"href":"https:\/\/sequiol.es\/vl\/wp-json\/wp\/v2\/posts"}],"about":[{"href":"https:\/\/sequiol.es\/vl\/wp-json\/wp\/v2\/types\/post"}],"author":[{"embeddable":true,"href":"https:\/\/sequiol.es\/vl\/wp-json\/wp\/v2\/users\/4"}],"replies":[{"embeddable":true,"href":"https:\/\/sequiol.es\/vl\/wp-json\/wp\/v2\/comments?post=103912"}],"version-history":[{"count":2,"href":"https:\/\/sequiol.es\/vl\/wp-json\/wp\/v2\/posts\/103912\/revisions"}],"predecessor-version":[{"id":103920,"href":"https:\/\/sequiol.es\/vl\/wp-json\/wp\/v2\/posts\/103912\/revisions\/103920"}],"wp:featuredmedia":[{"embeddable":true,"href":"https:\/\/sequiol.es\/vl\/wp-json\/wp\/v2\/media\/103751"}],"wp:attachment":[{"href":"https:\/\/sequiol.es\/vl\/wp-json\/wp\/v2\/media?parent=103912"}],"wp:term":[{"taxonomy":"category","embeddable":true,"href":"https:\/\/sequiol.es\/vl\/wp-json\/wp\/v2\/categories?post=103912"},{"taxonomy":"post_tag","embeddable":true,"href":"https:\/\/sequiol.es\/vl\/wp-json\/wp\/v2\/tags?post=103912"}],"curies":[{"name":"wp","href":"https:\/\/api.w.org\/{rel}","templated":true}]}}