{"id":101108,"date":"2020-10-30T17:37:44","date_gmt":"2020-10-30T16:37:44","guid":{"rendered":"https:\/\/sequiol.es\/?p=101108"},"modified":"2021-02-19T17:58:13","modified_gmt":"2021-02-19T16:58:13","slug":"assemblea-i-reeleccio-presidenta-2021-2022","status":"publish","type":"post","link":"https:\/\/sequiol.es\/vl\/assemblea-i-reeleccio-presidenta-2021-2022\/","title":{"rendered":"Assemblea i Reelecci\u00f3 Presidenta 2021-2022"},"content":{"rendered":"\n<p><\/p>\n\n\n\n<p><\/p>\n\n\n\n<p>Els estatus de l\u2019A.C. Gaiata 15 Sequiol diuen que cada dos anys ha de convocar-se Assemblea General per tal de presentar i aprovar Balan\u00e7 i Compte de Resultats de l\u2019exercici, i escollir al&nbsp; President\/a per als exercicis seg\u00fcents, en aquest cas 2020 i 2021.<\/p>\n\n\n\n<p>Aquesta cita bianual que venia celebrant-se pel mes de juny, havia quedat posposada per culpa de la pand\u00e8mia, per\u00f2 finalment al mes d\u2019octubre i amb totes les mesures de seguretat sanit\u00e0ries, la Gaiata 15 Sequiol va poder dur a terme la seua Assemblea General.<\/p>\n\n\n\n<p>Aix\u00ed, amb la pres\u00e8ncia de nombrosos membres de l\u2019Associaci\u00f3, i representants de la Junta de Festes i la federaci\u00f3 Gestora de Gaiates, comen\u00e7ava l\u2019acte amb la presentaci\u00f3 per part de la Presidenta en funcions del Balan\u00e7 i el Compte de Resultats 2020, que van ser aprovats per majoria.<\/p>\n\n\n\n<p>Cal dir que abans de res s\u2019havia constitu\u00eft&nbsp; la mesa que segons indiquen els estatuts de l\u2019Associaci\u00f3 est\u00e0 formada per: el soci m\u00e9s major all\u00ed present, Tom\u00e0s Miravetl, el m\u00e9s jove major d\u2019edat, Adri\u00e0 Doumere, aix\u00ed com la secret\u00e0ria de l\u2019Associaci\u00f3, Gloria Baquero.<\/p>\n\n\n\n<p>A continuaci\u00f3, el moderador Agustin Mon, li donava la paraula a l\u2019\u00fanica candidata presentada, Elisabeth Breva, qui explicava els motius que l\u2019havien animat a presentar-se una vegada m\u00e9s, per tal d\u2019afrontar el seus quinze i setze anys consecutius al capdavant d\u2019aquesta Associaci\u00f3.<\/p>\n\n\n\n<p>Una vegada acabat el parlament, el moderador va procedir a demanar la votaci\u00f3 de tots els socis majors d\u2019edat i amb dret de vot all\u00ed presents, sent elegida, per unanimitat, Presidenta de l\u2019A.C. Gaiata 15 \u201cSequiol\u201d per als exercicis 2021 i 2022: Elisabeth Breva Almerich.<\/p>\n\n\n\n<p>La ja Presidenta va agrair la confian\u00e7a i els va animar a tots a continuar treballant per les nostres festes i per la nostra Associaci\u00f3.<\/p>\n\n\n\n<p>Fotos cortes\u00eda SEQUIOL \r\n\t<div class=\"slideshow_container slideshow_container_style-light\" style=\"height: 400px; \" data-slideshow-id=\"101092\" data-style-name=\"style-light\" data-style-version=\"2.3.1\" >\r\n\r\n\t\t\t\t\t<div class=\"slideshow_loading_icon\"><\/div>\r\n\t\t\r\n\t\t<div class=\"slideshow_content\" style=\"display: none;\">\r\n\r\n\t\t\t\r\n\t\t<\/div>\r\n\r\n\t\t<div class=\"slideshow_controlPanel slideshow_transparent\" style=\"display: none;\"><ul><li class=\"slideshow_togglePlay\" data-play-text=\"Play\" data-pause-text=\"Pause\"><\/li><\/ul><\/div>\r\n\r\n\t\t<div class=\"slideshow_button slideshow_previous slideshow_transparent\" role=\"button\" data-previous-text=\"Previous\" style=\"display: none;\"><\/div>\r\n\t\t<div class=\"slideshow_button slideshow_next slideshow_transparent\" role=\"button\" data-next-text=\"Next\" style=\"display: none;\"><\/div>\r\n\r\n\t\t<div class=\"slideshow_pagination\" style=\"display: none;\" data-go-to-text=\"Go to slide\"><div class=\"slideshow_pagination_center\"><\/div><\/div>\r\n\r\n\t\t<!-- WordPress Slideshow Version 2.3.1 -->\r\n\r\n\t\t\t\t<!-- Error log\r\n\t\t\t\t\t- No slides were found\t\t\t\t-->\r\n\t\t\t<\/div>\r\n\r\n<\/p>\n","protected":false},"excerpt":{"rendered":"<p>Els estatus de l\u2019A.C. Gaiata 15 Sequiol diuen que cada dos anys ha de convocar-se Assemblea General per tal de presentar i aprovar Balan\u00e7 i Compte de Resultats de l\u2019exercici, i escollir al&nbsp; President\/a per als exercicis seg\u00fcents, en aquest cas 2020 i 2021. Aquesta cita bianual que venia celebrant-se pel mes de juny, havia [&hellip;]<\/p>\n","protected":false},"author":4,"featured_media":101093,"comment_status":"open","ping_status":"open","sticky":false,"template":"","format":"standard","meta":{"footnotes":""},"categories":[155],"tags":[],"class_list":["post-101108","post","type-post","status-publish","format-standard","has-post-thumbnail","hentry","category-magdalena-2021"],"_links":{"self":[{"href":"https:\/\/sequiol.es\/vl\/wp-json\/wp\/v2\/posts\/101108","targetHints":{"allow":["GET"]}}],"collection":[{"href":"https:\/\/sequiol.es\/vl\/wp-json\/wp\/v2\/posts"}],"about":[{"href":"https:\/\/sequiol.es\/vl\/wp-json\/wp\/v2\/types\/post"}],"author":[{"embeddable":true,"href":"https:\/\/sequiol.es\/vl\/wp-json\/wp\/v2\/users\/4"}],"replies":[{"embeddable":true,"href":"https:\/\/sequiol.es\/vl\/wp-json\/wp\/v2\/comments?post=101108"}],"version-history":[{"count":2,"href":"https:\/\/sequiol.es\/vl\/wp-json\/wp\/v2\/posts\/101108\/revisions"}],"predecessor-version":[{"id":101111,"href":"https:\/\/sequiol.es\/vl\/wp-json\/wp\/v2\/posts\/101108\/revisions\/101111"}],"wp:featuredmedia":[{"embeddable":true,"href":"https:\/\/sequiol.es\/vl\/wp-json\/wp\/v2\/media\/101093"}],"wp:attachment":[{"href":"https:\/\/sequiol.es\/vl\/wp-json\/wp\/v2\/media?parent=101108"}],"wp:term":[{"taxonomy":"category","embeddable":true,"href":"https:\/\/sequiol.es\/vl\/wp-json\/wp\/v2\/categories?post=101108"},{"taxonomy":"post_tag","embeddable":true,"href":"https:\/\/sequiol.es\/vl\/wp-json\/wp\/v2\/tags?post=101108"}],"curies":[{"name":"wp","href":"https:\/\/api.w.org\/{rel}","templated":true}]}}