{"id":89621,"date":"2019-09-07T19:12:37","date_gmt":"2019-09-07T17:12:37","guid":{"rendered":"https:\/\/sequiol.es\/?p=89621"},"modified":"2020-01-17T19:50:12","modified_gmt":"2020-01-17T18:50:12","slug":"768-aniversario-de-la-fundacion-de-castello","status":"publish","type":"post","link":"https:\/\/sequiol.es\/es\/768-aniversario-de-la-fundacion-de-castello\/","title":{"rendered":"768 Aniversario de la Fundaci\u00f3n de Castell\u00f3"},"content":{"rendered":"\n<p><\/p>\n\n\n\n<p><\/p>\n\n\n\n<p>La Ciudad de Castell\u00f3 ha celebrado el fin de semana del 6 al\n8 de septiembre el 768 aniversario de su fundaci\u00f3n, el d\u00eda en el que se firm\u00f3\nla autorizaci\u00f3n para que los habitantes de Castell\u00f3 pudieran trasladarse a la\nPlana.<\/p>\n\n\n\n<p>Unas jornadas para reivindicar nuestro amor por esta tierra y\nnuestro orgullo de genealog\u00eda. Y dentro de la amplia programaci\u00f3n de actos\nconmemorativos, se dispar\u00f3 una sonora masclet\u00e0 a la que no faltaron los m\u00e1ximos\nrepresentantes festeros de la Ciudad, Reinas de les Fiestas, Damas de la\nCiudad, Madrinas y Presidentes de todas las comisiones gaiateras, gente de\nColllas i Entes vinculados, etc.<\/p>\n\n\n\n<p>No pod\u00eda faltar en una ocasi\u00f3n tan especial, la gaiata 15\nSequiol con sus cargos para el 2020, Lourdes Moreno, Alejandra S\u00e1ez, Manel\nRubio y la Presidenta Elisabeth Breva.<\/p>\n\n\n\n<p>El camino que hicieron hace ya 768 a\u00f1os nuestros antepasados\nfundadores, es el origen de nuestro pueblo y, como dice Bernat Artola en el\nPreg\u00f3, \u2018quin Fillol oblidaria la rabassa maternal\u2019.<\/p>\n\n\n\n<p>  Fotos cortes\u00eda Gaiata 15 Sequiol  \r\n\t<div class=\"slideshow_container slideshow_container_style-light\" style=\"height: 400px; \" data-slideshow-id=\"89587\" data-style-name=\"style-light\" data-style-version=\"2.3.1\" >\r\n\r\n\t\t\t\t\t<div class=\"slideshow_loading_icon\"><\/div>\r\n\t\t\r\n\t\t<div class=\"slideshow_content\" style=\"display: none;\">\r\n\r\n\t\t\t<div class=\"slideshow_view\">\r\n\t\t\t\t<div class=\"slideshow_slide slideshow_slide_image\">\r\n\t\t\t\t\t\t\t\t\t\t\t<img src=\"https:\/\/sequiol.es\/wp-content\/uploads\/2019\/09\/AniversariofundacionCastellon-2019-09-07-14-14-15.jpg\" alt=\"AniversariofundacionCastellon-2019-09-07-14-14-15\" width=\"886\" height=\"591\" \/>\r\n\t\t\t\t\t\t\t\t\t\t<div class=\"slideshow_description_box slideshow_transparent\">\r\n\t\t\t\t\t\t<div class=\"slideshow_title\">AniversariofundacionCastellon-2019-09-07-14-14-15<\/div>\t\t\t\t\t\t\t\t\t\t\t<\/div>\r\n\t\t\t\t<\/div>\r\n\r\n\t\t\t\t\t\t<div style=\"clear: both;\"><\/div><\/div><div class=\"slideshow_view\">\r\n\t\t\t\t<div class=\"slideshow_slide slideshow_slide_image\">\r\n\t\t\t\t\t\t\t\t\t\t\t<img src=\"https:\/\/sequiol.es\/wp-content\/uploads\/2019\/09\/AniversariofundacionCastellon-2019-09-07-14-14-03.jpg\" alt=\"AniversariofundacionCastellon-2019-09-07-14-14-03\" width=\"886\" height=\"591\" \/>\r\n\t\t\t\t\t\t\t\t\t\t<div class=\"slideshow_description_box slideshow_transparent\">\r\n\t\t\t\t\t\t<div class=\"slideshow_title\">AniversariofundacionCastellon-2019-09-07-14-14-03<\/div>\t\t\t\t\t\t\t\t\t\t\t<\/div>\r\n\t\t\t\t<\/div>\r\n\r\n\t\t\t\t\t\t<div style=\"clear: both;\"><\/div><\/div><div class=\"slideshow_view\">\r\n\t\t\t\t<div class=\"slideshow_slide slideshow_slide_image\">\r\n\t\t\t\t\t\t\t\t\t\t\t<img src=\"https:\/\/sequiol.es\/wp-content\/uploads\/2019\/09\/AniversariofundacionCastellon-2019-09-07-16-41-12.jpg\" alt=\"AniversariofundacionCastellon-2019-09-07-16-41-12\" width=\"1600\" height=\"1200\" \/>\r\n\t\t\t\t\t\t\t\t\t\t<div class=\"slideshow_description_box slideshow_transparent\">\r\n\t\t\t\t\t\t<div class=\"slideshow_title\">AniversariofundacionCastellon-2019-09-07-16-41-12<\/div>\t\t\t\t\t\t\t\t\t\t\t<\/div>\r\n\t\t\t\t<\/div>\r\n\r\n\t\t\t\t\t\t<div style=\"clear: both;\"><\/div><\/div><div class=\"slideshow_view\">\r\n\t\t\t\t<div class=\"slideshow_slide slideshow_slide_image\">\r\n\t\t\t\t\t\t\t\t\t\t\t<img src=\"https:\/\/sequiol.es\/wp-content\/uploads\/2019\/09\/AniversariofundacionCastellon-2019-09-07-16-41-121.jpg\" alt=\"AniversariofundacionCastellon-2019-09-07-16-41-12(1)\" width=\"1296\" height=\"970\" \/>\r\n\t\t\t\t\t\t\t\t\t\t<div class=\"slideshow_description_box slideshow_transparent\">\r\n\t\t\t\t\t\t<div class=\"slideshow_title\">AniversariofundacionCastellon-2019-09-07-16-41-12(1)<\/div>\t\t\t\t\t\t\t\t\t\t\t<\/div>\r\n\t\t\t\t<\/div>\r\n\r\n\t\t\t\t\t\t<div style=\"clear: both;\"><\/div><\/div><div class=\"slideshow_view\">\r\n\t\t\t\t<div class=\"slideshow_slide slideshow_slide_image\">\r\n\t\t\t\t\t\t\t\t\t\t\t<img src=\"https:\/\/sequiol.es\/wp-content\/uploads\/2019\/09\/AniversariofundacionCastellon-2019-09-07-16-41-11.jpg\" alt=\"AniversariofundacionCastellon-2019-09-07-16-41-11\" width=\"1600\" height=\"1200\" \/>\r\n\t\t\t\t\t\t\t\t\t\t<div class=\"slideshow_description_box slideshow_transparent\">\r\n\t\t\t\t\t\t<div class=\"slideshow_title\">AniversariofundacionCastellon-2019-09-07-16-41-11<\/div>\t\t\t\t\t\t\t\t\t\t\t<\/div>\r\n\t\t\t\t<\/div>\r\n\r\n\t\t\t\t\t\t<div style=\"clear: both;\"><\/div><\/div><div class=\"slideshow_view\">\r\n\t\t\t\t<div class=\"slideshow_slide slideshow_slide_image\">\r\n\t\t\t\t\t\t\t\t\t\t\t<img src=\"https:\/\/sequiol.es\/wp-content\/uploads\/2019\/09\/AniversariofundacionCastellon-2019-09-07-16-41-113.jpg\" alt=\"AniversariofundacionCastellon-2019-09-07-16-41-11(3)\" width=\"1296\" height=\"970\" \/>\r\n\t\t\t\t\t\t\t\t\t\t<div class=\"slideshow_description_box slideshow_transparent\">\r\n\t\t\t\t\t\t<div class=\"slideshow_title\">AniversariofundacionCastellon-2019-09-07-16-41-11(3)<\/div>\t\t\t\t\t\t\t\t\t\t\t<\/div>\r\n\t\t\t\t<\/div>\r\n\r\n\t\t\t\t\t\t<div style=\"clear: both;\"><\/div><\/div><div class=\"slideshow_view\">\r\n\t\t\t\t<div class=\"slideshow_slide slideshow_slide_image\">\r\n\t\t\t\t\t\t\t\t\t\t\t<img src=\"https:\/\/sequiol.es\/wp-content\/uploads\/2019\/09\/AniversariofundacionCastellon-2019-09-07-16-41-112.jpg\" alt=\"AniversariofundacionCastellon-2019-09-07-16-41-11(2)\" width=\"1600\" height=\"1200\" \/>\r\n\t\t\t\t\t\t\t\t\t\t<div class=\"slideshow_description_box slideshow_transparent\">\r\n\t\t\t\t\t\t<div class=\"slideshow_title\">AniversariofundacionCastellon-2019-09-07-16-41-11(2)<\/div>\t\t\t\t\t\t\t\t\t\t\t<\/div>\r\n\t\t\t\t<\/div>\r\n\r\n\t\t\t\t\t\t<div style=\"clear: both;\"><\/div><\/div><div class=\"slideshow_view\">\r\n\t\t\t\t<div class=\"slideshow_slide slideshow_slide_image\">\r\n\t\t\t\t\t\t\t\t\t\t\t<img src=\"https:\/\/sequiol.es\/wp-content\/uploads\/2019\/09\/AniversariofundacionCastellon-2019-09-07-16-41-111.jpg\" alt=\"AniversariofundacionCastellon-2019-09-07-16-41-11(1)\" width=\"1200\" height=\"1600\" \/>\r\n\t\t\t\t\t\t\t\t\t\t<div class=\"slideshow_description_box slideshow_transparent\">\r\n\t\t\t\t\t\t<div class=\"slideshow_title\">AniversariofundacionCastellon-2019-09-07-16-41-11(1)<\/div>\t\t\t\t\t\t\t\t\t\t\t<\/div>\r\n\t\t\t\t<\/div>\r\n\r\n\t\t\t\t\t\t<div style=\"clear: both;\"><\/div><\/div><div class=\"slideshow_view\">\r\n\t\t\t\t<div class=\"slideshow_slide slideshow_slide_image\">\r\n\t\t\t\t\t\t\t\t\t\t\t<img src=\"https:\/\/sequiol.es\/wp-content\/uploads\/2019\/09\/AniversariofundacionCastellon-2019-09-07-16-41-10.jpg\" alt=\"AniversariofundacionCastellon-2019-09-07-16-41-10\" width=\"1600\" height=\"1200\" \/>\r\n\t\t\t\t\t\t\t\t\t\t<div class=\"slideshow_description_box slideshow_transparent\">\r\n\t\t\t\t\t\t<div class=\"slideshow_title\">AniversariofundacionCastellon-2019-09-07-16-41-10<\/div>\t\t\t\t\t\t\t\t\t\t\t<\/div>\r\n\t\t\t\t<\/div>\r\n\r\n\t\t\t\t\t\t<div style=\"clear: both;\"><\/div><\/div><div class=\"slideshow_view\">\r\n\t\t\t\t<div class=\"slideshow_slide slideshow_slide_image\">\r\n\t\t\t\t\t\t\t\t\t\t\t<img src=\"https:\/\/sequiol.es\/wp-content\/uploads\/2019\/09\/AniversariofundacionCastellon-2019-09-07-15-25-23.jpg\" alt=\"AniversariofundacionCastellon-2019-09-07-15-25-23\" width=\"1600\" height=\"1200\" \/>\r\n\t\t\t\t\t\t\t\t\t\t<div class=\"slideshow_description_box slideshow_transparent\">\r\n\t\t\t\t\t\t<div class=\"slideshow_title\">AniversariofundacionCastellon-2019-09-07-15-25-23<\/div>\t\t\t\t\t\t\t\t\t\t\t<\/div>\r\n\t\t\t\t<\/div>\r\n\r\n\t\t\t\t\t\t<div style=\"clear: both;\"><\/div><\/div><div class=\"slideshow_view\">\r\n\t\t\t\t<div class=\"slideshow_slide slideshow_slide_image\">\r\n\t\t\t\t\t\t\t\t\t\t\t<img src=\"https:\/\/sequiol.es\/wp-content\/uploads\/2019\/09\/AniversariofundacionCastellon-2019-09-07-15-25-14.jpg\" alt=\"AniversariofundacionCastellon-2019-09-07-15-25-14\" width=\"1296\" height=\"970\" \/>\r\n\t\t\t\t\t\t\t\t\t\t<div class=\"slideshow_description_box slideshow_transparent\">\r\n\t\t\t\t\t\t<div class=\"slideshow_title\">AniversariofundacionCastellon-2019-09-07-15-25-14<\/div>\t\t\t\t\t\t\t\t\t\t\t<\/div>\r\n\t\t\t\t<\/div>\r\n\r\n\t\t\t\t\t\t<div style=\"clear: both;\"><\/div><\/div>\r\n\t\t<\/div>\r\n\r\n\t\t<div class=\"slideshow_controlPanel slideshow_transparent\" style=\"display: none;\"><ul><li class=\"slideshow_togglePlay\" data-play-text=\"Play\" data-pause-text=\"Pause\"><\/li><\/ul><\/div>\r\n\r\n\t\t<div class=\"slideshow_button slideshow_previous slideshow_transparent\" role=\"button\" data-previous-text=\"Previous\" style=\"display: none;\"><\/div>\r\n\t\t<div class=\"slideshow_button slideshow_next slideshow_transparent\" role=\"button\" data-next-text=\"Next\" style=\"display: none;\"><\/div>\r\n\r\n\t\t<div class=\"slideshow_pagination\" style=\"display: none;\" data-go-to-text=\"Go to slide\"><div class=\"slideshow_pagination_center\"><\/div><\/div>\r\n\r\n\t\t<!-- WordPress Slideshow Version 2.3.1 -->\r\n\r\n\t\t\t<\/div>\r\n\r\n   <\/p>\n","protected":false},"excerpt":{"rendered":"<p>La Ciudad de Castell\u00f3 ha celebrado el fin de semana del 6 al 8 de septiembre el 768 aniversario de su fundaci\u00f3n, el d\u00eda en el que se firm\u00f3 la autorizaci\u00f3n para que los habitantes de Castell\u00f3 pudieran trasladarse a la Plana. Unas jornadas para reivindicar nuestro amor por esta tierra y nuestro orgullo de [&hellip;]<\/p>\n","protected":false},"author":4,"featured_media":89615,"comment_status":"open","ping_status":"open","sticky":false,"template":"","format":"standard","meta":{"footnotes":""},"categories":[152],"tags":[],"class_list":["post-89621","post","type-post","status-publish","format-standard","has-post-thumbnail","hentry","category-magdalena-2020"],"_links":{"self":[{"href":"https:\/\/sequiol.es\/es\/wp-json\/wp\/v2\/posts\/89621","targetHints":{"allow":["GET"]}}],"collection":[{"href":"https:\/\/sequiol.es\/es\/wp-json\/wp\/v2\/posts"}],"about":[{"href":"https:\/\/sequiol.es\/es\/wp-json\/wp\/v2\/types\/post"}],"author":[{"embeddable":true,"href":"https:\/\/sequiol.es\/es\/wp-json\/wp\/v2\/users\/4"}],"replies":[{"embeddable":true,"href":"https:\/\/sequiol.es\/es\/wp-json\/wp\/v2\/comments?post=89621"}],"version-history":[{"count":2,"href":"https:\/\/sequiol.es\/es\/wp-json\/wp\/v2\/posts\/89621\/revisions"}],"predecessor-version":[{"id":89626,"href":"https:\/\/sequiol.es\/es\/wp-json\/wp\/v2\/posts\/89621\/revisions\/89626"}],"wp:featuredmedia":[{"embeddable":true,"href":"https:\/\/sequiol.es\/es\/wp-json\/wp\/v2\/media\/89615"}],"wp:attachment":[{"href":"https:\/\/sequiol.es\/es\/wp-json\/wp\/v2\/media?parent=89621"}],"wp:term":[{"taxonomy":"category","embeddable":true,"href":"https:\/\/sequiol.es\/es\/wp-json\/wp\/v2\/categories?post=89621"},{"taxonomy":"post_tag","embeddable":true,"href":"https:\/\/sequiol.es\/es\/wp-json\/wp\/v2\/tags?post=89621"}],"curies":[{"name":"wp","href":"https:\/\/api.w.org\/{rel}","templated":true}]}}