{"id":7532,"date":"2015-02-01T19:19:02","date_gmt":"2015-02-01T18:19:02","guid":{"rendered":"http:\/\/sequiol.es\/?p=7532"},"modified":"2015-02-17T19:29:38","modified_gmt":"2015-02-17T18:29:38","slug":"2015-presentacion-gaiata-3-porta-del-sol","status":"publish","type":"post","link":"https:\/\/sequiol.es\/es\/2015-presentacion-gaiata-3-porta-del-sol\/","title":{"rendered":"Presentaci\u00f3n Gaiata 3 \u00abPorta del Sol\u00bb"},"content":{"rendered":"<p>El pasado s\u00e1bado, \u00faltimo del mes de Enero, el Palau de la Festa acogi\u00f3 el acto de presentaci\u00f3n de una nueva comisi\u00f3n gaiatera, en esta ocasi\u00f3n le correspondi\u00f3 el turno a la A.C. Gaiata 3 \u201cPorta del Sol\u201d en el que las protagonistas fueron su madrina Sta. Ver\u00f3nica Pradas Barreda, la Madrina Infantil Lucia Ferrando Parre\u00f1o acompa\u00f1adas ambas por sus respectivas comisiones de la que es el presidente David Garc\u00eda Vicent.<\/p>\n<p>Lo que si fue una variante fue la recepci\u00f3n de las invitaciones para la pr\u00f3xima velada festiva del palau, puesto que a este acto, no pudimos acudir por encontrarnos ala misma hora, en la cena de agradecimiento que los cargos 2015, Estefan\u00eda, Maria y Xavi, nos ofrecieron a toda la comisi\u00f3n en el Hotel Castell\u00f3n Center.<\/p>\n<p>Pero no por ello, vamos a olvidarnos de los que hubieran tenido que visitarnos en nuestro palco del Palau, en esta ocasi\u00f3n eran los representantes de la din\u00e1mica comisi\u00f3n de la A.C. Gaiata 8 \u201cPortal de l&#8217;Om\u201d, de las que son su representantes la Srta. Cristina L\u00f3pez L\u00f3pez como Madrina de la Gaiata, Berta Monta\u00f1\u00e9s Selma, como Madrina Infantil acompa\u00f1adas ambas por el presidente de la comisi\u00f3n el incansable gaiatero y castellonero Ra\u00fal Collazos Mart\u00edn.<\/p>\n<p>&nbsp;<\/p>\n<div id=\"g3\" class=\"galeria-diapositivas\">\r\n\t<div class=\"slideshow_container slideshow_container_style-light\" style=\"height: 400px; \" data-slideshow-id=\"7290\" data-style-name=\"style-light\" data-style-version=\"2.3.1\" >\r\n\r\n\t\t\t\t\t<div class=\"slideshow_loading_icon\"><\/div>\r\n\t\t\r\n\t\t<div class=\"slideshow_content\" style=\"display: none;\">\r\n\r\n\t\t\t<div class=\"slideshow_view\">\r\n\t\t\t\t<div class=\"slideshow_slide slideshow_slide_image\">\r\n\t\t\t\t\t\t\t\t\t\t\t<img src=\"https:\/\/sequiol.es\/wp-content\/uploads\/2015\/02\/150131-presentacion-g03-muphy-1065.jpg\" alt=\"150131-presentacion-g03-muphy-1065\" width=\"1200\" height=\"800\" \/>\r\n\t\t\t\t\t\t\t\t\t\t<div class=\"slideshow_description_box slideshow_transparent\">\r\n\t\t\t\t\t\t<div class=\"slideshow_title\">150131-presentacion-g03-muphy-1065<\/div>\t\t\t\t\t\t\t\t\t\t\t<\/div>\r\n\t\t\t\t<\/div>\r\n\r\n\t\t\t\t\t\t<div style=\"clear: both;\"><\/div><\/div><div class=\"slideshow_view\">\r\n\t\t\t\t<div class=\"slideshow_slide slideshow_slide_image\">\r\n\t\t\t\t\t\t\t\t\t\t\t<img src=\"https:\/\/sequiol.es\/wp-content\/uploads\/2015\/02\/150131-presentacion-g03-muphy-1533.jpg\" alt=\"150131-presentacion-g03-muphy-1533\" width=\"1200\" height=\"800\" \/>\r\n\t\t\t\t\t\t\t\t\t\t<div class=\"slideshow_description_box slideshow_transparent\">\r\n\t\t\t\t\t\t<div class=\"slideshow_title\">150131-presentacion-g03-muphy-1533<\/div>\t\t\t\t\t\t\t\t\t\t\t<\/div>\r\n\t\t\t\t<\/div>\r\n\r\n\t\t\t\t\t\t<div style=\"clear: both;\"><\/div><\/div>\r\n\t\t<\/div>\r\n\r\n\t\t<div class=\"slideshow_controlPanel slideshow_transparent\" style=\"display: none;\"><ul><li class=\"slideshow_togglePlay\" data-play-text=\"Play\" data-pause-text=\"Pause\"><\/li><\/ul><\/div>\r\n\r\n\t\t<div class=\"slideshow_button slideshow_previous slideshow_transparent\" role=\"button\" data-previous-text=\"Previous\" style=\"display: none;\"><\/div>\r\n\t\t<div class=\"slideshow_button slideshow_next slideshow_transparent\" role=\"button\" data-next-text=\"Next\" style=\"display: none;\"><\/div>\r\n\r\n\t\t<div class=\"slideshow_pagination\" style=\"display: none;\" data-go-to-text=\"Go to slide\"><div class=\"slideshow_pagination_center\"><\/div><\/div>\r\n\r\n\t\t<!-- WordPress Slideshow Version 2.3.1 -->\r\n\r\n\t\t\t<\/div>\r\n\r\n<\/div>\n<p style=\"text-align: center;\"><small>Fotos cortes\u00eda de <a title=\"Ediciones Digitales Muphy\" href=\"http:\/\/edimuphy.com\" target=\"_blank\">Ediciones Digitales Muphy<\/a><\/small><\/p>\n<p>&nbsp;<\/p>\n","protected":false},"excerpt":{"rendered":"<p>El pasado s\u00e1bado, \u00faltimo del mes de Enero, el Palau de la Festa acogi\u00f3 el acto de presentaci\u00f3n de una nueva comisi\u00f3n gaiatera, en esta ocasi\u00f3n le correspondi\u00f3 el turno a la A.C. Gaiata 3 \u201cPorta del Sol\u201d en el que las protagonistas fueron su madrina Sta. Ver\u00f3nica Pradas Barreda, la Madrina Infantil Lucia Ferrando [&hellip;]<\/p>\n","protected":false},"author":1,"featured_media":7284,"comment_status":"open","ping_status":"open","sticky":false,"template":"","format":"standard","meta":{"footnotes":""},"categories":[5],"tags":[],"class_list":["post-7532","post","type-post","status-publish","format-standard","has-post-thumbnail","hentry","category-magdalena-2015"],"_links":{"self":[{"href":"https:\/\/sequiol.es\/es\/wp-json\/wp\/v2\/posts\/7532","targetHints":{"allow":["GET"]}}],"collection":[{"href":"https:\/\/sequiol.es\/es\/wp-json\/wp\/v2\/posts"}],"about":[{"href":"https:\/\/sequiol.es\/es\/wp-json\/wp\/v2\/types\/post"}],"author":[{"embeddable":true,"href":"https:\/\/sequiol.es\/es\/wp-json\/wp\/v2\/users\/1"}],"replies":[{"embeddable":true,"href":"https:\/\/sequiol.es\/es\/wp-json\/wp\/v2\/comments?post=7532"}],"version-history":[{"count":3,"href":"https:\/\/sequiol.es\/es\/wp-json\/wp\/v2\/posts\/7532\/revisions"}],"predecessor-version":[{"id":7535,"href":"https:\/\/sequiol.es\/es\/wp-json\/wp\/v2\/posts\/7532\/revisions\/7535"}],"wp:featuredmedia":[{"embeddable":true,"href":"https:\/\/sequiol.es\/es\/wp-json\/wp\/v2\/media\/7284"}],"wp:attachment":[{"href":"https:\/\/sequiol.es\/es\/wp-json\/wp\/v2\/media?parent=7532"}],"wp:term":[{"taxonomy":"category","embeddable":true,"href":"https:\/\/sequiol.es\/es\/wp-json\/wp\/v2\/categories?post=7532"},{"taxonomy":"post_tag","embeddable":true,"href":"https:\/\/sequiol.es\/es\/wp-json\/wp\/v2\/tags?post=7532"}],"curies":[{"name":"wp","href":"https:\/\/api.w.org\/{rel}","templated":true}]}}