{"id":7530,"date":"2015-01-25T19:18:04","date_gmt":"2015-01-25T18:18:04","guid":{"rendered":"http:\/\/sequiol.es\/?p=7530"},"modified":"2015-02-17T19:29:56","modified_gmt":"2015-02-17T18:29:56","slug":"2015-presentacion-gaiata-4-larmelar","status":"publish","type":"post","link":"https:\/\/sequiol.es\/es\/2015-presentacion-gaiata-4-larmelar\/","title":{"rendered":"Presentaci\u00f3n Gaiata 4 \u00abL&#8217;Armelar\u00bb"},"content":{"rendered":"<p>Un s\u00e1bado m\u00e1s, el Palau de la festa acogi\u00f3 el acto de presentaci\u00f3n de una nueva comisi\u00f1on gaiatera, en esta ocasi\u00f3n le correspondi\u00f3 el turno a la A.C. Gaiata 4 \u201cL \u0301Armelar\u201d en el que las protagonistas fueron su madrina Sta. Lorena Pla Mar\u00edn y su Madrina Infantil Sofia Castell\u00f3 Montoliu acompa\u00f1adas ambas por sus respectivas comisiones de la que es el presidente Roberto Blasco Ahis.<\/p>\n<p>Lo que si fue una variante fue la recepci\u00f3n de las invitaciones para la pr\u00f3xima velada festiva del palau, puesto que por motivos de protocolo, a esa misma hora, nuestros cargos se encontraban inmersos en la cena homenaje a los Sequiolos de honor 2015, en su lugar la visita al palau fue recibida por nuestros cargos 2014 infantiles, Claudia y Raul que una vez m\u00e1s ejercieron con la experiencia demostrada en la pasada Magdalena de su saber estar ejerciendo de anfitriones en la visita de los cargos 2015 de la gaiata 3 Porta del Sol y que a la postre son su madrina Ver\u00f3nica Pradas Barreda, la Madrina Infantil Lucia Ferrando Parre\u00f1o acompa\u00f1adas por el presidente de la comisi\u00f3n David Garc\u00eda Vicent.<\/p>\n<p>&nbsp;<\/p>\n<div id=\"g4\" class=\"galeria-diapositivas\">\r\n\t<div class=\"slideshow_container slideshow_container_style-light\" style=\"height: 400px; \" data-slideshow-id=\"7283\" data-style-name=\"style-light\" data-style-version=\"2.3.1\" >\r\n\r\n\t\t\t\t\t<div class=\"slideshow_loading_icon\"><\/div>\r\n\t\t\r\n\t\t<div class=\"slideshow_content\" style=\"display: none;\">\r\n\r\n\t\t\t<div class=\"slideshow_view\">\r\n\t\t\t\t<div class=\"slideshow_slide slideshow_slide_image\">\r\n\t\t\t\t\t\t\t\t\t\t\t<img src=\"https:\/\/sequiol.es\/wp-content\/uploads\/2015\/02\/150124-presentacion-g04-muphy-327.jpg\" alt=\"150124-presentacion-g04-muphy-327\" width=\"1200\" height=\"800\" \/>\r\n\t\t\t\t\t\t\t\t\t\t<div class=\"slideshow_description_box slideshow_transparent\">\r\n\t\t\t\t\t\t<div class=\"slideshow_title\">150124-presentacion-g04-muphy-327<\/div>\t\t\t\t\t\t\t\t\t\t\t<\/div>\r\n\t\t\t\t<\/div>\r\n\r\n\t\t\t\t\t\t<div style=\"clear: both;\"><\/div><\/div><div class=\"slideshow_view\">\r\n\t\t\t\t<div class=\"slideshow_slide slideshow_slide_image\">\r\n\t\t\t\t\t\t\t\t\t\t\t<img src=\"https:\/\/sequiol.es\/wp-content\/uploads\/2015\/02\/150124-presentacion-g04-muphy-591.jpg\" alt=\"150124-presentacion-g04-muphy-591\" width=\"1200\" height=\"800\" \/>\r\n\t\t\t\t\t\t\t\t\t\t<div class=\"slideshow_description_box slideshow_transparent\">\r\n\t\t\t\t\t\t<div class=\"slideshow_title\">150124-presentacion-g04-muphy-591<\/div>\t\t\t\t\t\t\t\t\t\t\t<\/div>\r\n\t\t\t\t<\/div>\r\n\r\n\t\t\t\t\t\t<div style=\"clear: both;\"><\/div><\/div>\r\n\t\t<\/div>\r\n\r\n\t\t<div class=\"slideshow_controlPanel slideshow_transparent\" style=\"display: none;\"><ul><li class=\"slideshow_togglePlay\" data-play-text=\"Play\" data-pause-text=\"Pause\"><\/li><\/ul><\/div>\r\n\r\n\t\t<div class=\"slideshow_button slideshow_previous slideshow_transparent\" role=\"button\" data-previous-text=\"Previous\" style=\"display: none;\"><\/div>\r\n\t\t<div class=\"slideshow_button slideshow_next slideshow_transparent\" role=\"button\" data-next-text=\"Next\" style=\"display: none;\"><\/div>\r\n\r\n\t\t<div class=\"slideshow_pagination\" style=\"display: none;\" data-go-to-text=\"Go to slide\"><div class=\"slideshow_pagination_center\"><\/div><\/div>\r\n\r\n\t\t<!-- WordPress Slideshow Version 2.3.1 -->\r\n\r\n\t\t\t<\/div>\r\n\r\n<\/div>\n<p style=\"text-align: center;\"><small>Fotos cortes\u00eda de <a title=\"Ediciones Digitales Muphy\" href=\"http:\/\/edimuphy.com\" target=\"_blank\">Ediciones Digitales Muphy<\/a><\/small><\/p>\n<p>&nbsp;<\/p>\n<p>&nbsp;<\/p>\n","protected":false},"excerpt":{"rendered":"<p>Un s\u00e1bado m\u00e1s, el Palau de la festa acogi\u00f3 el acto de presentaci\u00f3n de una nueva comisi\u00f1on gaiatera, en esta ocasi\u00f3n le correspondi\u00f3 el turno a la A.C. Gaiata 4 \u201cL \u0301Armelar\u201d en el que las protagonistas fueron su madrina Sta. Lorena Pla Mar\u00edn y su Madrina Infantil Sofia Castell\u00f3 Montoliu acompa\u00f1adas ambas por sus [&hellip;]<\/p>\n","protected":false},"author":1,"featured_media":7293,"comment_status":"open","ping_status":"open","sticky":false,"template":"","format":"standard","meta":{"footnotes":""},"categories":[5],"tags":[],"class_list":["post-7530","post","type-post","status-publish","format-standard","has-post-thumbnail","hentry","category-magdalena-2015"],"_links":{"self":[{"href":"https:\/\/sequiol.es\/es\/wp-json\/wp\/v2\/posts\/7530","targetHints":{"allow":["GET"]}}],"collection":[{"href":"https:\/\/sequiol.es\/es\/wp-json\/wp\/v2\/posts"}],"about":[{"href":"https:\/\/sequiol.es\/es\/wp-json\/wp\/v2\/types\/post"}],"author":[{"embeddable":true,"href":"https:\/\/sequiol.es\/es\/wp-json\/wp\/v2\/users\/1"}],"replies":[{"embeddable":true,"href":"https:\/\/sequiol.es\/es\/wp-json\/wp\/v2\/comments?post=7530"}],"version-history":[{"count":1,"href":"https:\/\/sequiol.es\/es\/wp-json\/wp\/v2\/posts\/7530\/revisions"}],"predecessor-version":[{"id":7531,"href":"https:\/\/sequiol.es\/es\/wp-json\/wp\/v2\/posts\/7530\/revisions\/7531"}],"wp:featuredmedia":[{"embeddable":true,"href":"https:\/\/sequiol.es\/es\/wp-json\/wp\/v2\/media\/7293"}],"wp:attachment":[{"href":"https:\/\/sequiol.es\/es\/wp-json\/wp\/v2\/media?parent=7530"}],"wp:term":[{"taxonomy":"category","embeddable":true,"href":"https:\/\/sequiol.es\/es\/wp-json\/wp\/v2\/categories?post=7530"},{"taxonomy":"post_tag","embeddable":true,"href":"https:\/\/sequiol.es\/es\/wp-json\/wp\/v2\/tags?post=7530"}],"curies":[{"name":"wp","href":"https:\/\/api.w.org\/{rel}","templated":true}]}}