{"id":6795,"date":"2015-01-31T18:37:22","date_gmt":"2015-01-31T17:37:22","guid":{"rendered":"http:\/\/sequiol.es\/?p=6795"},"modified":"2015-02-06T18:41:28","modified_gmt":"2015-02-06T17:41:28","slug":"2015-presentacion-na-violant-dhongria","status":"publish","type":"post","link":"https:\/\/sequiol.es\/es\/2015-presentacion-na-violant-dhongria\/","title":{"rendered":"Presentaci\u00f3n Na Violant d&#8217;Hongria"},"content":{"rendered":"<p>Uno de los actos pre magdaleneros de m\u00e1s glamour, es el acto de presentaci\u00f3n de la Reina Violant y sus \u201cDones de companya\u201d, representantes de la Asociaci\u00f3n \u201cCavallers de la Conquista\u201d que cada a\u00f1o organiza dicha asociaci\u00f3n con un protocolo colorista, por los trajes de la \u00e9poca que portan los miembros que participan en dicho acto y sobre todo por los trajes tanto de Violant como de sus damas.<\/p>\n<p>Un acto, una gala que nos traslada a la \u00e9poca del Rey Jaime I y que re\u00fane a una nutrida representaci\u00f3n de la vida social y festiva de nuestra ciudad y que se realiza en dos lugares, por un lado el acto protocolario en si que se efect\u00faa en el Teatro Principal y la posterior fiesta que se traslada a los salones del Casino Antiguo situado en la puerta del Sol.<\/p>\n<p>El Sequiol, estuvo presente en ambos actos con la presencia de nuestra madrina, Sta. Estefan\u00eda Climent Moreno a la que acompa\u00f1aba el vice-presidente Jorge Marti Obiol.<\/p>\n<p>&nbsp;<\/p>\n<div id=\"galeria\" class=\"galeria-diapositivas\">\r\n\t<div class=\"slideshow_container slideshow_container_style-light\" style=\"height: 400px; \" data-slideshow-id=\"6790\" data-style-name=\"style-light\" data-style-version=\"2.3.1\" >\r\n\r\n\t\t\t\t\t<div class=\"slideshow_loading_icon\"><\/div>\r\n\t\t\r\n\t\t<div class=\"slideshow_content\" style=\"display: none;\">\r\n\r\n\t\t\t<div class=\"slideshow_view\">\r\n\t\t\t\t<div class=\"slideshow_slide slideshow_slide_image\">\r\n\t\t\t\t\t\t\t\t\t\t\t<img src=\"https:\/\/sequiol.es\/wp-content\/uploads\/2015\/02\/150130-cavallers-sequiol-0630.jpg\" alt=\"150130-cavallers-sequiol-0630\" width=\"800\" height=\"1200\" \/>\r\n\t\t\t\t\t\t\t\t\t\t<div class=\"slideshow_description_box slideshow_transparent\">\r\n\t\t\t\t\t\t<div class=\"slideshow_title\">150130-cavallers-sequiol-0630<\/div>\t\t\t\t\t\t\t\t\t\t\t<\/div>\r\n\t\t\t\t<\/div>\r\n\r\n\t\t\t\t\t\t<div style=\"clear: both;\"><\/div><\/div><div class=\"slideshow_view\">\r\n\t\t\t\t<div class=\"slideshow_slide slideshow_slide_image\">\r\n\t\t\t\t\t\t\t\t\t\t\t<img src=\"https:\/\/sequiol.es\/wp-content\/uploads\/2015\/02\/150130-cavallers-sequiol-0094.jpg\" alt=\"150130-cavallers-sequiol-0094\" width=\"1200\" height=\"800\" \/>\r\n\t\t\t\t\t\t\t\t\t\t<div class=\"slideshow_description_box slideshow_transparent\">\r\n\t\t\t\t\t\t<div class=\"slideshow_title\">150130-cavallers-sequiol-0094<\/div>\t\t\t\t\t\t\t\t\t\t\t<\/div>\r\n\t\t\t\t<\/div>\r\n\r\n\t\t\t\t\t\t<div style=\"clear: both;\"><\/div><\/div>\r\n\t\t<\/div>\r\n\r\n\t\t<div class=\"slideshow_controlPanel slideshow_transparent\" style=\"display: none;\"><ul><li class=\"slideshow_togglePlay\" data-play-text=\"Play\" data-pause-text=\"Pause\"><\/li><\/ul><\/div>\r\n\r\n\t\t<div class=\"slideshow_button slideshow_previous slideshow_transparent\" role=\"button\" data-previous-text=\"Previous\" style=\"display: none;\"><\/div>\r\n\t\t<div class=\"slideshow_button slideshow_next slideshow_transparent\" role=\"button\" data-next-text=\"Next\" style=\"display: none;\"><\/div>\r\n\r\n\t\t<div class=\"slideshow_pagination\" style=\"display: none;\" data-go-to-text=\"Go to slide\"><div class=\"slideshow_pagination_center\"><\/div><\/div>\r\n\r\n\t\t<!-- WordPress Slideshow Version 2.3.1 -->\r\n\r\n\t\t\t<\/div>\r\n\r\n<\/div>\n","protected":false},"excerpt":{"rendered":"<p>Uno de los actos pre magdaleneros de m\u00e1s glamour, es el acto de presentaci\u00f3n de la Reina Violant y sus \u201cDones de companya\u201d, representantes de la Asociaci\u00f3n \u201cCavallers de la Conquista\u201d que cada a\u00f1o organiza dicha asociaci\u00f3n con un protocolo colorista, por los trajes de la \u00e9poca que portan los miembros que participan en dicho [&hellip;]<\/p>\n","protected":false},"author":1,"featured_media":6791,"comment_status":"open","ping_status":"open","sticky":false,"template":"","format":"standard","meta":{"footnotes":""},"categories":[5],"tags":[],"class_list":["post-6795","post","type-post","status-publish","format-standard","has-post-thumbnail","hentry","category-magdalena-2015"],"_links":{"self":[{"href":"https:\/\/sequiol.es\/es\/wp-json\/wp\/v2\/posts\/6795","targetHints":{"allow":["GET"]}}],"collection":[{"href":"https:\/\/sequiol.es\/es\/wp-json\/wp\/v2\/posts"}],"about":[{"href":"https:\/\/sequiol.es\/es\/wp-json\/wp\/v2\/types\/post"}],"author":[{"embeddable":true,"href":"https:\/\/sequiol.es\/es\/wp-json\/wp\/v2\/users\/1"}],"replies":[{"embeddable":true,"href":"https:\/\/sequiol.es\/es\/wp-json\/wp\/v2\/comments?post=6795"}],"version-history":[{"count":1,"href":"https:\/\/sequiol.es\/es\/wp-json\/wp\/v2\/posts\/6795\/revisions"}],"predecessor-version":[{"id":6796,"href":"https:\/\/sequiol.es\/es\/wp-json\/wp\/v2\/posts\/6795\/revisions\/6796"}],"wp:featuredmedia":[{"embeddable":true,"href":"https:\/\/sequiol.es\/es\/wp-json\/wp\/v2\/media\/6791"}],"wp:attachment":[{"href":"https:\/\/sequiol.es\/es\/wp-json\/wp\/v2\/media?parent=6795"}],"wp:term":[{"taxonomy":"category","embeddable":true,"href":"https:\/\/sequiol.es\/es\/wp-json\/wp\/v2\/categories?post=6795"},{"taxonomy":"post_tag","embeddable":true,"href":"https:\/\/sequiol.es\/es\/wp-json\/wp\/v2\/tags?post=6795"}],"curies":[{"name":"wp","href":"https:\/\/api.w.org\/{rel}","templated":true}]}}