{"id":6787,"date":"2015-01-26T23:00:47","date_gmt":"2015-01-26T22:00:47","guid":{"rendered":"http:\/\/sequiol.es\/?p=6787"},"modified":"2015-02-06T18:32:06","modified_gmt":"2015-02-06T17:32:06","slug":"2015-trobada-veinal-de-dolcaina-i-tabal","status":"publish","type":"post","link":"https:\/\/sequiol.es\/es\/2015-trobada-veinal-de-dolcaina-i-tabal\/","title":{"rendered":"Trobada ve\u00efnal de dol\u00e7aina i tabal"},"content":{"rendered":"<p>Llegado el \u00faltimo domingo del mes de Enero, se celebra la \u201cTrobada Veinal de Dol\u00e7aina i Tabal\u201d, una trobada que enlaza a todos los entes culturales y festivos de la ciudad puesto que este evento esta organizado por la escuela municipal de Dol\u00e7aiana i Tabal de Castell\u00f3n, con la colaboraci\u00f3n del Excmo. Ayuntamiento de Castell\u00f3n, de la Junta de Festes de Castell\u00f3, la Federaci\u00f3 de colles y de la Gestora de gaiates, puesto que cada a\u00f1o se celebra en el enclave de un sector gaiatero.<\/p>\n<p>Este a\u00f1o, se celebr\u00f3 su XVII edici\u00f3n y la gaiata encargada de alojar esta celebraci\u00f3n fue la A.C. Gaiata 5 \u201cHort dels Corders\u201d y el enclave en la Plaza Huertos Sogueros.<\/p>\n<p>Como cada a\u00f1o, el acto cont\u00f3 con dos partes, una primera con el concurso-muestra para j\u00f3venes interpretes que ejecutaron una pieza obligada y otra de libre elecci\u00f3n, tras la interpretaci\u00f3n de los participantes, se dio paso a la lectura del acta y a la posterior entrega de premios.<\/p>\n<p>Finalizado este apartado, se dio paso a la muestra a cargo de los diferentes grupos, asociaciones o collas de \u201cDol\u00e7ainers i tabaleteres\u201d de Castell\u00f3n, entre los que se encuentra nuestra secci\u00f3n de Dol\u00e7aiana i Tabal, dirigida por nuestro profesor Domingo, interpretando la marcha cristiana \u201cCovadonga\u201d de la que es autor Quique Orquin Aleixandre.<\/p>\n<p>Una pieza que fue del agrado de los asistentes y que fue interpretada con una amplia percusi\u00f3n que le dio un toque de originalidad, haciendo honor a los conocimientos del maestro Antonio Asunci\u00f3n quien promueve la aportaci\u00f3n de diferentes instrumentos de percusi\u00f3n acompa\u00f1ando a la dol\u00e7aiana para darle ese cariz espectacular.<\/p>\n<p>Un tentempi\u00e9 para los participantes, dio por concluida esta Trobada en una nueva ma\u00f1ana de Domingo de Enero, donde el fr\u00edo del invierno, dejo paso al calor de la m\u00fasica de estos instrumentos tan nuestros.<\/p>\n<p>&nbsp;<\/p>\n<div id=\"galeria\" class=\"galeria-diapositivas\">\r\n\t<div class=\"slideshow_container slideshow_container_style-light\" style=\"height: 400px; \" data-slideshow-id=\"6786\" data-style-name=\"style-light\" data-style-version=\"2.3.1\" >\r\n\r\n\t\t\t\t\t<div class=\"slideshow_loading_icon\"><\/div>\r\n\t\t\r\n\t\t<div class=\"slideshow_content\" style=\"display: none;\">\r\n\r\n\t\t\t<div class=\"slideshow_view\">\r\n\t\t\t\t<div class=\"slideshow_slide slideshow_slide_image\">\r\n\t\t\t\t\t\t\t\t\t\t\t<img src=\"https:\/\/sequiol.es\/wp-content\/uploads\/2015\/02\/150125-trobada-veinal-sequiol-WA0025.jpg\" alt=\"150125-trobada-veinal-sequiol-WA0025\" width=\"1200\" height=\"720\" \/>\r\n\t\t\t\t\t\t\t\t\t\t<div class=\"slideshow_description_box slideshow_transparent\">\r\n\t\t\t\t\t\t<div class=\"slideshow_title\">150125-trobada-veinal-sequiol-WA0025<\/div>\t\t\t\t\t\t\t\t\t\t\t<\/div>\r\n\t\t\t\t<\/div>\r\n\r\n\t\t\t\t\t\t<div style=\"clear: both;\"><\/div><\/div><div class=\"slideshow_view\">\r\n\t\t\t\t<div class=\"slideshow_slide slideshow_slide_image\">\r\n\t\t\t\t\t\t\t\t\t\t\t<img src=\"https:\/\/sequiol.es\/wp-content\/uploads\/2015\/02\/150125-trobada-veinal-sequiol-WA0029.jpg\" alt=\"150125-trobada-veinal-sequiol-WA0029\" width=\"1200\" height=\"720\" \/>\r\n\t\t\t\t\t\t\t\t\t\t<div class=\"slideshow_description_box slideshow_transparent\">\r\n\t\t\t\t\t\t<div class=\"slideshow_title\">150125-trobada-veinal-sequiol-WA0029<\/div>\t\t\t\t\t\t\t\t\t\t\t<\/div>\r\n\t\t\t\t<\/div>\r\n\r\n\t\t\t\t\t\t<div style=\"clear: both;\"><\/div><\/div><div class=\"slideshow_view\">\r\n\t\t\t\t<div class=\"slideshow_slide slideshow_slide_image\">\r\n\t\t\t\t\t\t\t\t\t\t\t<img src=\"https:\/\/sequiol.es\/wp-content\/uploads\/2015\/02\/150125-trobada-veinal-sequiol-WA0031.jpg\" alt=\"150125-trobada-veinal-sequiol-WA0031\" width=\"1200\" height=\"720\" \/>\r\n\t\t\t\t\t\t\t\t\t\t<div class=\"slideshow_description_box slideshow_transparent\">\r\n\t\t\t\t\t\t<div class=\"slideshow_title\">150125-trobada-veinal-sequiol-WA0031<\/div>\t\t\t\t\t\t\t\t\t\t\t<\/div>\r\n\t\t\t\t<\/div>\r\n\r\n\t\t\t\t\t\t<div style=\"clear: both;\"><\/div><\/div><div class=\"slideshow_view\">\r\n\t\t\t\t<div class=\"slideshow_slide slideshow_slide_image\">\r\n\t\t\t\t\t\t\t\t\t\t\t<img src=\"https:\/\/sequiol.es\/wp-content\/uploads\/2015\/02\/150125-trobada-veinal-sequiol-WA0032.jpg\" alt=\"150125-trobada-veinal-sequiol-WA0032\" width=\"1200\" height=\"720\" \/>\r\n\t\t\t\t\t\t\t\t\t\t<div class=\"slideshow_description_box slideshow_transparent\">\r\n\t\t\t\t\t\t<div class=\"slideshow_title\">150125-trobada-veinal-sequiol-WA0032<\/div>\t\t\t\t\t\t\t\t\t\t\t<\/div>\r\n\t\t\t\t<\/div>\r\n\r\n\t\t\t\t\t\t<div style=\"clear: both;\"><\/div><\/div><div class=\"slideshow_view\">\r\n\t\t\t\t<div class=\"slideshow_slide slideshow_slide_image\">\r\n\t\t\t\t\t\t\t\t\t\t\t<img src=\"https:\/\/sequiol.es\/wp-content\/uploads\/2015\/02\/150125-trobada-veinal-sequiol-WA0060.jpg\" alt=\"150125-trobada-veinal-sequiol-WA0060\" width=\"1200\" height=\"720\" \/>\r\n\t\t\t\t\t\t\t\t\t\t<div class=\"slideshow_description_box slideshow_transparent\">\r\n\t\t\t\t\t\t<div class=\"slideshow_title\">150125-trobada-veinal-sequiol-WA0060<\/div>\t\t\t\t\t\t\t\t\t\t\t<\/div>\r\n\t\t\t\t<\/div>\r\n\r\n\t\t\t\t\t\t<div style=\"clear: both;\"><\/div><\/div><div class=\"slideshow_view\">\r\n\t\t\t\t<div class=\"slideshow_slide slideshow_slide_image\">\r\n\t\t\t\t\t\t\t\t\t\t\t<img src=\"https:\/\/sequiol.es\/wp-content\/uploads\/2015\/02\/150125-trobada-veinal-sequiol-WA0088.jpg\" alt=\"150125-trobada-veinal-sequiol-WA0088\" width=\"900\" height=\"1200\" \/>\r\n\t\t\t\t\t\t\t\t\t\t<div class=\"slideshow_description_box slideshow_transparent\">\r\n\t\t\t\t\t\t<div class=\"slideshow_title\">150125-trobada-veinal-sequiol-WA0088<\/div>\t\t\t\t\t\t\t\t\t\t\t<\/div>\r\n\t\t\t\t<\/div>\r\n\r\n\t\t\t\t\t\t<div style=\"clear: both;\"><\/div><\/div><div class=\"slideshow_view\">\r\n\t\t\t\t<div class=\"slideshow_slide slideshow_slide_image\">\r\n\t\t\t\t\t\t\t\t\t\t\t<img src=\"https:\/\/sequiol.es\/wp-content\/uploads\/2015\/02\/150125-trobada-veinal-sequiol-01.jpg\" alt=\"150125-trobada-veinal-sequiol-01\" width=\"900\" height=\"1200\" \/>\r\n\t\t\t\t\t\t\t\t\t\t<div class=\"slideshow_description_box slideshow_transparent\">\r\n\t\t\t\t\t\t<div class=\"slideshow_title\">150125-trobada-veinal-sequiol-01<\/div>\t\t\t\t\t\t\t\t\t\t\t<\/div>\r\n\t\t\t\t<\/div>\r\n\r\n\t\t\t\t\t\t<div style=\"clear: both;\"><\/div><\/div>\r\n\t\t<\/div>\r\n\r\n\t\t<div class=\"slideshow_controlPanel slideshow_transparent\" style=\"display: none;\"><ul><li class=\"slideshow_togglePlay\" data-play-text=\"Play\" data-pause-text=\"Pause\"><\/li><\/ul><\/div>\r\n\r\n\t\t<div class=\"slideshow_button slideshow_previous slideshow_transparent\" role=\"button\" data-previous-text=\"Previous\" style=\"display: none;\"><\/div>\r\n\t\t<div class=\"slideshow_button slideshow_next slideshow_transparent\" role=\"button\" data-next-text=\"Next\" style=\"display: none;\"><\/div>\r\n\r\n\t\t<div class=\"slideshow_pagination\" style=\"display: none;\" data-go-to-text=\"Go to slide\"><div class=\"slideshow_pagination_center\"><\/div><\/div>\r\n\r\n\t\t<!-- WordPress Slideshow Version 2.3.1 -->\r\n\r\n\t\t\t<\/div>\r\n\r\n<\/div>\n","protected":false},"excerpt":{"rendered":"<p>Llegado el \u00faltimo domingo del mes de Enero, se celebra la \u201cTrobada Veinal de Dol\u00e7aina i Tabal\u201d, una trobada que enlaza a todos los entes culturales y festivos de la ciudad puesto que este evento esta organizado por la escuela municipal de Dol\u00e7aiana i Tabal de Castell\u00f3n, con la colaboraci\u00f3n del Excmo. Ayuntamiento de Castell\u00f3n, [&hellip;]<\/p>\n","protected":false},"author":1,"featured_media":6782,"comment_status":"open","ping_status":"open","sticky":false,"template":"","format":"standard","meta":{"footnotes":""},"categories":[5],"tags":[],"class_list":["post-6787","post","type-post","status-publish","format-standard","has-post-thumbnail","hentry","category-magdalena-2015"],"_links":{"self":[{"href":"https:\/\/sequiol.es\/es\/wp-json\/wp\/v2\/posts\/6787","targetHints":{"allow":["GET"]}}],"collection":[{"href":"https:\/\/sequiol.es\/es\/wp-json\/wp\/v2\/posts"}],"about":[{"href":"https:\/\/sequiol.es\/es\/wp-json\/wp\/v2\/types\/post"}],"author":[{"embeddable":true,"href":"https:\/\/sequiol.es\/es\/wp-json\/wp\/v2\/users\/1"}],"replies":[{"embeddable":true,"href":"https:\/\/sequiol.es\/es\/wp-json\/wp\/v2\/comments?post=6787"}],"version-history":[{"count":2,"href":"https:\/\/sequiol.es\/es\/wp-json\/wp\/v2\/posts\/6787\/revisions"}],"predecessor-version":[{"id":6789,"href":"https:\/\/sequiol.es\/es\/wp-json\/wp\/v2\/posts\/6787\/revisions\/6789"}],"wp:featuredmedia":[{"embeddable":true,"href":"https:\/\/sequiol.es\/es\/wp-json\/wp\/v2\/media\/6782"}],"wp:attachment":[{"href":"https:\/\/sequiol.es\/es\/wp-json\/wp\/v2\/media?parent=6787"}],"wp:term":[{"taxonomy":"category","embeddable":true,"href":"https:\/\/sequiol.es\/es\/wp-json\/wp\/v2\/categories?post=6787"},{"taxonomy":"post_tag","embeddable":true,"href":"https:\/\/sequiol.es\/es\/wp-json\/wp\/v2\/tags?post=6787"}],"curies":[{"name":"wp","href":"https:\/\/api.w.org\/{rel}","templated":true}]}}