{"id":4092,"date":"2014-11-02T23:03:55","date_gmt":"2014-11-02T22:03:55","guid":{"rendered":"http:\/\/sequiol.es\/?p=4092"},"modified":"2014-11-02T23:17:57","modified_gmt":"2014-11-02T22:17:57","slug":"2014-gaiater-de-lany","status":"publish","type":"post","link":"https:\/\/sequiol.es\/es\/2014-gaiater-de-lany\/","title":{"rendered":"Gaiater de l&#8217;any"},"content":{"rendered":"<p>La Gestora de gaiates, cada a\u00f1o elige a una persona o entidad como gaiater de l \u00b4any, teniendo en cuenta los m\u00e9ritos adquiridos en pro de las fiestas de la Magdalena, en las pasadas fiestas de la Magdalena 2014, dicho galard\u00f3n recay\u00f3 en la figura de quien fuera durante muchos a\u00f1os director de la Banda Municipal de Castell\u00f3n, Don Francisco Signes Castell\u00f3,<\/p>\n<p>Don Paco Signes, como habitualmente se le conoce en el mundo festivo de la ciudad, ha compuesto a lo largo de su dilatada trayectoria musical, numerosas piezas dedicadas a las fiestas de Castell\u00f3n, como la conocida \u201cMagdalena Festa Plena\u201d.<\/p>\n<p>En agradecimiento, el maestro Signes, compuso otra pieza musical denominada \u201cGaiater de l\u00b4any\u201d que fue interpretada por primera vez por la banda municipal, acudiendo a dicho acto una amplia representaci\u00f3n del mundo gaiatero entro los cuales se encontraba los cargos de nuestra gaiata 15 Sequiol.<\/p>\n<p>&nbsp;<\/p>\n<div id=\"muphy\" class=\"galeria-diapositivas\">\r\n\t<div class=\"slideshow_container slideshow_container_style-light\" style=\"height: 400px; \" data-slideshow-id=\"4085\" data-style-name=\"style-light\" data-style-version=\"2.3.1\" >\r\n\r\n\t\t\t\t\t<div class=\"slideshow_loading_icon\"><\/div>\r\n\t\t\r\n\t\t<div class=\"slideshow_content\" style=\"display: none;\">\r\n\r\n\t\t\t<div class=\"slideshow_view\">\r\n\t\t\t\t<div class=\"slideshow_slide slideshow_slide_image\">\r\n\t\t\t\t\t\t\t\t\t\t\t<img src=\"https:\/\/sequiol.es\/wp-content\/uploads\/2014\/11\/141031-gaiater-de-lany-muphy-palau-2.jpg\" alt=\"141031-gaiater-de-lany-muphy-palau-2\" width=\"1200\" height=\"800\" \/>\r\n\t\t\t\t\t\t\t\t\t\t<div class=\"slideshow_description_box slideshow_transparent\">\r\n\t\t\t\t\t\t<div class=\"slideshow_title\">141031-gaiater-de-lany-muphy-palau-2<\/div>\t\t\t\t\t\t\t\t\t\t\t<\/div>\r\n\t\t\t\t<\/div>\r\n\r\n\t\t\t\t\t\t<div style=\"clear: both;\"><\/div><\/div><div class=\"slideshow_view\">\r\n\t\t\t\t<div class=\"slideshow_slide slideshow_slide_image\">\r\n\t\t\t\t\t\t\t\t\t\t\t<img src=\"https:\/\/sequiol.es\/wp-content\/uploads\/2014\/11\/141031-gaiater-de-lany-muphy-palau-1.jpg\" alt=\"141031-gaiater-de-lany-muphy-palau-1\" width=\"1200\" height=\"800\" \/>\r\n\t\t\t\t\t\t\t\t\t\t<div class=\"slideshow_description_box slideshow_transparent\">\r\n\t\t\t\t\t\t<div class=\"slideshow_title\">141031-gaiater-de-lany-muphy-palau-1<\/div>\t\t\t\t\t\t\t\t\t\t\t<\/div>\r\n\t\t\t\t<\/div>\r\n\r\n\t\t\t\t\t\t<div style=\"clear: both;\"><\/div><\/div>\r\n\t\t<\/div>\r\n\r\n\t\t<div class=\"slideshow_controlPanel slideshow_transparent\" style=\"display: none;\"><ul><li class=\"slideshow_togglePlay\" data-play-text=\"Play\" data-pause-text=\"Pause\"><\/li><\/ul><\/div>\r\n\r\n\t\t<div class=\"slideshow_button slideshow_previous slideshow_transparent\" role=\"button\" data-previous-text=\"Previous\" style=\"display: none;\"><\/div>\r\n\t\t<div class=\"slideshow_button slideshow_next slideshow_transparent\" role=\"button\" data-next-text=\"Next\" style=\"display: none;\"><\/div>\r\n\r\n\t\t<div class=\"slideshow_pagination\" style=\"display: none;\" data-go-to-text=\"Go to slide\"><div class=\"slideshow_pagination_center\"><\/div><\/div>\r\n\r\n\t\t<!-- WordPress Slideshow Version 2.3.1 -->\r\n\r\n\t\t\t<\/div>\r\n\r\n<\/div>\n<p style=\"text-align: center;\"><small>Fotos cortes\u00eda <a title=\"Ediciones Digitales Muphy\" href=\"http:\/\/edimuphy.com\" target=\"_blank\">Ediciones Digitales Muphy<\/a><\/small><\/p>\n<p>&nbsp;<\/p>\n","protected":false},"excerpt":{"rendered":"<p>La Gestora de gaiates, cada a\u00f1o elige a una persona o entidad como gaiater de l \u00b4any, teniendo en cuenta los m\u00e9ritos adquiridos en pro de las fiestas de la Magdalena, en las pasadas fiestas de la Magdalena 2014, dicho galard\u00f3n recay\u00f3 en la figura de quien fuera durante muchos a\u00f1os director de la Banda [&hellip;]<\/p>\n","protected":false},"author":1,"featured_media":4086,"comment_status":"open","ping_status":"open","sticky":false,"template":"","format":"standard","meta":{"footnotes":""},"categories":[31],"tags":[],"class_list":["post-4092","post","type-post","status-publish","format-standard","has-post-thumbnail","hentry","category-magdalena-2014"],"_links":{"self":[{"href":"https:\/\/sequiol.es\/es\/wp-json\/wp\/v2\/posts\/4092","targetHints":{"allow":["GET"]}}],"collection":[{"href":"https:\/\/sequiol.es\/es\/wp-json\/wp\/v2\/posts"}],"about":[{"href":"https:\/\/sequiol.es\/es\/wp-json\/wp\/v2\/types\/post"}],"author":[{"embeddable":true,"href":"https:\/\/sequiol.es\/es\/wp-json\/wp\/v2\/users\/1"}],"replies":[{"embeddable":true,"href":"https:\/\/sequiol.es\/es\/wp-json\/wp\/v2\/comments?post=4092"}],"version-history":[{"count":3,"href":"https:\/\/sequiol.es\/es\/wp-json\/wp\/v2\/posts\/4092\/revisions"}],"predecessor-version":[{"id":4114,"href":"https:\/\/sequiol.es\/es\/wp-json\/wp\/v2\/posts\/4092\/revisions\/4114"}],"wp:featuredmedia":[{"embeddable":true,"href":"https:\/\/sequiol.es\/es\/wp-json\/wp\/v2\/media\/4086"}],"wp:attachment":[{"href":"https:\/\/sequiol.es\/es\/wp-json\/wp\/v2\/media?parent=4092"}],"wp:term":[{"taxonomy":"category","embeddable":true,"href":"https:\/\/sequiol.es\/es\/wp-json\/wp\/v2\/categories?post=4092"},{"taxonomy":"post_tag","embeddable":true,"href":"https:\/\/sequiol.es\/es\/wp-json\/wp\/v2\/tags?post=4092"}],"curies":[{"name":"wp","href":"https:\/\/api.w.org\/{rel}","templated":true}]}}