{"id":34726,"date":"2017-04-25T22:40:27","date_gmt":"2017-04-25T20:40:27","guid":{"rendered":"http:\/\/sequiol.es\/?p=34726\/"},"modified":"2017-05-10T22:45:30","modified_gmt":"2017-05-10T20:45:30","slug":"procesion-de-san-vicente-en-valencia","status":"publish","type":"post","link":"https:\/\/sequiol.es\/es\/procesion-de-san-vicente-en-valencia\/","title":{"rendered":"Procesi\u00f3n de San Vicente en Valencia"},"content":{"rendered":"<p>Valencia celebra el segundo lunes de Pascua la festividad de San Vicente Ferrer, uno de los patronos de la ciudad y reconocido como la mayor fuente de milagros de la Iglesia y uno de los pol\u00edticos, te\u00f3logos, intelectuales y fil\u00f3sofos m\u00e1s influyentes de su \u00e9poca. La Junta Central Vicentina organiza los actos de fiestas que conmemoran al santo, protagonizados por los famosos altares vicentinos que se encuentran tanto en Valencia como en otros municipios de alrededor.<\/p>\n<p>As\u00ed, Valencia celebra la festividad de San Vicente Ferrer con actos de homenaje y una procesi\u00f3n c\u00edvica hasta la casa natalicia del predicador dominico.<\/p>\n<p>Fruto del hermanamiento que este a\u00f1o ha unido a la Falla de les Arts de Valencia y a la Gaiata 15 Sequiol, el lunes de San Vicente los m\u00e1ximos representantes sequioleros, Beatriz, Teresa y Marcos, acudieron a la capital del Turia para acompa\u00f1ar a la Falla amiga en la procesi\u00f3n que la Ciudad celebra en honor de su Patr\u00f3n.<\/p>\n<p>Un acto al que hasta ahora la Gaiata 15 no hab\u00eda tenido la oportunidad de acudir, y que result\u00f3 ser verdaderamente entra\u00f1able. C\u00f3mo no, nuestros m\u00e1ximos representantes fueron exquisitamente recibidos por los amigos de la Falla les Arts de Valencia.<\/p>\n<p>&nbsp;<\/p>\n<p>&nbsp;<\/p>\n<div id=\"sequiol\" class=\"galeria-diapositivas\">\r\n\t<div class=\"slideshow_container slideshow_container_style-light\" style=\"height: 400px; \" data-slideshow-id=\"34727\" data-style-name=\"style-light\" data-style-version=\"2.3.1\" >\r\n\r\n\t\t\t\t\t<div class=\"slideshow_loading_icon\"><\/div>\r\n\t\t\r\n\t\t<div class=\"slideshow_content\" style=\"display: none;\">\r\n\r\n\t\t\t<div class=\"slideshow_view\">\r\n\t\t\t\t<div class=\"slideshow_slide slideshow_slide_image\">\r\n\t\t\t\t\t\t\t\t\t\t\t<img src=\"https:\/\/sequiol.es\/wp-content\/uploads\/2017\/05\/170424-ofrenda-san-vicente-4663.jpg\" alt=\"170424-ofrenda-san-vicente-4663\" width=\"900\" height=\"1600\" \/>\r\n\t\t\t\t\t\t\t\t\t\t<div class=\"slideshow_description_box slideshow_transparent\">\r\n\t\t\t\t\t\t<div class=\"slideshow_title\">170424-ofrenda-san-vicente-4663<\/div>\t\t\t\t\t\t\t\t\t\t\t<\/div>\r\n\t\t\t\t<\/div>\r\n\r\n\t\t\t\t\t\t<div style=\"clear: both;\"><\/div><\/div><div class=\"slideshow_view\">\r\n\t\t\t\t<div class=\"slideshow_slide slideshow_slide_image\">\r\n\t\t\t\t\t\t\t\t\t\t\t<img src=\"https:\/\/sequiol.es\/wp-content\/uploads\/2017\/05\/170424-ofrenda-san-vicente-4664.jpg\" alt=\"170424-ofrenda-san-vicente-4664\" width=\"900\" height=\"1600\" \/>\r\n\t\t\t\t\t\t\t\t\t\t<div class=\"slideshow_description_box slideshow_transparent\">\r\n\t\t\t\t\t\t<div class=\"slideshow_title\">170424-ofrenda-san-vicente-4664<\/div>\t\t\t\t\t\t\t\t\t\t\t<\/div>\r\n\t\t\t\t<\/div>\r\n\r\n\t\t\t\t\t\t<div style=\"clear: both;\"><\/div><\/div><div class=\"slideshow_view\">\r\n\t\t\t\t<div class=\"slideshow_slide slideshow_slide_image\">\r\n\t\t\t\t\t\t\t\t\t\t\t<img src=\"https:\/\/sequiol.es\/wp-content\/uploads\/2017\/05\/170424-ofrenda-san-vicente-4665.jpg\" alt=\"170424-ofrenda-san-vicente-4665\" width=\"1600\" height=\"900\" \/>\r\n\t\t\t\t\t\t\t\t\t\t<div class=\"slideshow_description_box slideshow_transparent\">\r\n\t\t\t\t\t\t<div class=\"slideshow_title\">170424-ofrenda-san-vicente-4665<\/div>\t\t\t\t\t\t\t\t\t\t\t<\/div>\r\n\t\t\t\t<\/div>\r\n\r\n\t\t\t\t\t\t<div style=\"clear: both;\"><\/div><\/div><div class=\"slideshow_view\">\r\n\t\t\t\t<div class=\"slideshow_slide slideshow_slide_image\">\r\n\t\t\t\t\t\t\t\t\t\t\t<img src=\"https:\/\/sequiol.es\/wp-content\/uploads\/2017\/05\/170424-ofrenda-san-vicente-4666.jpg\" alt=\"170424-ofrenda-san-vicente-4666\" width=\"1600\" height=\"900\" \/>\r\n\t\t\t\t\t\t\t\t\t\t<div class=\"slideshow_description_box slideshow_transparent\">\r\n\t\t\t\t\t\t<div class=\"slideshow_title\">170424-ofrenda-san-vicente-4666<\/div>\t\t\t\t\t\t\t\t\t\t\t<\/div>\r\n\t\t\t\t<\/div>\r\n\r\n\t\t\t\t\t\t<div style=\"clear: both;\"><\/div><\/div><div class=\"slideshow_view\">\r\n\t\t\t\t<div class=\"slideshow_slide slideshow_slide_image\">\r\n\t\t\t\t\t\t\t\t\t\t\t<img src=\"https:\/\/sequiol.es\/wp-content\/uploads\/2017\/05\/170424-ofrenda-san-vicente-4670.jpg\" alt=\"170424-ofrenda-san-vicente-4670\" width=\"1600\" height=\"900\" \/>\r\n\t\t\t\t\t\t\t\t\t\t<div class=\"slideshow_description_box slideshow_transparent\">\r\n\t\t\t\t\t\t<div class=\"slideshow_title\">170424-ofrenda-san-vicente-4670<\/div>\t\t\t\t\t\t\t\t\t\t\t<\/div>\r\n\t\t\t\t<\/div>\r\n\r\n\t\t\t\t\t\t<div style=\"clear: both;\"><\/div><\/div><div class=\"slideshow_view\">\r\n\t\t\t\t<div class=\"slideshow_slide slideshow_slide_image\">\r\n\t\t\t\t\t\t\t\t\t\t\t<img src=\"https:\/\/sequiol.es\/wp-content\/uploads\/2017\/05\/170424-ofrenda-san-vicente-4671.jpg\" alt=\"170424-ofrenda-san-vicente-4671\" width=\"900\" height=\"1600\" \/>\r\n\t\t\t\t\t\t\t\t\t\t<div class=\"slideshow_description_box slideshow_transparent\">\r\n\t\t\t\t\t\t<div class=\"slideshow_title\">170424-ofrenda-san-vicente-4671<\/div>\t\t\t\t\t\t\t\t\t\t\t<\/div>\r\n\t\t\t\t<\/div>\r\n\r\n\t\t\t\t\t\t<div style=\"clear: both;\"><\/div><\/div><div class=\"slideshow_view\">\r\n\t\t\t\t<div class=\"slideshow_slide slideshow_slide_image\">\r\n\t\t\t\t\t\t\t\t\t\t\t<img src=\"https:\/\/sequiol.es\/wp-content\/uploads\/2017\/05\/170424-ofrenda-san-vicente-4672.jpg\" alt=\"170424-ofrenda-san-vicente-4672\" width=\"900\" height=\"1600\" \/>\r\n\t\t\t\t\t\t\t\t\t\t<div class=\"slideshow_description_box slideshow_transparent\">\r\n\t\t\t\t\t\t<div class=\"slideshow_title\">170424-ofrenda-san-vicente-4672<\/div>\t\t\t\t\t\t\t\t\t\t\t<\/div>\r\n\t\t\t\t<\/div>\r\n\r\n\t\t\t\t\t\t<div style=\"clear: both;\"><\/div><\/div>\r\n\t\t<\/div>\r\n\r\n\t\t<div class=\"slideshow_controlPanel slideshow_transparent\" style=\"display: none;\"><ul><li class=\"slideshow_togglePlay\" data-play-text=\"Play\" data-pause-text=\"Pause\"><\/li><\/ul><\/div>\r\n\r\n\t\t<div class=\"slideshow_button slideshow_previous slideshow_transparent\" role=\"button\" data-previous-text=\"Previous\" style=\"display: none;\"><\/div>\r\n\t\t<div class=\"slideshow_button slideshow_next slideshow_transparent\" role=\"button\" data-next-text=\"Next\" style=\"display: none;\"><\/div>\r\n\r\n\t\t<div class=\"slideshow_pagination\" style=\"display: none;\" data-go-to-text=\"Go to slide\"><div class=\"slideshow_pagination_center\"><\/div><\/div>\r\n\r\n\t\t<!-- WordPress Slideshow Version 2.3.1 -->\r\n\r\n\t\t\t<\/div>\r\n\r\n<\/div>\n<p style=\"text-align: center;\"><small>Fotos cortes\u00eda de A.C. Gaiata 15 \u00abSequiol\u00bb<\/small><\/p>\n","protected":false},"excerpt":{"rendered":"<p>Valencia celebra el segundo lunes de Pascua la festividad de San Vicente Ferrer, uno de los patronos de la ciudad y reconocido como la mayor fuente de milagros de la Iglesia y uno de los pol\u00edticos, te\u00f3logos, intelectuales y fil\u00f3sofos m\u00e1s influyentes de su \u00e9poca. La Junta Central Vicentina organiza los actos de fiestas que [&hellip;]<\/p>\n","protected":false},"author":1,"featured_media":34728,"comment_status":"open","ping_status":"open","sticky":false,"template":"","format":"standard","meta":{"footnotes":""},"categories":[108],"tags":[],"class_list":["post-34726","post","type-post","status-publish","format-standard","has-post-thumbnail","hentry","category-magdalena-2017"],"_links":{"self":[{"href":"https:\/\/sequiol.es\/es\/wp-json\/wp\/v2\/posts\/34726","targetHints":{"allow":["GET"]}}],"collection":[{"href":"https:\/\/sequiol.es\/es\/wp-json\/wp\/v2\/posts"}],"about":[{"href":"https:\/\/sequiol.es\/es\/wp-json\/wp\/v2\/types\/post"}],"author":[{"embeddable":true,"href":"https:\/\/sequiol.es\/es\/wp-json\/wp\/v2\/users\/1"}],"replies":[{"embeddable":true,"href":"https:\/\/sequiol.es\/es\/wp-json\/wp\/v2\/comments?post=34726"}],"version-history":[{"count":1,"href":"https:\/\/sequiol.es\/es\/wp-json\/wp\/v2\/posts\/34726\/revisions"}],"predecessor-version":[{"id":34752,"href":"https:\/\/sequiol.es\/es\/wp-json\/wp\/v2\/posts\/34726\/revisions\/34752"}],"wp:featuredmedia":[{"embeddable":true,"href":"https:\/\/sequiol.es\/es\/wp-json\/wp\/v2\/media\/34728"}],"wp:attachment":[{"href":"https:\/\/sequiol.es\/es\/wp-json\/wp\/v2\/media?parent=34726"}],"wp:term":[{"taxonomy":"category","embeddable":true,"href":"https:\/\/sequiol.es\/es\/wp-json\/wp\/v2\/categories?post=34726"},{"taxonomy":"post_tag","embeddable":true,"href":"https:\/\/sequiol.es\/es\/wp-json\/wp\/v2\/tags?post=34726"}],"curies":[{"name":"wp","href":"https:\/\/api.w.org\/{rel}","templated":true}]}}