{"id":2495,"date":"2014-09-15T22:37:29","date_gmt":"2014-09-15T20:37:29","guid":{"rendered":"http:\/\/sequiol.es\/?p=2495"},"modified":"2014-09-18T23:00:49","modified_gmt":"2014-09-18T21:00:49","slug":"ii-aniversario-asociacion-de-pesca-gregal","status":"publish","type":"post","link":"https:\/\/sequiol.es\/es\/ii-aniversario-asociacion-de-pesca-gregal\/","title":{"rendered":"II Aniversario Asociaci\u00f3n de Pesca \u00abGregal\u00bb"},"content":{"rendered":"<p>En el empe\u00f1o de dotar a nuestra Asociaci\u00f3n Cultural del mayor n\u00famero de actividades posibles y en la ardua tarea de traspasar m\u00e1s all\u00e1 las fronteras de lo meramente institucional para el que fue creada, es decir, m\u00e1s all\u00e1 de organizar la semana de fiestas de la Magdalena y crear nuestro monumento gaiatero, siguiendo esa l\u00ednea, esas directrices marcadas, el pasado s\u00e1bado d\u00eda 13 de Septiembre, en el interior del puerto pesquero, fuimos invitados por la Asociaci\u00f3n de pesca el Gregal al acto de II Aniversario.<\/p>\n<p>A dicho acto acudimos con la escuela de Dol\u00e7aina i tabal y una amplia representaci\u00f3n de nuestra Asociaci\u00f3n Cultural, al frente de la misma, la presidenta Elisabeth y nuestros cargos 2015, Estefan\u00eda, Maria y Xavi.<\/p>\n<p>Tras diversos parlamentos recibimos una placa conmemorativa y el deseo de poder contar como una actividad m\u00e1s de nuestra Asociaci\u00f3n, el inicio al deporte de la pesca<\/p>\n<p>Posteriormente fuimos invitados a la merienda que dio paso a la competici\u00f3n con la celebraci\u00f3n del I Memorial Fernando Araujo en la que participaron los miembros de la Gaiata y componentes del Gregal, Javi Rodr\u00edguez, Armando y Bartolom\u00e9.<\/p>\n<p>&nbsp;<\/p>\n<div id=\"galeria-1\" class=\"galeria-diapositivas\">\r\n\t<div class=\"slideshow_container slideshow_container_style-light\" style=\"height: 400px; \" data-slideshow-id=\"2513\" data-style-name=\"style-light\" data-style-version=\"2.3.1\" >\r\n\r\n\t\t\t\t\t<div class=\"slideshow_loading_icon\"><\/div>\r\n\t\t\r\n\t\t<div class=\"slideshow_content\" style=\"display: none;\">\r\n\r\n\t\t\t<div class=\"slideshow_view\">\r\n\t\t\t\t<div class=\"slideshow_slide slideshow_slide_image\">\r\n\t\t\t\t\t\t\t\t\t\t\t<img src=\"https:\/\/sequiol.es\/wp-content\/uploads\/2014\/09\/140914-gregal-000.jpg\" alt=\"140914-gregal-000\" width=\"1032\" height=\"581\" \/>\r\n\t\t\t\t\t\t\t\t\t\t<div class=\"slideshow_description_box slideshow_transparent\">\r\n\t\t\t\t\t\t<div class=\"slideshow_title\">140914-gregal-000<\/div>\t\t\t\t\t\t\t\t\t\t\t<\/div>\r\n\t\t\t\t<\/div>\r\n\r\n\t\t\t\t\t\t<div style=\"clear: both;\"><\/div><\/div><div class=\"slideshow_view\">\r\n\t\t\t\t<div class=\"slideshow_slide slideshow_slide_image\">\r\n\t\t\t\t\t\t\t\t\t\t\t<img src=\"https:\/\/sequiol.es\/wp-content\/uploads\/2014\/09\/140914-gregal-001.jpg\" alt=\"140914-gregal-001\" width=\"1032\" height=\"581\" \/>\r\n\t\t\t\t\t\t\t\t\t\t<div class=\"slideshow_description_box slideshow_transparent\">\r\n\t\t\t\t\t\t<div class=\"slideshow_title\">140914-gregal-001<\/div>\t\t\t\t\t\t\t\t\t\t\t<\/div>\r\n\t\t\t\t<\/div>\r\n\r\n\t\t\t\t\t\t<div style=\"clear: both;\"><\/div><\/div><div class=\"slideshow_view\">\r\n\t\t\t\t<div class=\"slideshow_slide slideshow_slide_image\">\r\n\t\t\t\t\t\t\t\t\t\t\t<img src=\"https:\/\/sequiol.es\/wp-content\/uploads\/2014\/09\/140914-gregal-002.jpg\" alt=\"140914-gregal-002\" width=\"1032\" height=\"581\" \/>\r\n\t\t\t\t\t\t\t\t\t\t<div class=\"slideshow_description_box slideshow_transparent\">\r\n\t\t\t\t\t\t<div class=\"slideshow_title\">140914-gregal-002<\/div>\t\t\t\t\t\t\t\t\t\t\t<\/div>\r\n\t\t\t\t<\/div>\r\n\r\n\t\t\t\t\t\t<div style=\"clear: both;\"><\/div><\/div><div class=\"slideshow_view\">\r\n\t\t\t\t<div class=\"slideshow_slide slideshow_slide_image\">\r\n\t\t\t\t\t\t\t\t\t\t\t<img src=\"https:\/\/sequiol.es\/wp-content\/uploads\/2014\/09\/140914-gregal-003.jpg\" alt=\"140914-gregal-003\" width=\"1032\" height=\"581\" \/>\r\n\t\t\t\t\t\t\t\t\t\t<div class=\"slideshow_description_box slideshow_transparent\">\r\n\t\t\t\t\t\t<div class=\"slideshow_title\">140914-gregal-003<\/div>\t\t\t\t\t\t\t\t\t\t\t<\/div>\r\n\t\t\t\t<\/div>\r\n\r\n\t\t\t\t\t\t<div style=\"clear: both;\"><\/div><\/div><div class=\"slideshow_view\">\r\n\t\t\t\t<div class=\"slideshow_slide slideshow_slide_image\">\r\n\t\t\t\t\t\t\t\t\t\t\t<img src=\"https:\/\/sequiol.es\/wp-content\/uploads\/2014\/09\/140914-gregal-004.jpg\" alt=\"140914-gregal-004\" width=\"1032\" height=\"581\" \/>\r\n\t\t\t\t\t\t\t\t\t\t<div class=\"slideshow_description_box slideshow_transparent\">\r\n\t\t\t\t\t\t<div class=\"slideshow_title\">140914-gregal-004<\/div>\t\t\t\t\t\t\t\t\t\t\t<\/div>\r\n\t\t\t\t<\/div>\r\n\r\n\t\t\t\t\t\t<div style=\"clear: both;\"><\/div><\/div><div class=\"slideshow_view\">\r\n\t\t\t\t<div class=\"slideshow_slide slideshow_slide_image\">\r\n\t\t\t\t\t\t\t\t\t\t\t<img src=\"https:\/\/sequiol.es\/wp-content\/uploads\/2014\/09\/140914-gregal-005.jpg\" alt=\"140914-gregal-005\" width=\"1032\" height=\"581\" \/>\r\n\t\t\t\t\t\t\t\t\t\t<div class=\"slideshow_description_box slideshow_transparent\">\r\n\t\t\t\t\t\t<div class=\"slideshow_title\">140914-gregal-005<\/div>\t\t\t\t\t\t\t\t\t\t\t<\/div>\r\n\t\t\t\t<\/div>\r\n\r\n\t\t\t\t\t\t<div style=\"clear: both;\"><\/div><\/div><div class=\"slideshow_view\">\r\n\t\t\t\t<div class=\"slideshow_slide slideshow_slide_image\">\r\n\t\t\t\t\t\t\t\t\t\t\t<img src=\"https:\/\/sequiol.es\/wp-content\/uploads\/2014\/09\/140914-gregal-006.jpg\" alt=\"140914-gregal-006\" width=\"1032\" height=\"581\" \/>\r\n\t\t\t\t\t\t\t\t\t\t<div class=\"slideshow_description_box slideshow_transparent\">\r\n\t\t\t\t\t\t<div class=\"slideshow_title\">140914-gregal-006<\/div>\t\t\t\t\t\t\t\t\t\t\t<\/div>\r\n\t\t\t\t<\/div>\r\n\r\n\t\t\t\t\t\t<div style=\"clear: both;\"><\/div><\/div><div class=\"slideshow_view\">\r\n\t\t\t\t<div class=\"slideshow_slide slideshow_slide_image\">\r\n\t\t\t\t\t\t\t\t\t\t\t<img src=\"https:\/\/sequiol.es\/wp-content\/uploads\/2014\/09\/140914-gregal-007.jpg\" alt=\"140914-gregal-007\" width=\"1032\" height=\"581\" \/>\r\n\t\t\t\t\t\t\t\t\t\t<div class=\"slideshow_description_box slideshow_transparent\">\r\n\t\t\t\t\t\t<div class=\"slideshow_title\">140914-gregal-007<\/div>\t\t\t\t\t\t\t\t\t\t\t<\/div>\r\n\t\t\t\t<\/div>\r\n\r\n\t\t\t\t\t\t<div style=\"clear: both;\"><\/div><\/div>\r\n\t\t<\/div>\r\n\r\n\t\t<div class=\"slideshow_controlPanel slideshow_transparent\" style=\"display: none;\"><ul><li class=\"slideshow_togglePlay\" data-play-text=\"Play\" data-pause-text=\"Pause\"><\/li><\/ul><\/div>\r\n\r\n\t\t<div class=\"slideshow_button slideshow_previous slideshow_transparent\" role=\"button\" data-previous-text=\"Previous\" style=\"display: none;\"><\/div>\r\n\t\t<div class=\"slideshow_button slideshow_next slideshow_transparent\" role=\"button\" data-next-text=\"Next\" style=\"display: none;\"><\/div>\r\n\r\n\t\t<div class=\"slideshow_pagination\" style=\"display: none;\" data-go-to-text=\"Go to slide\"><div class=\"slideshow_pagination_center\"><\/div><\/div>\r\n\r\n\t\t<!-- WordPress Slideshow Version 2.3.1 -->\r\n\r\n\t\t\t<\/div>\r\n\r\n<\/div>\n<p>&nbsp;<\/p>\n<p>Podeis ver la noticia en <a href=\"http:\/\/laplanaaldia.com\/castello\/noticias\/111328\/el-club-pesca-el-gregal-celebra-su-segundo-aniversario\" target=\"_blank\">\u00abLa Plana al d\u00eda\u00bb<\/a>.<\/p>\n","protected":false},"excerpt":{"rendered":"<p>En el empe\u00f1o de dotar a nuestra Asociaci\u00f3n Cultural del mayor n\u00famero de actividades posibles y en la ardua tarea de traspasar m\u00e1s all\u00e1 las fronteras de lo meramente institucional para el que fue creada, es decir, m\u00e1s all\u00e1 de organizar la semana de fiestas de la Magdalena y crear nuestro monumento gaiatero, siguiendo esa [&hellip;]<\/p>\n","protected":false},"author":1,"featured_media":2510,"comment_status":"open","ping_status":"open","sticky":false,"template":"","format":"standard","meta":{"footnotes":""},"categories":[5],"tags":[],"class_list":["post-2495","post","type-post","status-publish","format-standard","has-post-thumbnail","hentry","category-magdalena-2015"],"_links":{"self":[{"href":"https:\/\/sequiol.es\/es\/wp-json\/wp\/v2\/posts\/2495","targetHints":{"allow":["GET"]}}],"collection":[{"href":"https:\/\/sequiol.es\/es\/wp-json\/wp\/v2\/posts"}],"about":[{"href":"https:\/\/sequiol.es\/es\/wp-json\/wp\/v2\/types\/post"}],"author":[{"embeddable":true,"href":"https:\/\/sequiol.es\/es\/wp-json\/wp\/v2\/users\/1"}],"replies":[{"embeddable":true,"href":"https:\/\/sequiol.es\/es\/wp-json\/wp\/v2\/comments?post=2495"}],"version-history":[{"count":4,"href":"https:\/\/sequiol.es\/es\/wp-json\/wp\/v2\/posts\/2495\/revisions"}],"predecessor-version":[{"id":2569,"href":"https:\/\/sequiol.es\/es\/wp-json\/wp\/v2\/posts\/2495\/revisions\/2569"}],"wp:featuredmedia":[{"embeddable":true,"href":"https:\/\/sequiol.es\/es\/wp-json\/wp\/v2\/media\/2510"}],"wp:attachment":[{"href":"https:\/\/sequiol.es\/es\/wp-json\/wp\/v2\/media?parent=2495"}],"wp:term":[{"taxonomy":"category","embeddable":true,"href":"https:\/\/sequiol.es\/es\/wp-json\/wp\/v2\/categories?post=2495"},{"taxonomy":"post_tag","embeddable":true,"href":"https:\/\/sequiol.es\/es\/wp-json\/wp\/v2\/tags?post=2495"}],"curies":[{"name":"wp","href":"https:\/\/api.w.org\/{rel}","templated":true}]}}