{"id":16109,"date":"2015-12-22T20:14:53","date_gmt":"2015-12-22T19:14:53","guid":{"rendered":"http:\/\/sequiol.es\/?p=16109"},"modified":"2020-01-17T19:19:33","modified_gmt":"2020-01-17T18:19:33","slug":"2016-inauguracion-belen-sequioler","status":"publish","type":"post","link":"https:\/\/sequiol.es\/es\/2016-inauguracion-belen-sequioler\/","title":{"rendered":"Inauguraci\u00f3n Bel\u00e9n sequioler"},"content":{"rendered":"<p>Corr\u00eda el a\u00f1o 1999, cuando nuestra comisi\u00f3n del Sequiol, decidi\u00f3 crear una nueva actividad, la confecci\u00f3n y montaje de un Bel\u00e9n monumental que adornara la entrada al cau durante las fiestas navide\u00f1as y entrara en el concurso de Belenes monumentales que organiza el Ayuntamiento de Castell\u00f3n y que se celebra en nuestra ciudad, como es l\u00f3gico, durante las fiestas navide\u00f1as.<\/p>\n<p>Por ello, como cada a\u00f1o, despu\u00e9s de unos d\u00edas trabajando en la confecci\u00f3n y montaje del mismo, y una vez realizado y ya cercano las fechas navide\u00f1as, el lunes d\u00eda 21 de diciembre, se procedi\u00f3 a realizar en un acto entra\u00f1able, la inauguraci\u00f3n de nuestro Bel\u00e9n y que serv\u00eda de punto de partida de las fiestas Navide\u00f1as del a\u00f1o 2015.<\/p>\n<p>El acto cont\u00f3 con la asistencia y participaci\u00f3n de numerosos miembros del Sequiol y como no, de nuestros cargos 2016 Ana, Balma y Carlos que juntamente procedieron a la tradicional inauguraci\u00f3n del Belen 2015<\/p>\n<p>Como cada a\u00f1o, el Bel\u00e9n permanecer\u00eda abierto todos los d\u00edas para que los vecinos y amigos puedan visitarlo y contemplar el trabajo realizado por los miembros del Sequiol y esperamos como cada a\u00f1o, optar a uno de los premios.<\/p>\n<p>&nbsp;<\/p>\n<div id=\"sequiol\" class=\"galeria-diapositivas\">\r\n\t<div class=\"slideshow_container slideshow_container_style-light\" style=\"height: 400px; \" data-slideshow-id=\"15726\" data-style-name=\"style-light\" data-style-version=\"2.3.1\" >\r\n\r\n\t\t\t\t\t<div class=\"slideshow_loading_icon\"><\/div>\r\n\t\t\r\n\t\t<div class=\"slideshow_content\" style=\"display: none;\">\r\n\r\n\t\t\t<div class=\"slideshow_view\">\r\n\t\t\t\t<div class=\"slideshow_slide slideshow_slide_image\">\r\n\t\t\t\t\t\t\t\t\t\t\t<img src=\"https:\/\/sequiol.es\/wp-content\/uploads\/2016\/01\/151221-inauguracion-belen-2751.jpg\" alt=\"151221-inauguracion-belen-2751\" width=\"1200\" height=\"675\" \/>\r\n\t\t\t\t\t\t\t\t\t\t<div class=\"slideshow_description_box slideshow_transparent\">\r\n\t\t\t\t\t\t<div class=\"slideshow_title\">151221-inauguracion-belen-2751<\/div>\t\t\t\t\t\t\t\t\t\t\t<\/div>\r\n\t\t\t\t<\/div>\r\n\r\n\t\t\t\t\t\t<div style=\"clear: both;\"><\/div><\/div><div class=\"slideshow_view\">\r\n\t\t\t\t<div class=\"slideshow_slide slideshow_slide_image\">\r\n\t\t\t\t\t\t\t\t\t\t\t<img src=\"https:\/\/sequiol.es\/wp-content\/uploads\/2016\/01\/151221-inauguracion-belen-2756.jpg\" alt=\"151221-inauguracion-belen-2756\" width=\"1200\" height=\"675\" \/>\r\n\t\t\t\t\t\t\t\t\t\t<div class=\"slideshow_description_box slideshow_transparent\">\r\n\t\t\t\t\t\t<div class=\"slideshow_title\">151221-inauguracion-belen-2756<\/div>\t\t\t\t\t\t\t\t\t\t\t<\/div>\r\n\t\t\t\t<\/div>\r\n\r\n\t\t\t\t\t\t<div style=\"clear: both;\"><\/div><\/div><div class=\"slideshow_view\">\r\n\t\t\t\t<div class=\"slideshow_slide slideshow_slide_image\">\r\n\t\t\t\t\t\t\t\t\t\t\t<img src=\"https:\/\/sequiol.es\/wp-content\/uploads\/2016\/01\/151221-inauguracion-belen-2809.jpg\" alt=\"151221-inauguracion-belen-2809\" width=\"1200\" height=\"675\" \/>\r\n\t\t\t\t\t\t\t\t\t\t<div class=\"slideshow_description_box slideshow_transparent\">\r\n\t\t\t\t\t\t<div class=\"slideshow_title\">151221-inauguracion-belen-2809<\/div>\t\t\t\t\t\t\t\t\t\t\t<\/div>\r\n\t\t\t\t<\/div>\r\n\r\n\t\t\t\t\t\t<div style=\"clear: both;\"><\/div><\/div><div class=\"slideshow_view\">\r\n\t\t\t\t<div class=\"slideshow_slide slideshow_slide_image\">\r\n\t\t\t\t\t\t\t\t\t\t\t<img src=\"https:\/\/sequiol.es\/wp-content\/uploads\/2016\/01\/151221-inauguracion-belen-2913.jpg\" alt=\"151221-inauguracion-belen-2913\" width=\"675\" height=\"1200\" \/>\r\n\t\t\t\t\t\t\t\t\t\t<div class=\"slideshow_description_box slideshow_transparent\">\r\n\t\t\t\t\t\t<div class=\"slideshow_title\">151221-inauguracion-belen-2913<\/div>\t\t\t\t\t\t\t\t\t\t\t<\/div>\r\n\t\t\t\t<\/div>\r\n\r\n\t\t\t\t\t\t<div style=\"clear: both;\"><\/div><\/div><div class=\"slideshow_view\">\r\n\t\t\t\t<div class=\"slideshow_slide slideshow_slide_image\">\r\n\t\t\t\t\t\t\t\t\t\t\t<img src=\"https:\/\/sequiol.es\/wp-content\/uploads\/2016\/01\/151221-inauguracion-belen-2921.jpg\" alt=\"151221-inauguracion-belen-2921\" width=\"1200\" height=\"675\" \/>\r\n\t\t\t\t\t\t\t\t\t\t<div class=\"slideshow_description_box slideshow_transparent\">\r\n\t\t\t\t\t\t<div class=\"slideshow_title\">151221-inauguracion-belen-2921<\/div>\t\t\t\t\t\t\t\t\t\t\t<\/div>\r\n\t\t\t\t<\/div>\r\n\r\n\t\t\t\t\t\t<div style=\"clear: both;\"><\/div><\/div><div class=\"slideshow_view\">\r\n\t\t\t\t<div class=\"slideshow_slide slideshow_slide_image\">\r\n\t\t\t\t\t\t\t\t\t\t\t<img src=\"https:\/\/sequiol.es\/wp-content\/uploads\/2016\/01\/151221-inauguracion-belen-2926.jpg\" alt=\"151221-inauguracion-belen-2926\" width=\"1200\" height=\"675\" \/>\r\n\t\t\t\t\t\t\t\t\t\t<div class=\"slideshow_description_box slideshow_transparent\">\r\n\t\t\t\t\t\t<div class=\"slideshow_title\">151221-inauguracion-belen-2926<\/div>\t\t\t\t\t\t\t\t\t\t\t<\/div>\r\n\t\t\t\t<\/div>\r\n\r\n\t\t\t\t\t\t<div style=\"clear: both;\"><\/div><\/div><div class=\"slideshow_view\">\r\n\t\t\t\t<div class=\"slideshow_slide slideshow_slide_image\">\r\n\t\t\t\t\t\t\t\t\t\t\t<img src=\"https:\/\/sequiol.es\/wp-content\/uploads\/2016\/01\/151221-inauguracion-belen-3019.jpg\" alt=\"151221-inauguracion-belen-3019\" width=\"1200\" height=\"675\" \/>\r\n\t\t\t\t\t\t\t\t\t\t<div class=\"slideshow_description_box slideshow_transparent\">\r\n\t\t\t\t\t\t<div class=\"slideshow_title\">151221-inauguracion-belen-3019<\/div>\t\t\t\t\t\t\t\t\t\t\t<\/div>\r\n\t\t\t\t<\/div>\r\n\r\n\t\t\t\t\t\t<div style=\"clear: both;\"><\/div><\/div><div class=\"slideshow_view\">\r\n\t\t\t\t<div class=\"slideshow_slide slideshow_slide_image\">\r\n\t\t\t\t\t\t\t\t\t\t\t<img src=\"https:\/\/sequiol.es\/wp-content\/uploads\/2016\/01\/151221-inauguracion-belen-3023.jpg\" alt=\"151221-inauguracion-belen-3023\" width=\"1200\" height=\"675\" \/>\r\n\t\t\t\t\t\t\t\t\t\t<div class=\"slideshow_description_box slideshow_transparent\">\r\n\t\t\t\t\t\t<div class=\"slideshow_title\">151221-inauguracion-belen-3023<\/div>\t\t\t\t\t\t\t\t\t\t\t<\/div>\r\n\t\t\t\t<\/div>\r\n\r\n\t\t\t\t\t\t<div style=\"clear: both;\"><\/div><\/div><div class=\"slideshow_view\">\r\n\t\t\t\t<div class=\"slideshow_slide slideshow_slide_image\">\r\n\t\t\t\t\t\t\t\t\t\t\t<img src=\"https:\/\/sequiol.es\/wp-content\/uploads\/2016\/01\/151221-inauguracion-belen-3028.jpg\" alt=\"151221-inauguracion-belen-3028\" width=\"1200\" height=\"675\" \/>\r\n\t\t\t\t\t\t\t\t\t\t<div class=\"slideshow_description_box slideshow_transparent\">\r\n\t\t\t\t\t\t<div class=\"slideshow_title\">151221-inauguracion-belen-3028<\/div>\t\t\t\t\t\t\t\t\t\t\t<\/div>\r\n\t\t\t\t<\/div>\r\n\r\n\t\t\t\t\t\t<div style=\"clear: both;\"><\/div><\/div><div class=\"slideshow_view\">\r\n\t\t\t\t<div class=\"slideshow_slide slideshow_slide_image\">\r\n\t\t\t\t\t\t\t\t\t\t\t<img src=\"https:\/\/sequiol.es\/wp-content\/uploads\/2016\/01\/151221-inauguracion-belen-3055.jpg\" alt=\"151221-inauguracion-belen-3055\" width=\"1200\" height=\"675\" \/>\r\n\t\t\t\t\t\t\t\t\t\t<div class=\"slideshow_description_box slideshow_transparent\">\r\n\t\t\t\t\t\t<div class=\"slideshow_title\">151221-inauguracion-belen-3055<\/div>\t\t\t\t\t\t\t\t\t\t\t<\/div>\r\n\t\t\t\t<\/div>\r\n\r\n\t\t\t\t\t\t<div style=\"clear: both;\"><\/div><\/div><div class=\"slideshow_view\">\r\n\t\t\t\t<div class=\"slideshow_slide slideshow_slide_image\">\r\n\t\t\t\t\t\t\t\t\t\t\t<img src=\"https:\/\/sequiol.es\/wp-content\/uploads\/2016\/01\/151221-inauguracion-belen-3111.jpg\" alt=\"151221-inauguracion-belen-3111\" width=\"1200\" height=\"675\" \/>\r\n\t\t\t\t\t\t\t\t\t\t<div class=\"slideshow_description_box slideshow_transparent\">\r\n\t\t\t\t\t\t<div class=\"slideshow_title\">151221-inauguracion-belen-3111<\/div>\t\t\t\t\t\t\t\t\t\t\t<\/div>\r\n\t\t\t\t<\/div>\r\n\r\n\t\t\t\t\t\t<div style=\"clear: both;\"><\/div><\/div><div class=\"slideshow_view\">\r\n\t\t\t\t<div class=\"slideshow_slide slideshow_slide_image\">\r\n\t\t\t\t\t\t\t\t\t\t\t<img src=\"https:\/\/sequiol.es\/wp-content\/uploads\/2016\/01\/151221-inauguracion-belen-3205.jpg\" alt=\"151221-inauguracion-belen-3205\" width=\"1200\" height=\"675\" \/>\r\n\t\t\t\t\t\t\t\t\t\t<div class=\"slideshow_description_box slideshow_transparent\">\r\n\t\t\t\t\t\t<div class=\"slideshow_title\">151221-inauguracion-belen-3205<\/div>\t\t\t\t\t\t\t\t\t\t\t<\/div>\r\n\t\t\t\t<\/div>\r\n\r\n\t\t\t\t\t\t<div style=\"clear: both;\"><\/div><\/div><div class=\"slideshow_view\">\r\n\t\t\t\t<div class=\"slideshow_slide slideshow_slide_image\">\r\n\t\t\t\t\t\t\t\t\t\t\t<img src=\"https:\/\/sequiol.es\/wp-content\/uploads\/2016\/01\/151221-inauguracion-belen-3212.jpg\" alt=\"151221-inauguracion-belen-3212\" width=\"1200\" height=\"675\" \/>\r\n\t\t\t\t\t\t\t\t\t\t<div class=\"slideshow_description_box slideshow_transparent\">\r\n\t\t\t\t\t\t<div class=\"slideshow_title\">151221-inauguracion-belen-3212<\/div>\t\t\t\t\t\t\t\t\t\t\t<\/div>\r\n\t\t\t\t<\/div>\r\n\r\n\t\t\t\t\t\t<div style=\"clear: both;\"><\/div><\/div><div class=\"slideshow_view\">\r\n\t\t\t\t<div class=\"slideshow_slide slideshow_slide_image\">\r\n\t\t\t\t\t\t\t\t\t\t\t<img src=\"https:\/\/sequiol.es\/wp-content\/uploads\/2016\/01\/151221-inauguracion-belen-3400.jpg\" alt=\"151221-inauguracion-belen-3400\" width=\"1200\" height=\"675\" \/>\r\n\t\t\t\t\t\t\t\t\t\t<div class=\"slideshow_description_box slideshow_transparent\">\r\n\t\t\t\t\t\t<div class=\"slideshow_title\">151221-inauguracion-belen-3400<\/div>\t\t\t\t\t\t\t\t\t\t\t<\/div>\r\n\t\t\t\t<\/div>\r\n\r\n\t\t\t\t\t\t<div style=\"clear: both;\"><\/div><\/div><div class=\"slideshow_view\">\r\n\t\t\t\t<div class=\"slideshow_slide slideshow_slide_image\">\r\n\t\t\t\t\t\t\t\t\t\t\t<img src=\"https:\/\/sequiol.es\/wp-content\/uploads\/2016\/01\/151221-inauguracion-belen-3403.jpg\" alt=\"151221-inauguracion-belen-3403\" width=\"1200\" height=\"675\" \/>\r\n\t\t\t\t\t\t\t\t\t\t<div class=\"slideshow_description_box slideshow_transparent\">\r\n\t\t\t\t\t\t<div class=\"slideshow_title\">151221-inauguracion-belen-3403<\/div>\t\t\t\t\t\t\t\t\t\t\t<\/div>\r\n\t\t\t\t<\/div>\r\n\r\n\t\t\t\t\t\t<div style=\"clear: both;\"><\/div><\/div><div class=\"slideshow_view\">\r\n\t\t\t\t<div class=\"slideshow_slide slideshow_slide_image\">\r\n\t\t\t\t\t\t\t\t\t\t\t<img src=\"https:\/\/sequiol.es\/wp-content\/uploads\/2016\/01\/151221-inauguracion-belen-3409.jpg\" alt=\"151221-inauguracion-belen-3409\" width=\"1200\" height=\"675\" \/>\r\n\t\t\t\t\t\t\t\t\t\t<div class=\"slideshow_description_box slideshow_transparent\">\r\n\t\t\t\t\t\t<div class=\"slideshow_title\">151221-inauguracion-belen-3409<\/div>\t\t\t\t\t\t\t\t\t\t\t<\/div>\r\n\t\t\t\t<\/div>\r\n\r\n\t\t\t\t\t\t<div style=\"clear: both;\"><\/div><\/div><div class=\"slideshow_view\">\r\n\t\t\t\t<div class=\"slideshow_slide slideshow_slide_image\">\r\n\t\t\t\t\t\t\t\t\t\t\t<img src=\"https:\/\/sequiol.es\/wp-content\/uploads\/2016\/01\/151221-inauguracion-belen-3426.jpg\" alt=\"151221-inauguracion-belen-3426\" width=\"1200\" height=\"675\" \/>\r\n\t\t\t\t\t\t\t\t\t\t<div class=\"slideshow_description_box slideshow_transparent\">\r\n\t\t\t\t\t\t<div class=\"slideshow_title\">151221-inauguracion-belen-3426<\/div>\t\t\t\t\t\t\t\t\t\t\t<\/div>\r\n\t\t\t\t<\/div>\r\n\r\n\t\t\t\t\t\t<div style=\"clear: both;\"><\/div><\/div><div class=\"slideshow_view\">\r\n\t\t\t\t<div class=\"slideshow_slide slideshow_slide_image\">\r\n\t\t\t\t\t\t\t\t\t\t\t<img src=\"https:\/\/sequiol.es\/wp-content\/uploads\/2016\/01\/151221-inauguracion-belen-3428.jpg\" alt=\"151221-inauguracion-belen-3428\" width=\"1200\" height=\"675\" \/>\r\n\t\t\t\t\t\t\t\t\t\t<div class=\"slideshow_description_box slideshow_transparent\">\r\n\t\t\t\t\t\t<div class=\"slideshow_title\">151221-inauguracion-belen-3428<\/div>\t\t\t\t\t\t\t\t\t\t\t<\/div>\r\n\t\t\t\t<\/div>\r\n\r\n\t\t\t\t\t\t<div style=\"clear: both;\"><\/div><\/div><div class=\"slideshow_view\">\r\n\t\t\t\t<div class=\"slideshow_slide slideshow_slide_image\">\r\n\t\t\t\t\t\t\t\t\t\t\t<img src=\"https:\/\/sequiol.es\/wp-content\/uploads\/2016\/01\/151221-inauguracion-belen-4326.jpg\" alt=\"151221-inauguracion-belen-4326\" width=\"1200\" height=\"675\" \/>\r\n\t\t\t\t\t\t\t\t\t\t<div class=\"slideshow_description_box slideshow_transparent\">\r\n\t\t\t\t\t\t<div class=\"slideshow_title\">151221-inauguracion-belen-4326<\/div>\t\t\t\t\t\t\t\t\t\t\t<\/div>\r\n\t\t\t\t<\/div>\r\n\r\n\t\t\t\t\t\t<div style=\"clear: both;\"><\/div><\/div><div class=\"slideshow_view\">\r\n\t\t\t\t<div class=\"slideshow_slide slideshow_slide_image\">\r\n\t\t\t\t\t\t\t\t\t\t\t<img src=\"https:\/\/sequiol.es\/wp-content\/uploads\/2016\/01\/151221-inauguracion-belen-2724.jpg\" alt=\"151221-inauguracion-belen-2724\" width=\"1200\" height=\"675\" \/>\r\n\t\t\t\t\t\t\t\t\t\t<div class=\"slideshow_description_box slideshow_transparent\">\r\n\t\t\t\t\t\t<div class=\"slideshow_title\">151221-inauguracion-belen-2724<\/div>\t\t\t\t\t\t\t\t\t\t\t<\/div>\r\n\t\t\t\t<\/div>\r\n\r\n\t\t\t\t\t\t<div style=\"clear: both;\"><\/div><\/div><div class=\"slideshow_view\">\r\n\t\t\t\t<div class=\"slideshow_slide slideshow_slide_image\">\r\n\t\t\t\t\t\t\t\t\t\t\t<img src=\"https:\/\/sequiol.es\/wp-content\/uploads\/2016\/01\/151221-inauguracion-belen-2747.jpg\" alt=\"151221-inauguracion-belen-2747\" width=\"1200\" height=\"675\" \/>\r\n\t\t\t\t\t\t\t\t\t\t<div class=\"slideshow_description_box slideshow_transparent\">\r\n\t\t\t\t\t\t<div class=\"slideshow_title\">151221-inauguracion-belen-2747<\/div>\t\t\t\t\t\t\t\t\t\t\t<\/div>\r\n\t\t\t\t<\/div>\r\n\r\n\t\t\t\t\t\t<div style=\"clear: both;\"><\/div><\/div>\r\n\t\t<\/div>\r\n\r\n\t\t<div class=\"slideshow_controlPanel slideshow_transparent\" style=\"display: none;\"><ul><li class=\"slideshow_togglePlay\" data-play-text=\"Play\" data-pause-text=\"Pause\"><\/li><\/ul><\/div>\r\n\r\n\t\t<div class=\"slideshow_button slideshow_previous slideshow_transparent\" role=\"button\" data-previous-text=\"Previous\" style=\"display: none;\"><\/div>\r\n\t\t<div class=\"slideshow_button slideshow_next slideshow_transparent\" role=\"button\" data-next-text=\"Next\" style=\"display: none;\"><\/div>\r\n\r\n\t\t<div class=\"slideshow_pagination\" style=\"display: none;\" data-go-to-text=\"Go to slide\"><div class=\"slideshow_pagination_center\"><\/div><\/div>\r\n\r\n\t\t<!-- WordPress Slideshow Version 2.3.1 -->\r\n\r\n\t\t\t<\/div>\r\n\r\n<\/div>\n<p style=\"text-align: center;\"><small>Fotos cortes\u00eda de A.C. Gaiata 15 \u00abSequiol\u00bb<\/small><\/p>\n","protected":false},"excerpt":{"rendered":"<p>Corr\u00eda el a\u00f1o 1999, cuando nuestra comisi\u00f3n del Sequiol, decidi\u00f3 crear una nueva actividad, la confecci\u00f3n y montaje de un Bel\u00e9n monumental que adornara la entrada al cau durante las fiestas navide\u00f1as y entrara en el concurso de Belenes monumentales que organiza el Ayuntamiento de Castell\u00f3n y que se celebra en nuestra ciudad, como es [&hellip;]<\/p>\n","protected":false},"author":1,"featured_media":15739,"comment_status":"open","ping_status":"open","sticky":false,"template":"","format":"standard","meta":{"footnotes":""},"categories":[69],"tags":[],"class_list":["post-16109","post","type-post","status-publish","format-standard","has-post-thumbnail","hentry","category-magdalena-2016"],"_links":{"self":[{"href":"https:\/\/sequiol.es\/es\/wp-json\/wp\/v2\/posts\/16109","targetHints":{"allow":["GET"]}}],"collection":[{"href":"https:\/\/sequiol.es\/es\/wp-json\/wp\/v2\/posts"}],"about":[{"href":"https:\/\/sequiol.es\/es\/wp-json\/wp\/v2\/types\/post"}],"author":[{"embeddable":true,"href":"https:\/\/sequiol.es\/es\/wp-json\/wp\/v2\/users\/1"}],"replies":[{"embeddable":true,"href":"https:\/\/sequiol.es\/es\/wp-json\/wp\/v2\/comments?post=16109"}],"version-history":[{"count":2,"href":"https:\/\/sequiol.es\/es\/wp-json\/wp\/v2\/posts\/16109\/revisions"}],"predecessor-version":[{"id":16113,"href":"https:\/\/sequiol.es\/es\/wp-json\/wp\/v2\/posts\/16109\/revisions\/16113"}],"wp:featuredmedia":[{"embeddable":true,"href":"https:\/\/sequiol.es\/es\/wp-json\/wp\/v2\/media\/15739"}],"wp:attachment":[{"href":"https:\/\/sequiol.es\/es\/wp-json\/wp\/v2\/media?parent=16109"}],"wp:term":[{"taxonomy":"category","embeddable":true,"href":"https:\/\/sequiol.es\/es\/wp-json\/wp\/v2\/categories?post=16109"},{"taxonomy":"post_tag","embeddable":true,"href":"https:\/\/sequiol.es\/es\/wp-json\/wp\/v2\/tags?post=16109"}],"curies":[{"name":"wp","href":"https:\/\/api.w.org\/{rel}","templated":true}]}}