{"id":135568,"date":"2025-09-10T12:16:24","date_gmt":"2025-09-10T10:16:24","guid":{"rendered":"https:\/\/sequiol.es\/?p=135568"},"modified":"2025-09-22T12:17:18","modified_gmt":"2025-09-22T10:17:18","slug":"la-ciudad-da-la-bienvenida-a-la-magdalena-2026","status":"publish","type":"post","link":"https:\/\/sequiol.es\/es\/la-ciudad-da-la-bienvenida-a-la-magdalena-2026\/","title":{"rendered":"La ciudad da la bienvenida a la Magdalena 2026"},"content":{"rendered":"<p><span style=\"font-weight: 400;\">Tan solo veinticuatro horas despu\u00e9s de despedir la Magdalena 2025, el <\/span><i><span style=\"font-weight: 400;\">m\u00f3n de la festa<\/span><\/i><span style=\"font-weight: 400;\"> respond\u00eda al llamado de la <\/span><i><span style=\"font-weight: 400;\">Federaci\u00f3 Gestora de Gaiates<\/span><\/i><span style=\"font-weight: 400;\"> y se reun\u00eda nuevamente, esta vez en el sal\u00f3n de recepciones del Palau Provincial, para recibir a quienes protagonizar\u00e1n la Magdalena 2026, acompa\u00f1ando a Clara Sanz y Ana Col\u00f3n en su reinado.<\/span><\/p>\n<p><span style=\"font-weight: 400;\">La edici\u00f3n de 2026 contar\u00e1 con la distinguida representaci\u00f3n de la <\/span><i><span style=\"font-weight: 400;\">Gaiata 15 Sequiol<\/span><\/i><span style=\"font-weight: 400;\">, que estar\u00e1 encabezada por sus elegantes Madrinas, <\/span><b>Mar\u00eda Collados <\/b><span style=\"font-weight: 400;\">y<\/span><b> Vega Peraire<\/b><span style=\"font-weight: 400;\">. No ser\u00e1n las \u00fanicas <\/span><i><span style=\"font-weight: 400;\">Sequiolas<\/span><\/i><span style=\"font-weight: 400;\"> con un papel destacado: entre las seis Damas de la Ciudad que acompa\u00f1ar\u00e1n a Clara, figura <\/span><b>Claudia Llopis<\/b><span style=\"font-weight: 400;\">, quien fue Madrina del <\/span><i><span style=\"font-weight: 400;\">Sequiol<\/span><\/i><span style=\"font-weight: 400;\"> en la Magdalena 2025.<\/span><\/p>\n<p><span style=\"font-weight: 400;\">El acto, cargado de emoci\u00f3n, congreg\u00f3 a numeroso p\u00fablico que arrop\u00f3 a las diecinueve Gaiatas de la ciudad. Desde el atril, la ceremonia fue conducida por una figura muy querida para <\/span><i><span style=\"font-weight: 400;\">l@s Sequiol@s<\/span><\/i><span style=\"font-weight: 400;\">: <\/span><b>Lourdes Climent<\/b><span style=\"font-weight: 400;\">, Madrina del Sequiol 2020-2022 y Reina de las Fiestas 2024.<\/span><\/p>\n<p><span style=\"font-weight: 400;\">Tras la tradicional ofrenda floral a las protagonistas, realizada por los Presidentes y Presidentas de las respectivas Gaiatas, se dio paso a los discursos. La Presidenta de la Diputaci\u00f3n Provincial, Marta Barrachina, abri\u00f3 el turno destacando la trascendencia del compromiso asumido: <\/span><i><span style=\"font-weight: 400;\">\u201cEs llevar con dignidad la luz de nuestras Gaiatas y proyectarlas hacia el futuro con fuerza\u201d<\/span><\/i><span style=\"font-weight: 400;\">.<\/span><\/p>\n<p><span style=\"font-weight: 400;\">A continuaci\u00f3n, la Concejala de Fiestas y Presidenta del Patronato, Noelia Selma, se dirigi\u00f3 a las nuevas representantes con palabras llenas de ilusi\u00f3n: <\/span><i><span style=\"font-weight: 400;\">\u201cDais los primeros pasos de este sue\u00f1o tan anhelado que ya es real. El sue\u00f1o se vuelve cada vez m\u00e1s tangible y, este pr\u00f3ximo fin de semana, con la imposici\u00f3n de bandas, vivir\u00e9is la magia en estado puro y pasar\u00e9is a formar parte de la historia de la ciudad\u201d<\/span><\/i><span style=\"font-weight: 400;\">.<\/span><\/p>\n<p><span style=\"font-weight: 400;\">El cierre del turno de palabra estuvo a cargo de las Reinas Clara y Ana, quienes, horas antes, en el Sal\u00f3n de Plenos del Ayuntamiento, recibieron de manos de la m\u00e1xima autoridad municipal los aderezos oficiales que lucir\u00e1n en la ceremonia de imposici\u00f3n de bandas.<\/span><\/p>\n<p><span style=\"font-weight: 400;\">La fotograf\u00eda oficial en la escalinata de la Diputaci\u00f3n puso el broche final a este entra\u00f1able acto, que desde hace a\u00f1os organiza, con esmero, la <\/span><i><span style=\"font-weight: 400;\">Federaci\u00f3 Gestora de Gaiates<\/span><\/i><span style=\"font-weight: 400;\">.<\/span><\/p>\n<p>&nbsp;<\/p>\n\r\n\t<div class=\"slideshow_container slideshow_container_style-light\" style=\"height: 400px; \" data-slideshow-id=\"135525\" data-style-name=\"style-light\" data-style-version=\"2.3.1\" >\r\n\r\n\t\t\t\t\t<div class=\"slideshow_loading_icon\"><\/div>\r\n\t\t\r\n\t\t<div class=\"slideshow_content\" style=\"display: none;\">\r\n\r\n\t\t\t<div class=\"slideshow_view\">\r\n\t\t\t\t<div class=\"slideshow_slide slideshow_slide_image\">\r\n\t\t\t\t\t\t\t\t\t\t\t<img src=\"https:\/\/sequiol.es\/wp-content\/uploads\/2025\/09\/IMG_9655.webp\" alt=\"IMG_9655\" width=\"1620\" height=\"2160\" \/>\r\n\t\t\t\t\t\t\t\t\t\t<div class=\"slideshow_description_box slideshow_transparent\">\r\n\t\t\t\t\t\t<div class=\"slideshow_title\">IMG_9655<\/div>\t\t\t\t\t\t\t\t\t\t\t<\/div>\r\n\t\t\t\t<\/div>\r\n\r\n\t\t\t\t\t\t<div style=\"clear: both;\"><\/div><\/div><div class=\"slideshow_view\">\r\n\t\t\t\t<div class=\"slideshow_slide slideshow_slide_image\">\r\n\t\t\t\t\t\t\t\t\t\t\t<img src=\"https:\/\/sequiol.es\/wp-content\/uploads\/2025\/09\/IMG_9654.webp\" alt=\"IMG_9654\" width=\"1620\" height=\"2160\" \/>\r\n\t\t\t\t\t\t\t\t\t\t<div class=\"slideshow_description_box slideshow_transparent\">\r\n\t\t\t\t\t\t<div class=\"slideshow_title\">IMG_9654<\/div>\t\t\t\t\t\t\t\t\t\t\t<\/div>\r\n\t\t\t\t<\/div>\r\n\r\n\t\t\t\t\t\t<div style=\"clear: both;\"><\/div><\/div><div class=\"slideshow_view\">\r\n\t\t\t\t<div class=\"slideshow_slide slideshow_slide_image\">\r\n\t\t\t\t\t\t\t\t\t\t\t<img src=\"https:\/\/sequiol.es\/wp-content\/uploads\/2025\/09\/IMG_9653.webp\" alt=\"IMG_9653\" width=\"1620\" height=\"2160\" \/>\r\n\t\t\t\t\t\t\t\t\t\t<div class=\"slideshow_description_box slideshow_transparent\">\r\n\t\t\t\t\t\t<div class=\"slideshow_title\">IMG_9653<\/div>\t\t\t\t\t\t\t\t\t\t\t<\/div>\r\n\t\t\t\t<\/div>\r\n\r\n\t\t\t\t\t\t<div style=\"clear: both;\"><\/div><\/div><div class=\"slideshow_view\">\r\n\t\t\t\t<div class=\"slideshow_slide slideshow_slide_image\">\r\n\t\t\t\t\t\t\t\t\t\t\t<img src=\"https:\/\/sequiol.es\/wp-content\/uploads\/2025\/09\/IMG_9650.webp\" alt=\"IMG_9650\" width=\"1620\" height=\"2160\" \/>\r\n\t\t\t\t\t\t\t\t\t\t<div class=\"slideshow_description_box slideshow_transparent\">\r\n\t\t\t\t\t\t<div class=\"slideshow_title\">IMG_9650<\/div>\t\t\t\t\t\t\t\t\t\t\t<\/div>\r\n\t\t\t\t<\/div>\r\n\r\n\t\t\t\t\t\t<div style=\"clear: both;\"><\/div><\/div><div class=\"slideshow_view\">\r\n\t\t\t\t<div class=\"slideshow_slide slideshow_slide_image\">\r\n\t\t\t\t\t\t\t\t\t\t\t<img src=\"https:\/\/sequiol.es\/wp-content\/uploads\/2025\/09\/IMG_6873.webp\" alt=\"IMG_6873\" width=\"1620\" height=\"2160\" \/>\r\n\t\t\t\t\t\t\t\t\t\t<div class=\"slideshow_description_box slideshow_transparent\">\r\n\t\t\t\t\t\t<div class=\"slideshow_title\">IMG_6873<\/div>\t\t\t\t\t\t\t\t\t\t\t<\/div>\r\n\t\t\t\t<\/div>\r\n\r\n\t\t\t\t\t\t<div style=\"clear: both;\"><\/div><\/div><div class=\"slideshow_view\">\r\n\t\t\t\t<div class=\"slideshow_slide slideshow_slide_image\">\r\n\t\t\t\t\t\t\t\t\t\t\t<img src=\"https:\/\/sequiol.es\/wp-content\/uploads\/2025\/09\/IMG_6862.webp\" alt=\"IMG_6862\" width=\"1620\" height=\"2160\" \/>\r\n\t\t\t\t\t\t\t\t\t\t<div class=\"slideshow_description_box slideshow_transparent\">\r\n\t\t\t\t\t\t<div class=\"slideshow_title\">IMG_6862<\/div>\t\t\t\t\t\t\t\t\t\t\t<\/div>\r\n\t\t\t\t<\/div>\r\n\r\n\t\t\t\t\t\t<div style=\"clear: both;\"><\/div><\/div><div class=\"slideshow_view\">\r\n\t\t\t\t<div class=\"slideshow_slide slideshow_slide_image\">\r\n\t\t\t\t\t\t\t\t\t\t\t<img src=\"https:\/\/sequiol.es\/wp-content\/uploads\/2025\/09\/IMG_6857.webp\" alt=\"IMG_6857\" width=\"1620\" height=\"2160\" \/>\r\n\t\t\t\t\t\t\t\t\t\t<div class=\"slideshow_description_box slideshow_transparent\">\r\n\t\t\t\t\t\t<div class=\"slideshow_title\">IMG_6857<\/div>\t\t\t\t\t\t\t\t\t\t\t<\/div>\r\n\t\t\t\t<\/div>\r\n\r\n\t\t\t\t\t\t<div style=\"clear: both;\"><\/div><\/div><div class=\"slideshow_view\">\r\n\t\t\t\t<div class=\"slideshow_slide slideshow_slide_image\">\r\n\t\t\t\t\t\t\t\t\t\t\t<img src=\"https:\/\/sequiol.es\/wp-content\/uploads\/2025\/09\/IMG_6841.webp\" alt=\"IMG_6841\" width=\"1620\" height=\"2160\" \/>\r\n\t\t\t\t\t\t\t\t\t\t<div class=\"slideshow_description_box slideshow_transparent\">\r\n\t\t\t\t\t\t<div class=\"slideshow_title\">IMG_6841<\/div>\t\t\t\t\t\t\t\t\t\t\t<\/div>\r\n\t\t\t\t<\/div>\r\n\r\n\t\t\t\t\t\t<div style=\"clear: both;\"><\/div><\/div><div class=\"slideshow_view\">\r\n\t\t\t\t<div class=\"slideshow_slide slideshow_slide_image\">\r\n\t\t\t\t\t\t\t\t\t\t\t<img src=\"https:\/\/sequiol.es\/wp-content\/uploads\/2025\/09\/IMG_6839.webp\" alt=\"IMG_6839\" width=\"1620\" height=\"2160\" \/>\r\n\t\t\t\t\t\t\t\t\t\t<div class=\"slideshow_description_box slideshow_transparent\">\r\n\t\t\t\t\t\t<div class=\"slideshow_title\">IMG_6839<\/div>\t\t\t\t\t\t\t\t\t\t\t<\/div>\r\n\t\t\t\t<\/div>\r\n\r\n\t\t\t\t\t\t<div style=\"clear: both;\"><\/div><\/div><div class=\"slideshow_view\">\r\n\t\t\t\t<div class=\"slideshow_slide slideshow_slide_image\">\r\n\t\t\t\t\t\t\t\t\t\t\t<img src=\"https:\/\/sequiol.es\/wp-content\/uploads\/2025\/09\/IMG_6802-scaled.webp\" alt=\"IMG_6802\" width=\"2560\" height=\"1920\" \/>\r\n\t\t\t\t\t\t\t\t\t\t<div class=\"slideshow_description_box slideshow_transparent\">\r\n\t\t\t\t\t\t<div class=\"slideshow_title\">IMG_6802<\/div>\t\t\t\t\t\t\t\t\t\t\t<\/div>\r\n\t\t\t\t<\/div>\r\n\r\n\t\t\t\t\t\t<div style=\"clear: both;\"><\/div><\/div><div class=\"slideshow_view\">\r\n\t\t\t\t<div class=\"slideshow_slide slideshow_slide_image\">\r\n\t\t\t\t\t\t\t\t\t\t\t<img src=\"https:\/\/sequiol.es\/wp-content\/uploads\/2025\/09\/IMG_6793.webp\" alt=\"IMG_6793\" width=\"1620\" height=\"2160\" \/>\r\n\t\t\t\t\t\t\t\t\t\t<div class=\"slideshow_description_box slideshow_transparent\">\r\n\t\t\t\t\t\t<div class=\"slideshow_title\">IMG_6793<\/div>\t\t\t\t\t\t\t\t\t\t\t<\/div>\r\n\t\t\t\t<\/div>\r\n\r\n\t\t\t\t\t\t<div style=\"clear: both;\"><\/div><\/div><div class=\"slideshow_view\">\r\n\t\t\t\t<div class=\"slideshow_slide slideshow_slide_image\">\r\n\t\t\t\t\t\t\t\t\t\t\t<img src=\"https:\/\/sequiol.es\/wp-content\/uploads\/2025\/09\/IMG_6780.webp\" alt=\"IMG_6780\" width=\"1620\" height=\"2160\" \/>\r\n\t\t\t\t\t\t\t\t\t\t<div class=\"slideshow_description_box slideshow_transparent\">\r\n\t\t\t\t\t\t<div class=\"slideshow_title\">IMG_6780<\/div>\t\t\t\t\t\t\t\t\t\t\t<\/div>\r\n\t\t\t\t<\/div>\r\n\r\n\t\t\t\t\t\t<div style=\"clear: both;\"><\/div><\/div><div class=\"slideshow_view\">\r\n\t\t\t\t<div class=\"slideshow_slide slideshow_slide_image\">\r\n\t\t\t\t\t\t\t\t\t\t\t<img src=\"https:\/\/sequiol.es\/wp-content\/uploads\/2025\/09\/IMG_6771.webp\" alt=\"IMG_6771\" width=\"1620\" height=\"2160\" \/>\r\n\t\t\t\t\t\t\t\t\t\t<div class=\"slideshow_description_box slideshow_transparent\">\r\n\t\t\t\t\t\t<div class=\"slideshow_title\">IMG_6771<\/div>\t\t\t\t\t\t\t\t\t\t\t<\/div>\r\n\t\t\t\t<\/div>\r\n\r\n\t\t\t\t\t\t<div style=\"clear: both;\"><\/div><\/div><div class=\"slideshow_view\">\r\n\t\t\t\t<div class=\"slideshow_slide slideshow_slide_image\">\r\n\t\t\t\t\t\t\t\t\t\t\t<img src=\"https:\/\/sequiol.es\/wp-content\/uploads\/2025\/09\/IMG_6730.webp\" alt=\"IMG_6730\" width=\"1620\" height=\"2160\" \/>\r\n\t\t\t\t\t\t\t\t\t\t<div class=\"slideshow_description_box slideshow_transparent\">\r\n\t\t\t\t\t\t<div class=\"slideshow_title\">IMG_6730<\/div>\t\t\t\t\t\t\t\t\t\t\t<\/div>\r\n\t\t\t\t<\/div>\r\n\r\n\t\t\t\t\t\t<div style=\"clear: both;\"><\/div><\/div>\r\n\t\t<\/div>\r\n\r\n\t\t<div class=\"slideshow_controlPanel slideshow_transparent\" style=\"display: none;\"><ul><li class=\"slideshow_togglePlay\" data-play-text=\"Play\" data-pause-text=\"Pause\"><\/li><\/ul><\/div>\r\n\r\n\t\t<div class=\"slideshow_button slideshow_previous slideshow_transparent\" role=\"button\" data-previous-text=\"Previous\" style=\"display: none;\"><\/div>\r\n\t\t<div class=\"slideshow_button slideshow_next slideshow_transparent\" role=\"button\" data-next-text=\"Next\" style=\"display: none;\"><\/div>\r\n\r\n\t\t<div class=\"slideshow_pagination\" style=\"display: none;\" data-go-to-text=\"Go to slide\"><div class=\"slideshow_pagination_center\"><\/div><\/div>\r\n\r\n\t\t<!-- WordPress Slideshow Version 2.3.1 -->\r\n\r\n\t\t\t<\/div>\r\n\r\n\n","protected":false},"excerpt":{"rendered":"<p>Tan solo veinticuatro horas despu\u00e9s de despedir la Magdalena 2025, el m\u00f3n de la festa respond\u00eda al llamado de la Federaci\u00f3 Gestora de Gaiates y se reun\u00eda nuevamente, esta vez en el sal\u00f3n de recepciones del Palau Provincial, para recibir a quienes protagonizar\u00e1n la Magdalena 2026, acompa\u00f1ando a Clara Sanz y Ana Col\u00f3n en su [&hellip;]<\/p>\n","protected":false},"author":1,"featured_media":135550,"comment_status":"open","ping_status":"open","sticky":false,"template":"","format":"standard","meta":{"footnotes":""},"categories":[179],"tags":[],"class_list":["post-135568","post","type-post","status-publish","format-standard","has-post-thumbnail","hentry","category-magdalena-2026"],"_links":{"self":[{"href":"https:\/\/sequiol.es\/es\/wp-json\/wp\/v2\/posts\/135568","targetHints":{"allow":["GET"]}}],"collection":[{"href":"https:\/\/sequiol.es\/es\/wp-json\/wp\/v2\/posts"}],"about":[{"href":"https:\/\/sequiol.es\/es\/wp-json\/wp\/v2\/types\/post"}],"author":[{"embeddable":true,"href":"https:\/\/sequiol.es\/es\/wp-json\/wp\/v2\/users\/1"}],"replies":[{"embeddable":true,"href":"https:\/\/sequiol.es\/es\/wp-json\/wp\/v2\/comments?post=135568"}],"version-history":[{"count":1,"href":"https:\/\/sequiol.es\/es\/wp-json\/wp\/v2\/posts\/135568\/revisions"}],"predecessor-version":[{"id":135569,"href":"https:\/\/sequiol.es\/es\/wp-json\/wp\/v2\/posts\/135568\/revisions\/135569"}],"wp:featuredmedia":[{"embeddable":true,"href":"https:\/\/sequiol.es\/es\/wp-json\/wp\/v2\/media\/135550"}],"wp:attachment":[{"href":"https:\/\/sequiol.es\/es\/wp-json\/wp\/v2\/media?parent=135568"}],"wp:term":[{"taxonomy":"category","embeddable":true,"href":"https:\/\/sequiol.es\/es\/wp-json\/wp\/v2\/categories?post=135568"},{"taxonomy":"post_tag","embeddable":true,"href":"https:\/\/sequiol.es\/es\/wp-json\/wp\/v2\/tags?post=135568"}],"curies":[{"name":"wp","href":"https:\/\/api.w.org\/{rel}","templated":true}]}}