{"id":135078,"date":"2025-08-22T13:40:07","date_gmt":"2025-08-22T11:40:07","guid":{"rendered":"https:\/\/sequiol.es\/?p=135078"},"modified":"2025-09-03T13:43:48","modified_gmt":"2025-09-03T11:43:48","slug":"tales-corona-a-sus-reyes-infantiles-tras-una-decada-de-espera","status":"publish","type":"post","link":"https:\/\/sequiol.es\/es\/tales-corona-a-sus-reyes-infantiles-tras-una-decada-de-espera\/","title":{"rendered":"Tales corona a sus Reyes Infantiles tras una d\u00e9cada de espera"},"content":{"rendered":"<p><span style=\"font-weight: 400;\">La <\/span><i><span style=\"font-weight: 400;\">A.C. Gaiata 15 Sequiol<\/span><\/i><span style=\"font-weight: 400;\"> viaj\u00f3 al municipio de Tales para acompa\u00f1ar la emotiva proclamaci\u00f3n de la Reina Infantil, Anna D\u00edaz Balaguer, y el Rey Infantil, Mario Ballester Pallares, figuras que regresan a las fiestas locales tras diez a\u00f1os de ausencia.<\/span><\/p>\n<p><span style=\"font-weight: 400;\">Nuestra representaci\u00f3n estuvo encabezada por la Madrina Infantil <\/span><b>Vega Peraire<\/b><span style=\"font-weight: 400;\">, junto a la Madrina <\/span><b>Mar\u00eda Collados<\/b><span style=\"font-weight: 400;\"> y la presidenta <\/span><b>Elisabeth Breva<\/b><span style=\"font-weight: 400;\">, quienes participaron activamente en el acto celebrado en la plaza de la Iglesia.<\/span><\/p>\n<p><span style=\"font-weight: 400;\">Entre las numerosas ofrendas, destac\u00f3 la entrega de una preciosa r\u00e9plica de <\/span><i><span style=\"font-weight: 400;\">La Panderola<\/span><\/i><span style=\"font-weight: 400;\">, s\u00edmbolo de <\/span><i><span style=\"font-weight: 400;\">Sequiol<\/span><\/i><span style=\"font-weight: 400;\">, ofrecida por <\/span><b>Vega<\/b><span style=\"font-weight: 400;\"> y <\/span><b>Mar\u00eda<\/b><span style=\"font-weight: 400;\"> en nombre de la asociaci\u00f3n.<\/span><\/p>\n<p><span style=\"font-weight: 400;\">Tras el pasacalle por el centro del pueblo, un vino de honor cerr\u00f3 una jornada llena de tradici\u00f3n, emoci\u00f3n y hermandad en el coraz\u00f3n de la Plana Baixa.<\/span><\/p>\n<p><i><span style=\"font-weight: 400;\">Sequiol<\/span><\/i><span style=\"font-weight: 400;\"> sigue llevando el esp\u00edritu de Castell\u00f3 m\u00e1s all\u00e1 de sus fronteras, compartiendo nuestras fiestas con orgullo y cari\u00f1o.<\/span><\/p>\n<p>&nbsp;<\/p>\n\r\n\t<div class=\"slideshow_container slideshow_container_style-light\" style=\"height: 400px; \" data-slideshow-id=\"135020\" data-style-name=\"style-light\" data-style-version=\"2.3.1\" >\r\n\r\n\t\t\t\t\t<div class=\"slideshow_loading_icon\"><\/div>\r\n\t\t\r\n\t\t<div class=\"slideshow_content\" style=\"display: none;\">\r\n\r\n\t\t\t<div class=\"slideshow_view\">\r\n\t\t\t\t<div class=\"slideshow_slide slideshow_slide_image\">\r\n\t\t\t\t\t\t\t\t\t\t\t<img src=\"https:\/\/sequiol.es\/wp-content\/uploads\/2025\/09\/20250822_tales_IMG_9231.webp\" alt=\"20250822_tales_IMG_9231\" width=\"1620\" height=\"2160\" \/>\r\n\t\t\t\t\t\t\t\t\t\t<div class=\"slideshow_description_box slideshow_transparent\">\r\n\t\t\t\t\t\t<div class=\"slideshow_title\">20250822_tales_IMG_9231<\/div>\t\t\t\t\t\t\t\t\t\t\t<\/div>\r\n\t\t\t\t<\/div>\r\n\r\n\t\t\t\t\t\t<div style=\"clear: both;\"><\/div><\/div><div class=\"slideshow_view\">\r\n\t\t\t\t<div class=\"slideshow_slide slideshow_slide_image\">\r\n\t\t\t\t\t\t\t\t\t\t\t<img src=\"https:\/\/sequiol.es\/wp-content\/uploads\/2025\/09\/20250822_tales_IMG_9224.webp\" alt=\"20250822_tales_IMG_9224\" width=\"1620\" height=\"2160\" \/>\r\n\t\t\t\t\t\t\t\t\t\t<div class=\"slideshow_description_box slideshow_transparent\">\r\n\t\t\t\t\t\t<div class=\"slideshow_title\">20250822_tales_IMG_9224<\/div>\t\t\t\t\t\t\t\t\t\t\t<\/div>\r\n\t\t\t\t<\/div>\r\n\r\n\t\t\t\t\t\t<div style=\"clear: both;\"><\/div><\/div><div class=\"slideshow_view\">\r\n\t\t\t\t<div class=\"slideshow_slide slideshow_slide_image\">\r\n\t\t\t\t\t\t\t\t\t\t\t<img src=\"https:\/\/sequiol.es\/wp-content\/uploads\/2025\/09\/20250822_tales_IMG_9214.webp\" alt=\"20250822_tales_IMG_9214\" width=\"1620\" height=\"2160\" \/>\r\n\t\t\t\t\t\t\t\t\t\t<div class=\"slideshow_description_box slideshow_transparent\">\r\n\t\t\t\t\t\t<div class=\"slideshow_title\">20250822_tales_IMG_9214<\/div>\t\t\t\t\t\t\t\t\t\t\t<\/div>\r\n\t\t\t\t<\/div>\r\n\r\n\t\t\t\t\t\t<div style=\"clear: both;\"><\/div><\/div><div class=\"slideshow_view\">\r\n\t\t\t\t<div class=\"slideshow_slide slideshow_slide_image\">\r\n\t\t\t\t\t\t\t\t\t\t\t<img src=\"https:\/\/sequiol.es\/wp-content\/uploads\/2025\/09\/20250822_tales_IMG_9210.webp\" alt=\"20250822_tales_IMG_9210\" width=\"1620\" height=\"2160\" \/>\r\n\t\t\t\t\t\t\t\t\t\t<div class=\"slideshow_description_box slideshow_transparent\">\r\n\t\t\t\t\t\t<div class=\"slideshow_title\">20250822_tales_IMG_9210<\/div>\t\t\t\t\t\t\t\t\t\t\t<\/div>\r\n\t\t\t\t<\/div>\r\n\r\n\t\t\t\t\t\t<div style=\"clear: both;\"><\/div><\/div><div class=\"slideshow_view\">\r\n\t\t\t\t<div class=\"slideshow_slide slideshow_slide_image\">\r\n\t\t\t\t\t\t\t\t\t\t\t<img src=\"https:\/\/sequiol.es\/wp-content\/uploads\/2025\/09\/20250822_tales_IMG_9207.webp\" alt=\"20250822_tales_IMG_9207\" width=\"1620\" height=\"2160\" \/>\r\n\t\t\t\t\t\t\t\t\t\t<div class=\"slideshow_description_box slideshow_transparent\">\r\n\t\t\t\t\t\t<div class=\"slideshow_title\">20250822_tales_IMG_9207<\/div>\t\t\t\t\t\t\t\t\t\t\t<\/div>\r\n\t\t\t\t<\/div>\r\n\r\n\t\t\t\t\t\t<div style=\"clear: both;\"><\/div><\/div><div class=\"slideshow_view\">\r\n\t\t\t\t<div class=\"slideshow_slide slideshow_slide_image\">\r\n\t\t\t\t\t\t\t\t\t\t\t<img src=\"https:\/\/sequiol.es\/wp-content\/uploads\/2025\/09\/20250822_tales_IMG_9205.webp\" alt=\"20250822_tales_IMG_9205\" width=\"1620\" height=\"2160\" \/>\r\n\t\t\t\t\t\t\t\t\t\t<div class=\"slideshow_description_box slideshow_transparent\">\r\n\t\t\t\t\t\t<div class=\"slideshow_title\">20250822_tales_IMG_9205<\/div>\t\t\t\t\t\t\t\t\t\t\t<\/div>\r\n\t\t\t\t<\/div>\r\n\r\n\t\t\t\t\t\t<div style=\"clear: both;\"><\/div><\/div><div class=\"slideshow_view\">\r\n\t\t\t\t<div class=\"slideshow_slide slideshow_slide_image\">\r\n\t\t\t\t\t\t\t\t\t\t\t<img src=\"https:\/\/sequiol.es\/wp-content\/uploads\/2025\/09\/20250822_tales_IMG_9197.webp\" alt=\"20250822_tales_IMG_9197\" width=\"1620\" height=\"2160\" \/>\r\n\t\t\t\t\t\t\t\t\t\t<div class=\"slideshow_description_box slideshow_transparent\">\r\n\t\t\t\t\t\t<div class=\"slideshow_title\">20250822_tales_IMG_9197<\/div>\t\t\t\t\t\t\t\t\t\t\t<\/div>\r\n\t\t\t\t<\/div>\r\n\r\n\t\t\t\t\t\t<div style=\"clear: both;\"><\/div><\/div><div class=\"slideshow_view\">\r\n\t\t\t\t<div class=\"slideshow_slide slideshow_slide_image\">\r\n\t\t\t\t\t\t\t\t\t\t\t<img src=\"https:\/\/sequiol.es\/wp-content\/uploads\/2025\/09\/20250822_tales_IMG_9193.webp\" alt=\"20250822_tales_IMG_9193\" width=\"1620\" height=\"2160\" \/>\r\n\t\t\t\t\t\t\t\t\t\t<div class=\"slideshow_description_box slideshow_transparent\">\r\n\t\t\t\t\t\t<div class=\"slideshow_title\">20250822_tales_IMG_9193<\/div>\t\t\t\t\t\t\t\t\t\t\t<\/div>\r\n\t\t\t\t<\/div>\r\n\r\n\t\t\t\t\t\t<div style=\"clear: both;\"><\/div><\/div><div class=\"slideshow_view\">\r\n\t\t\t\t<div class=\"slideshow_slide slideshow_slide_image\">\r\n\t\t\t\t\t\t\t\t\t\t\t<img src=\"https:\/\/sequiol.es\/wp-content\/uploads\/2025\/09\/20250822_tales_IMG_9192-scaled.webp\" alt=\"20250822_tales_IMG_9192\" width=\"2560\" height=\"1920\" \/>\r\n\t\t\t\t\t\t\t\t\t\t<div class=\"slideshow_description_box slideshow_transparent\">\r\n\t\t\t\t\t\t<div class=\"slideshow_title\">20250822_tales_IMG_9192<\/div>\t\t\t\t\t\t\t\t\t\t\t<\/div>\r\n\t\t\t\t<\/div>\r\n\r\n\t\t\t\t\t\t<div style=\"clear: both;\"><\/div><\/div><div class=\"slideshow_view\">\r\n\t\t\t\t<div class=\"slideshow_slide slideshow_slide_image\">\r\n\t\t\t\t\t\t\t\t\t\t\t<img src=\"https:\/\/sequiol.es\/wp-content\/uploads\/2025\/09\/20250822_tales_IMG_9189.webp\" alt=\"20250822_tales_IMG_9189\" width=\"1620\" height=\"2160\" \/>\r\n\t\t\t\t\t\t\t\t\t\t<div class=\"slideshow_description_box slideshow_transparent\">\r\n\t\t\t\t\t\t<div class=\"slideshow_title\">20250822_tales_IMG_9189<\/div>\t\t\t\t\t\t\t\t\t\t\t<\/div>\r\n\t\t\t\t<\/div>\r\n\r\n\t\t\t\t\t\t<div style=\"clear: both;\"><\/div><\/div><div class=\"slideshow_view\">\r\n\t\t\t\t<div class=\"slideshow_slide slideshow_slide_image\">\r\n\t\t\t\t\t\t\t\t\t\t\t<img src=\"https:\/\/sequiol.es\/wp-content\/uploads\/2025\/09\/20250822_tales_IMG_9176-scaled.webp\" alt=\"20250822_tales_IMG_9176\" width=\"2560\" height=\"1920\" \/>\r\n\t\t\t\t\t\t\t\t\t\t<div class=\"slideshow_description_box slideshow_transparent\">\r\n\t\t\t\t\t\t<div class=\"slideshow_title\">20250822_tales_IMG_9176<\/div>\t\t\t\t\t\t\t\t\t\t\t<\/div>\r\n\t\t\t\t<\/div>\r\n\r\n\t\t\t\t\t\t<div style=\"clear: both;\"><\/div><\/div><div class=\"slideshow_view\">\r\n\t\t\t\t<div class=\"slideshow_slide slideshow_slide_image\">\r\n\t\t\t\t\t\t\t\t\t\t\t<img src=\"https:\/\/sequiol.es\/wp-content\/uploads\/2025\/09\/20250822_tales_IMG_9174.webp\" alt=\"20250822_tales_IMG_9174\" width=\"1620\" height=\"2160\" \/>\r\n\t\t\t\t\t\t\t\t\t\t<div class=\"slideshow_description_box slideshow_transparent\">\r\n\t\t\t\t\t\t<div class=\"slideshow_title\">20250822_tales_IMG_9174<\/div>\t\t\t\t\t\t\t\t\t\t\t<\/div>\r\n\t\t\t\t<\/div>\r\n\r\n\t\t\t\t\t\t<div style=\"clear: both;\"><\/div><\/div><div class=\"slideshow_view\">\r\n\t\t\t\t<div class=\"slideshow_slide slideshow_slide_image\">\r\n\t\t\t\t\t\t\t\t\t\t\t<img src=\"https:\/\/sequiol.es\/wp-content\/uploads\/2025\/09\/20250822_tales_IMG_9164.webp\" alt=\"20250822_tales_IMG_9164\" width=\"1620\" height=\"2160\" \/>\r\n\t\t\t\t\t\t\t\t\t\t<div class=\"slideshow_description_box slideshow_transparent\">\r\n\t\t\t\t\t\t<div class=\"slideshow_title\">20250822_tales_IMG_9164<\/div>\t\t\t\t\t\t\t\t\t\t\t<\/div>\r\n\t\t\t\t<\/div>\r\n\r\n\t\t\t\t\t\t<div style=\"clear: both;\"><\/div><\/div><div class=\"slideshow_view\">\r\n\t\t\t\t<div class=\"slideshow_slide slideshow_slide_image\">\r\n\t\t\t\t\t\t\t\t\t\t\t<img src=\"https:\/\/sequiol.es\/wp-content\/uploads\/2025\/09\/20250822_tales_IMG_9153.webp\" alt=\"20250822_tales_IMG_9153\" width=\"1620\" height=\"2160\" \/>\r\n\t\t\t\t\t\t\t\t\t\t<div class=\"slideshow_description_box slideshow_transparent\">\r\n\t\t\t\t\t\t<div class=\"slideshow_title\">20250822_tales_IMG_9153<\/div>\t\t\t\t\t\t\t\t\t\t\t<\/div>\r\n\t\t\t\t<\/div>\r\n\r\n\t\t\t\t\t\t<div style=\"clear: both;\"><\/div><\/div><div class=\"slideshow_view\">\r\n\t\t\t\t<div class=\"slideshow_slide slideshow_slide_image\">\r\n\t\t\t\t\t\t\t\t\t\t\t<img src=\"https:\/\/sequiol.es\/wp-content\/uploads\/2025\/09\/20250822_tales_IMG_9139.webp\" alt=\"20250822_tales_IMG_9139\" width=\"1620\" height=\"2160\" \/>\r\n\t\t\t\t\t\t\t\t\t\t<div class=\"slideshow_description_box slideshow_transparent\">\r\n\t\t\t\t\t\t<div class=\"slideshow_title\">20250822_tales_IMG_9139<\/div>\t\t\t\t\t\t\t\t\t\t\t<\/div>\r\n\t\t\t\t<\/div>\r\n\r\n\t\t\t\t\t\t<div style=\"clear: both;\"><\/div><\/div><div class=\"slideshow_view\">\r\n\t\t\t\t<div class=\"slideshow_slide slideshow_slide_image\">\r\n\t\t\t\t\t\t\t\t\t\t\t<img src=\"https:\/\/sequiol.es\/wp-content\/uploads\/2025\/09\/20250822_tales_IMG_9117.webp\" alt=\"20250822_tales_IMG_9117\" width=\"1672\" height=\"2160\" \/>\r\n\t\t\t\t\t\t\t\t\t\t<div class=\"slideshow_description_box slideshow_transparent\">\r\n\t\t\t\t\t\t<div class=\"slideshow_title\">20250822_tales_IMG_9117<\/div>\t\t\t\t\t\t\t\t\t\t\t<\/div>\r\n\t\t\t\t<\/div>\r\n\r\n\t\t\t\t\t\t<div style=\"clear: both;\"><\/div><\/div><div class=\"slideshow_view\">\r\n\t\t\t\t<div class=\"slideshow_slide slideshow_slide_image\">\r\n\t\t\t\t\t\t\t\t\t\t\t<img src=\"https:\/\/sequiol.es\/wp-content\/uploads\/2025\/09\/20250822_tales_IMG_9108-scaled.webp\" alt=\"20250822_tales_IMG_9108\" width=\"2560\" height=\"1920\" \/>\r\n\t\t\t\t\t\t\t\t\t\t<div class=\"slideshow_description_box slideshow_transparent\">\r\n\t\t\t\t\t\t<div class=\"slideshow_title\">20250822_tales_IMG_9108<\/div>\t\t\t\t\t\t\t\t\t\t\t<\/div>\r\n\t\t\t\t<\/div>\r\n\r\n\t\t\t\t\t\t<div style=\"clear: both;\"><\/div><\/div><div class=\"slideshow_view\">\r\n\t\t\t\t<div class=\"slideshow_slide slideshow_slide_image\">\r\n\t\t\t\t\t\t\t\t\t\t\t<img src=\"https:\/\/sequiol.es\/wp-content\/uploads\/2025\/09\/20250822_tales_IMG_9106.webp\" alt=\"20250822_tales_IMG_9106\" width=\"1620\" height=\"2160\" \/>\r\n\t\t\t\t\t\t\t\t\t\t<div class=\"slideshow_description_box slideshow_transparent\">\r\n\t\t\t\t\t\t<div class=\"slideshow_title\">20250822_tales_IMG_9106<\/div>\t\t\t\t\t\t\t\t\t\t\t<\/div>\r\n\t\t\t\t<\/div>\r\n\r\n\t\t\t\t\t\t<div style=\"clear: both;\"><\/div><\/div><div class=\"slideshow_view\">\r\n\t\t\t\t<div class=\"slideshow_slide slideshow_slide_image\">\r\n\t\t\t\t\t\t\t\t\t\t\t<img src=\"https:\/\/sequiol.es\/wp-content\/uploads\/2025\/09\/20250822_tales_IMG_9093.webp\" alt=\"20250822_tales_IMG_9093\" width=\"1620\" height=\"2160\" \/>\r\n\t\t\t\t\t\t\t\t\t\t<div class=\"slideshow_description_box slideshow_transparent\">\r\n\t\t\t\t\t\t<div class=\"slideshow_title\">20250822_tales_IMG_9093<\/div>\t\t\t\t\t\t\t\t\t\t\t<\/div>\r\n\t\t\t\t<\/div>\r\n\r\n\t\t\t\t\t\t<div style=\"clear: both;\"><\/div><\/div>\r\n\t\t<\/div>\r\n\r\n\t\t<div class=\"slideshow_controlPanel slideshow_transparent\" style=\"display: none;\"><ul><li class=\"slideshow_togglePlay\" data-play-text=\"Play\" data-pause-text=\"Pause\"><\/li><\/ul><\/div>\r\n\r\n\t\t<div class=\"slideshow_button slideshow_previous slideshow_transparent\" role=\"button\" data-previous-text=\"Previous\" style=\"display: none;\"><\/div>\r\n\t\t<div class=\"slideshow_button slideshow_next slideshow_transparent\" role=\"button\" data-next-text=\"Next\" style=\"display: none;\"><\/div>\r\n\r\n\t\t<div class=\"slideshow_pagination\" style=\"display: none;\" data-go-to-text=\"Go to slide\"><div class=\"slideshow_pagination_center\"><\/div><\/div>\r\n\r\n\t\t<!-- WordPress Slideshow Version 2.3.1 -->\r\n\r\n\t\t\t<\/div>\r\n\r\n\n","protected":false},"excerpt":{"rendered":"<p>La A.C. Gaiata 15 Sequiol viaj\u00f3 al municipio de Tales para acompa\u00f1ar la emotiva proclamaci\u00f3n de la Reina Infantil, Anna D\u00edaz Balaguer, y el Rey Infantil, Mario Ballester Pallares, figuras que regresan a las fiestas locales tras diez a\u00f1os de ausencia. Nuestra representaci\u00f3n estuvo encabezada por la Madrina Infantil Vega Peraire, junto a la Madrina [&hellip;]<\/p>\n","protected":false},"author":1,"featured_media":135063,"comment_status":"open","ping_status":"open","sticky":false,"template":"","format":"standard","meta":{"footnotes":""},"categories":[179],"tags":[],"class_list":["post-135078","post","type-post","status-publish","format-standard","has-post-thumbnail","hentry","category-magdalena-2026"],"_links":{"self":[{"href":"https:\/\/sequiol.es\/es\/wp-json\/wp\/v2\/posts\/135078","targetHints":{"allow":["GET"]}}],"collection":[{"href":"https:\/\/sequiol.es\/es\/wp-json\/wp\/v2\/posts"}],"about":[{"href":"https:\/\/sequiol.es\/es\/wp-json\/wp\/v2\/types\/post"}],"author":[{"embeddable":true,"href":"https:\/\/sequiol.es\/es\/wp-json\/wp\/v2\/users\/1"}],"replies":[{"embeddable":true,"href":"https:\/\/sequiol.es\/es\/wp-json\/wp\/v2\/comments?post=135078"}],"version-history":[{"count":1,"href":"https:\/\/sequiol.es\/es\/wp-json\/wp\/v2\/posts\/135078\/revisions"}],"predecessor-version":[{"id":135079,"href":"https:\/\/sequiol.es\/es\/wp-json\/wp\/v2\/posts\/135078\/revisions\/135079"}],"wp:featuredmedia":[{"embeddable":true,"href":"https:\/\/sequiol.es\/es\/wp-json\/wp\/v2\/media\/135063"}],"wp:attachment":[{"href":"https:\/\/sequiol.es\/es\/wp-json\/wp\/v2\/media?parent=135078"}],"wp:term":[{"taxonomy":"category","embeddable":true,"href":"https:\/\/sequiol.es\/es\/wp-json\/wp\/v2\/categories?post=135078"},{"taxonomy":"post_tag","embeddable":true,"href":"https:\/\/sequiol.es\/es\/wp-json\/wp\/v2\/tags?post=135078"}],"curies":[{"name":"wp","href":"https:\/\/api.w.org\/{rel}","templated":true}]}}