{"id":134259,"date":"2025-05-24T17:52:16","date_gmt":"2025-05-24T15:52:16","guid":{"rendered":"https:\/\/sequiol.es\/?p=134259"},"modified":"2025-07-09T17:54:20","modified_gmt":"2025-07-09T15:54:20","slug":"fins-aci-hem-arribat-els-llauradors-un-referente-de-musica-de-fiesta-castellonera","status":"publish","type":"post","link":"https:\/\/sequiol.es\/es\/fins-aci-hem-arribat-els-llauradors-un-referente-de-musica-de-fiesta-castellonera\/","title":{"rendered":"Fins ac\u00ed hem arribat. Els Llauradors, un referente de m\u00fasica de fiesta castellonera."},"content":{"rendered":"<p><b>La plaza Mayor de la capital de la Plana acoge el \u00faltimo concierto de este legendario grupo de m\u00fasica tradicional castellonense, rodeados de sus amigos y de su fiel p\u00fablico.<\/b><\/p>\n<p><span style=\"font-weight: 400;\">Ataviados con sus tradicionales blusas negras, jalonadas con infinidad de cintas e insignias -garantes del inmenso cari\u00f1o que atesoran por donde act\u00faan- aparecieron sobre el escenario de la plaza Mayor, Luis Viciano, C\u00e9sar Agut, Manolo Monta\u00f1\u00e9s, Pep\u00edn Mart\u00edn, Antonio Mart\u00ed, Paco Signes y Juan Nebot; <\/span><i><span style=\"font-weight: 400;\">Els Llauradors.<\/span><\/i><span style=\"font-weight: 400;\"> Y con ellos, en la memoria,\u00a0 cuantos han sido parte de esta rondalla, a lo largo de sus\u00a0 m\u00e1s de cincuenta a\u00f1os sobre los escenarios: \u00a0Toni Hern\u00e1ndez, Carlos Marco, Jovi Mart\u00ed\u00a0y Miquel Soler \u2013 quien fue <\/span><i><span style=\"font-weight: 400;\">Pregoner<\/span><\/i><span style=\"font-weight: 400;\"> y concejal del Ayuntamiento de Castell\u00f3-, as\u00ed como a todos los m\u00fasicos y colaboradores. La ovaci\u00f3n que recibieron del respetable fue de las que no se olvidan.<\/span><\/p>\n<p><span style=\"font-weight: 400;\">En la memoria de los m\u00e1s veteranos de la formaci\u00f3n, aquel primer concierto en <\/span><i><span style=\"font-weight: 400;\">La P\u00e9rgola<\/span><\/i><span style=\"font-weight: 400;\">, un 26 de julio de 1968 con el que arrancaba esta impresionante trayectoria musical que les ha llevado a ser el referente musical de la fiesta castellonera.<\/span><\/p>\n<p><span style=\"font-weight: 400;\">Un concierto que comenzaba con un gui\u00f1o a la Magdalena -las fiestas fundacionales de la ciudad a las que tantas y tantas veces han puesto banda sonora- con un especial y emotivo <\/span><i><span style=\"font-weight: 400;\">Preg\u00f3<\/span><\/i><span style=\"font-weight: 400;\">, para el que han contado con la colaboraci\u00f3n de la <\/span><i><span style=\"font-weight: 400;\">Colla de Dol\u00e7ainers i Tabaleters de Castell\u00f3<\/span><\/i><span style=\"font-weight: 400;\"> y de los <\/span><i><span style=\"font-weight: 400;\">Pregoners<\/span><\/i><span style=\"font-weight: 400;\"> de la Magdalena 2025, Vicente Marz\u00e1 y David Soto, el infantil -hay que recordar que, adem\u00e1s del recordado Miquel Soler,\u00a0 tambi\u00e9n Pep\u00edn Mart\u00edn, Luis Viciano y Cesar Agut han desempe\u00f1ado el honor de ser <\/span><i><span style=\"font-weight: 400;\">Pregoner de les festes<\/span><\/i><span style=\"font-weight: 400;\">-. Para los <\/span><i><span style=\"font-weight: 400;\">Sequiol@s<\/span><\/i><span style=\"font-weight: 400;\">, este gui\u00f1o a la figura del <\/span><i><span style=\"font-weight: 400;\">Pregoner,<\/span><\/i><span style=\"font-weight: 400;\"> era especialmente emotivo, como homenaje p\u00f3stumo a Carlos Miguel Pascual, decano <\/span><i><span style=\"font-weight: 400;\">dels Pregoners<\/span><\/i><span style=\"font-weight: 400;\"> y abuelo de nuestra Madrina, Claudia Llopis Pascual, que nos dejaba unas horas antes. <\/span><i><span style=\"font-weight: 400;\">(d.e.p.)<\/span><\/i><\/p>\n<p><span style=\"font-weight: 400;\">Y muchas m\u00e1s fueron las colaboraciones. Sobre el escenario, la centenaria Banda Municipal de Castell\u00f3n, que inici\u00f3 su actuaci\u00f3n bajo la batuta de su director, Jos\u00e9 Vicente Ram\u00f3n Segarra, y que sigui\u00f3 con su antiguo director, Paco Signes. Pero tambi\u00e9n cont\u00f3 con la colaboraci\u00f3n de\u00a0 B\u00e1rbara Breva, Elena Sorli, Nuria Pallar\u00e9s, Chema Prades, Vicent Jaume Almela, Arturo Espa\u00f1a, Paco Jauregui o Jaime Roig, as\u00ed como miembros de la rondalla <\/span><i><span style=\"font-weight: 400;\">Vora S\u00e8quia<\/span><\/i><span style=\"font-weight: 400;\">, que han hecho suyas tambi\u00e9n las composiciones que popularizaron Els Llauradors.<\/span><\/p>\n<p><span style=\"font-weight: 400;\">Un p\u00fablico entregado, entre los que encontramos a las Reinas de las Fiestas, Paula Torres y Carla Ib\u00e1\u00f1ez, muy bien acompa\u00f1adas por la primera autoridad municipal, Bego\u00f1a Carrasco; las Concejalas de Fiestas, Noelia Selma; y de Educaci\u00f3n y Cultura, Mar\u00eda Espa\u00f1a; quien fuera Alcalde de la Ciudad y <\/span><i><span style=\"font-weight: 400;\">Molt Honorable President de la Generalitat Valenciana<\/span><\/i><span style=\"font-weight: 400;\">,\u00a0 y actualmente Diputado en Cortes, Alberto Fabra; as\u00ed como una nutrida representaci\u00f3n del <\/span><i><span style=\"font-weight: 400;\">M\u00f3n de la Festas<\/span><\/i><span style=\"font-weight: 400;\">, entre los que destacaba la representaci\u00f3n del <\/span><i><span style=\"font-weight: 400;\">Sequiol<\/span><\/i><span style=\"font-weight: 400;\">, con la Madrina Infantil, <\/span><b>Natalia Esp\u00edn Solano<\/b><span style=\"font-weight: 400;\">, acompa\u00f1ada de nuestra Presidenta, <\/span><b>Elisabeth Breva;<\/b><span style=\"font-weight: 400;\"> no dejaron de corear las canciones que ya son parte de la cultura popular de Castell\u00f3, como\u00a0<\/span><i><span style=\"font-weight: 400;\">La Panderola, Magdalena Festa Plena, Marramiau <\/span><\/i><span style=\"font-weight: 400;\">o <\/span><i><span style=\"font-weight: 400;\">la Salve Bressolera; <\/span><\/i><span style=\"font-weight: 400;\">aut\u00e9nticos himnos castelloneros.<\/span><\/p>\n<p><span style=\"font-weight: 400;\">Finalizado el acto, las Reinas de las Fiestas junto con la primera autoridad municipal, han entregado unos\u00a0cuadros conmemorativos\u00a0a los actuales miembros de <\/span><i><span style=\"font-weight: 400;\">Els Llauradors<\/span><\/i> <i><span style=\"font-weight: 400;\">\u201ccomo se\u00f1al de reconocimiento y gratitud de la ciudad y como recuerdo de este concierto que quedar\u00e1 en la memoria de los castellonenses durante mucho tiempo\u201d, <\/span><\/i><span style=\"font-weight: 400;\">han asegurado.<\/span><\/p>\n<p><b><i>Els Llauradors<\/i><\/b><b> ya son, por siempre, patrimonio cultural de nuestra ciudad.<\/b><span style=\"font-weight: 400;\"> \u00a1\u00a1\u00a1 Enhorabuena!!!\u00a0<\/span><\/p>\n<p>&nbsp;<\/p>\n\r\n\t<div class=\"slideshow_container slideshow_container_style-light\" style=\"height: 400px; \" data-slideshow-id=\"134246\" data-style-name=\"style-light\" data-style-version=\"2.3.1\" >\r\n\r\n\t\t\t\t\t<div class=\"slideshow_loading_icon\"><\/div>\r\n\t\t\r\n\t\t<div class=\"slideshow_content\" style=\"display: none;\">\r\n\r\n\t\t\t<div class=\"slideshow_view\">\r\n\t\t\t\t<div class=\"slideshow_slide slideshow_slide_image\">\r\n\t\t\t\t\t\t\t\t\t\t\t<img src=\"https:\/\/sequiol.es\/wp-content\/uploads\/2025\/07\/IMG_7864-scaled.webp\" alt=\"IMG_7864\" width=\"2560\" height=\"1707\" \/>\r\n\t\t\t\t\t\t\t\t\t\t<div class=\"slideshow_description_box slideshow_transparent\">\r\n\t\t\t\t\t\t<div class=\"slideshow_title\">IMG_7864<\/div>\t\t\t\t\t\t\t\t\t\t\t<\/div>\r\n\t\t\t\t<\/div>\r\n\r\n\t\t\t\t\t\t<div style=\"clear: both;\"><\/div><\/div><div class=\"slideshow_view\">\r\n\t\t\t\t<div class=\"slideshow_slide slideshow_slide_image\">\r\n\t\t\t\t\t\t\t\t\t\t\t<img src=\"https:\/\/sequiol.es\/wp-content\/uploads\/2025\/07\/IMG_7863-scaled.webp\" alt=\"IMG_7863\" width=\"2560\" height=\"1707\" \/>\r\n\t\t\t\t\t\t\t\t\t\t<div class=\"slideshow_description_box slideshow_transparent\">\r\n\t\t\t\t\t\t<div class=\"slideshow_title\">IMG_7863<\/div>\t\t\t\t\t\t\t\t\t\t\t<\/div>\r\n\t\t\t\t<\/div>\r\n\r\n\t\t\t\t\t\t<div style=\"clear: both;\"><\/div><\/div><div class=\"slideshow_view\">\r\n\t\t\t\t<div class=\"slideshow_slide slideshow_slide_image\">\r\n\t\t\t\t\t\t\t\t\t\t\t<img src=\"https:\/\/sequiol.es\/wp-content\/uploads\/2025\/07\/IMG_7862-scaled.webp\" alt=\"IMG_7862\" width=\"2560\" height=\"1821\" \/>\r\n\t\t\t\t\t\t\t\t\t\t<div class=\"slideshow_description_box slideshow_transparent\">\r\n\t\t\t\t\t\t<div class=\"slideshow_title\">IMG_7862<\/div>\t\t\t\t\t\t\t\t\t\t\t<\/div>\r\n\t\t\t\t<\/div>\r\n\r\n\t\t\t\t\t\t<div style=\"clear: both;\"><\/div><\/div><div class=\"slideshow_view\">\r\n\t\t\t\t<div class=\"slideshow_slide slideshow_slide_image\">\r\n\t\t\t\t\t\t\t\t\t\t\t<img src=\"https:\/\/sequiol.es\/wp-content\/uploads\/2025\/07\/IMG_7861.webp\" alt=\"IMG_7861\" width=\"1728\" height=\"2160\" \/>\r\n\t\t\t\t\t\t\t\t\t\t<div class=\"slideshow_description_box slideshow_transparent\">\r\n\t\t\t\t\t\t<div class=\"slideshow_title\">IMG_7861<\/div>\t\t\t\t\t\t\t\t\t\t\t<\/div>\r\n\t\t\t\t<\/div>\r\n\r\n\t\t\t\t\t\t<div style=\"clear: both;\"><\/div><\/div>\r\n\t\t<\/div>\r\n\r\n\t\t<div class=\"slideshow_controlPanel slideshow_transparent\" style=\"display: none;\"><ul><li class=\"slideshow_togglePlay\" data-play-text=\"Play\" data-pause-text=\"Pause\"><\/li><\/ul><\/div>\r\n\r\n\t\t<div class=\"slideshow_button slideshow_previous slideshow_transparent\" role=\"button\" data-previous-text=\"Previous\" style=\"display: none;\"><\/div>\r\n\t\t<div class=\"slideshow_button slideshow_next slideshow_transparent\" role=\"button\" data-next-text=\"Next\" style=\"display: none;\"><\/div>\r\n\r\n\t\t<div class=\"slideshow_pagination\" style=\"display: none;\" data-go-to-text=\"Go to slide\"><div class=\"slideshow_pagination_center\"><\/div><\/div>\r\n\r\n\t\t<!-- WordPress Slideshow Version 2.3.1 -->\r\n\r\n\t\t\t<\/div>\r\n\r\n\n","protected":false},"excerpt":{"rendered":"<p>La plaza Mayor de la capital de la Plana acoge el \u00faltimo concierto de este legendario grupo de m\u00fasica tradicional castellonense, rodeados de sus amigos y de su fiel p\u00fablico. Ataviados con sus tradicionales blusas negras, jalonadas con infinidad de cintas e insignias -garantes del inmenso cari\u00f1o que atesoran por donde act\u00faan- aparecieron sobre el [&hellip;]<\/p>\n","protected":false},"author":1,"featured_media":134250,"comment_status":"open","ping_status":"open","sticky":false,"template":"","format":"standard","meta":{"footnotes":""},"categories":[178],"tags":[],"class_list":["post-134259","post","type-post","status-publish","format-standard","has-post-thumbnail","hentry","category-magdalena-2025"],"_links":{"self":[{"href":"https:\/\/sequiol.es\/es\/wp-json\/wp\/v2\/posts\/134259","targetHints":{"allow":["GET"]}}],"collection":[{"href":"https:\/\/sequiol.es\/es\/wp-json\/wp\/v2\/posts"}],"about":[{"href":"https:\/\/sequiol.es\/es\/wp-json\/wp\/v2\/types\/post"}],"author":[{"embeddable":true,"href":"https:\/\/sequiol.es\/es\/wp-json\/wp\/v2\/users\/1"}],"replies":[{"embeddable":true,"href":"https:\/\/sequiol.es\/es\/wp-json\/wp\/v2\/comments?post=134259"}],"version-history":[{"count":1,"href":"https:\/\/sequiol.es\/es\/wp-json\/wp\/v2\/posts\/134259\/revisions"}],"predecessor-version":[{"id":134260,"href":"https:\/\/sequiol.es\/es\/wp-json\/wp\/v2\/posts\/134259\/revisions\/134260"}],"wp:featuredmedia":[{"embeddable":true,"href":"https:\/\/sequiol.es\/es\/wp-json\/wp\/v2\/media\/134250"}],"wp:attachment":[{"href":"https:\/\/sequiol.es\/es\/wp-json\/wp\/v2\/media?parent=134259"}],"wp:term":[{"taxonomy":"category","embeddable":true,"href":"https:\/\/sequiol.es\/es\/wp-json\/wp\/v2\/categories?post=134259"},{"taxonomy":"post_tag","embeddable":true,"href":"https:\/\/sequiol.es\/es\/wp-json\/wp\/v2\/tags?post=134259"}],"curies":[{"name":"wp","href":"https:\/\/api.w.org\/{rel}","templated":true}]}}