{"id":133709,"date":"2025-04-30T13:02:58","date_gmt":"2025-04-30T11:02:58","guid":{"rendered":"https:\/\/sequiol.es\/?p=133709"},"modified":"2025-05-23T13:08:01","modified_gmt":"2025-05-23T11:08:01","slug":"gala-de-la-pirotecnia-magdalena-2025","status":"publish","type":"post","link":"https:\/\/sequiol.es\/es\/gala-de-la-pirotecnia-magdalena-2025\/","title":{"rendered":"Gala de la Pirotecnia &#8211; Magdalena 2025"},"content":{"rendered":"<p><em><span style=\"font-weight: 400;\">Castell\u00f3, mi\u00e9rcoles 30 de abril de 2025<\/span><\/em><\/p>\n<p><b>Video de la <\/b><b><i>masclet\u00e0 <\/i><\/b><b>ganadora <\/b><b><i>XXIX Concurs de Mascletaes Ciutat de Castell\u00f3<\/i><\/b><b>: <\/b><a href=\"https:\/\/youtu.be\/9Kug3BL3wJ0\" target=\"_blank\" rel=\"noopener\"><b>https:\/\/youtu.be\/9Kug3BL3wJ0<\/b><\/a><\/p>\n<p><span style=\"font-weight: 400;\">Aun resuenan los ecos sonoros de los artificios pirot\u00e9cnicos de la Magdalena 2025, en nuestra memoria, cuando nos aprestamos a conocer la <\/span><i><span style=\"font-weight: 400;\">masclet\u00e0<\/span><\/i><span style=\"font-weight: 400;\"> que, a juicio del jurado del <\/span><i><span style=\"font-weight: 400;\">XXIX Concurs de Mascletaes Ciutat de Castell\u00f3, <\/span><\/i><span style=\"font-weight: 400;\">ha sido considerada como la mejor de todas las participantes. Recordar que las empresas que han competido en esta edici\u00f3n son: <\/span><i><span style=\"font-weight: 400;\">Fuegos Artificiales del Mediterr\u00e1neo, Pibierzo SL, Pirotecnia Mart\u00ed, Pirotecnia Alto Palancia (Piroalpa), Hermanos Sirvent, Pirotecnia Pe\u00f1arroja <\/span><\/i><span style=\"font-weight: 400;\">y <\/span><i><span style=\"font-weight: 400;\">Pirotecnia Tur\u00eds SL.\u00a0<\/span><\/i><\/p>\n<p><span style=\"font-weight: 400;\">Un jurado de experimentados festeros; entre los que <\/span><i><span style=\"font-weight: 400;\">Sequiol<\/span><\/i><span style=\"font-weight: 400;\"> tiene una importante representaci\u00f3n: Jorge Mart\u00ed y Agust\u00edn Mon \u2013 este \u00faltimo en calidad de presidente del jurado-; as\u00ed como el artista <\/span><i><span style=\"font-weight: 400;\">gaiatero<\/span><\/i><span style=\"font-weight: 400;\"> Jos\u00e9 Vicente Monroig -con el que <\/span><i><span style=\"font-weight: 400;\">Sequiol<\/span><\/i><span style=\"font-weight: 400;\"> se ha alzado con innumerables premios de <\/span><i><span style=\"font-weight: 400;\">Gaiata<\/span><\/i><span style=\"font-weight: 400;\">-; que ha estado valorando todos y cada uno de los espect\u00e1culos disparados durante la Magdalena 2025, y que se reun\u00eda horas previas a la Gala, para otorgar los premios de esta edici\u00f3n.<\/span><\/p>\n<p><span style=\"font-weight: 400;\">Un evento, la\u00a0Gala de la Pirotecnia, que\u00a0reconoce el arte y la tradici\u00f3n pirot\u00e9cnica que caracteriza a las fiestas de la Magdalena y consolida a Castell\u00f3n como un referente en el mundo de la pirotecnia.\u00a0 Pero\u00a0 que, a su vez, serv\u00eda para homenajear a todas las entidades, instituciones y empresas colaboradoras que, en palabras de la alcaldesa de la ciudad, Bego\u00f1a Carrasco: <\/span><i><span style=\"font-weight: 400;\">\u201c\u2026 es fundamental la colaboraci\u00f3n p\u00fablico-privada con las empresas que ofrecen apoyo y patrocinio a numerosos actos\u2026\u00a0 sin vuestra contribuci\u00f3n, nuestras fiestas no podr\u00edan tener la consideraci\u00f3n de Inter\u00e9s Tur\u00edstico Internacional, ni crecer a\u00f1o tras a\u00f1o\u201d<\/span><\/i><\/p>\n<p><span style=\"font-weight: 400;\">Tras la entrega de detalles, por parte de las Reinas de las Fiestas, Paula Torres y Carla Ib\u00e1\u00f1ez, a las m\u00e1s de veinticinco empresas colaboradoras -en representaci\u00f3n de <\/span><i><span style=\"font-weight: 400;\">Maquiver<\/span><\/i><span style=\"font-weight: 400;\">, recogi\u00f3 el detalle, Benjam\u00edn Garc\u00e9s, nuestro <\/span><i><span style=\"font-weight: 400;\">Sequioler de l\u2019Any 2025<\/span><\/i><span style=\"font-weight: 400;\">-, adem\u00e1s de Polic\u00eda Local, Bomberos, Protecci\u00f3n Civil, Servicios Sanitarios, Brigadas Municipales y Fuerzas del Estado, se dio paso a la lectura del acta de jurado, por parte de la secretaria del mismo, Lid\u00f3n Batiste.<\/span><\/p>\n<p><b>Pirotecnia <\/b><b><i>Fuegos Artificiales del Mediterr\u00e1neo<\/i><\/b><b> gana el <\/b><b><i>XXIX Concurs de Mascletaes Ciutat de Castell\u00f3<\/i><\/b><\/p>\n<p><span style=\"font-weight: 400;\">Y no hubo sorpresas.\u00a0Tal como anticip\u00f3 la <\/span><i><span style=\"font-weight: 400;\">Colla A Mitges<\/span><\/i><span style=\"font-weight: 400;\">\u00a0el \u00faltimo d\u00eda de las Fiestas de la Magdalena 2025, concedi\u00e9ndole su <\/span><i><span style=\"font-weight: 400;\">Masclet d&#8217;Argent &#8211;<\/span><\/i><span style=\"font-weight: 400;\">distinci\u00f3n que, en 1993, se concedi\u00f3 a la <\/span><i><span style=\"font-weight: 400;\">masclet\u00e0<\/span><\/i><span style=\"font-weight: 400;\"> disparada por la <\/span><i><span style=\"font-weight: 400;\">Gaiata 15 Sequiol<\/span><\/i><span style=\"font-weight: 400;\">, como la mejor. Por aquel entonces el concurso era entre las comisiones de sector-<\/span><i><span style=\"font-weight: 400;\">,<\/span><\/i><span style=\"font-weight: 400;\">\u00a0 la ganadora absoluta fue la pirotecnia <\/span><i><span style=\"font-weight: 400;\">Fuegos Artificiales del Mediterr\u00e1neo,<\/span><\/i><span style=\"font-weight: 400;\"> de Vilamarxant\u00a0(Valencia),\u00a0 que dispar\u00f3 su masclet\u00e0 el\u00a0martes 25 de marzo,\u00a0con una\u00a0carga de p\u00f3lvora de 338 kilos. Adem\u00e1s se alz\u00f3 con las distinciones al mejor terremoto a\u00e9reo y al mejor terremoto terrestre.<\/span><\/p>\n<p><span style=\"font-weight: 400;\">Recordar que la\u00a0apuesta de <\/span><i><span style=\"font-weight: 400;\">Mediterr\u00e1neo<\/span><\/i><span style=\"font-weight: 400;\"> viene de largo.\u00a0En 2024, \u00a0ya\u00a0particip\u00f3\u00a0dispuesto a llev\u00e1rselo todo, pero imprevistos le jugaron una mala pasada\u00a0al\u00a0acelerar el ritmo. Fue espectacular, pero\u00a0no lleg\u00f3 al m\u00ednimo de tiempo exigido y, por tanto, fue\u00a0excluida del concurso.\u00a0<\/span><\/p>\n<p><span style=\"font-weight: 400;\">Adem\u00e1s del trofeo y los 3.000\u20ac de premio, la firma tendr\u00e1 el honor de disparar la <\/span><i><span style=\"font-weight: 400;\">masclet\u00e0<\/span><\/i><span style=\"font-weight: 400;\"> inaugural de las Fiestas de la Magdalena 2026, que tendr\u00e1 lugar el s\u00e1bado 7 de marzo.<\/span><\/p>\n<p><span style=\"font-weight: 400;\">El\u00a0segundo premio fue para <\/span><i><span style=\"font-weight: 400;\">Pirotecnia Pibierzo<\/span><\/i><span style=\"font-weight: 400;\">\u00a0de Villaverde de la Abad\u00eda (Le\u00f3n), ganadora en 2024, y que utiliz\u00f3\u00a0308 kilos de p\u00f3lvora\u00a0en su\u00a0masclet\u00e0 del domingo 30 de marzo. Mientras que el\u00a0tercer premio\u00a0ha ido a parar a\u00a0<\/span><i><span style=\"font-weight: 400;\">Pirotecnia Hermanos Sirvent <\/span><\/i><span style=\"font-weight: 400;\">de Alicante, que dispar\u00f3\u00a0210 kilos\u00a0el\u00a0s\u00e1bado 29 de marzo. Un emotivo galard\u00f3n p\u00f3stumo a quien fue <\/span><i><span style=\"font-weight: 400;\">alma mater<\/span><\/i><span style=\"font-weight: 400;\"> de esta pirotecnia Pedro Lu\u00eds Sirvent, que falleci\u00f3 el pasado mes de marzo debido a un accidente en su empresa. <\/span><i><span style=\"font-weight: 400;\">\u201c\u2026 que sirva tambi\u00e9n\u00a0esta Gala como un nuevo reconocimiento\u00a0a su labor y a su contribuci\u00f3n por esta parte imprescindible de nuestra cultura festiva\u201d<\/span><\/i><span style=\"font-weight: 400;\"> record\u00f3 la Alcaldesa.<\/span><\/p>\n<p><span style=\"font-weight: 400;\">Una cita que cont\u00f3 con numeros\u00edsimo p\u00fablico entre los que destacaba la amplia representaci\u00f3n del <\/span><i><span style=\"font-weight: 400;\">m\u00f3n de la festa<\/span><\/i><span style=\"font-weight: 400;\">. Y como no pod\u00eda ser de otra forma, Sequiol estuvo representada por la Madrina, Claudia Llopis, acompa\u00f1ada de nuestra Presidenta, Elisabeth Breva, quienes no perdieron la oportunidad de inmortalizar el momento, fotografi\u00e1ndose con el representante de la pirotecnia ganadora, Antonio Garc\u00eda Juan.<\/span><\/p>\n","protected":false},"excerpt":{"rendered":"<p>Castell\u00f3, mi\u00e9rcoles 30 de abril de 2025 Video de la masclet\u00e0 ganadora XXIX Concurs de Mascletaes Ciutat de Castell\u00f3: https:\/\/youtu.be\/9Kug3BL3wJ0 Aun resuenan los ecos sonoros de los artificios pirot\u00e9cnicos de la Magdalena 2025, en nuestra memoria, cuando nos aprestamos a conocer la masclet\u00e0 que, a juicio del jurado del XXIX Concurs de Mascletaes Ciutat de [&hellip;]<\/p>\n","protected":false},"author":1,"featured_media":133697,"comment_status":"open","ping_status":"open","sticky":false,"template":"","format":"standard","meta":{"footnotes":""},"categories":[178],"tags":[],"class_list":["post-133709","post","type-post","status-publish","format-standard","has-post-thumbnail","hentry","category-magdalena-2025"],"_links":{"self":[{"href":"https:\/\/sequiol.es\/es\/wp-json\/wp\/v2\/posts\/133709","targetHints":{"allow":["GET"]}}],"collection":[{"href":"https:\/\/sequiol.es\/es\/wp-json\/wp\/v2\/posts"}],"about":[{"href":"https:\/\/sequiol.es\/es\/wp-json\/wp\/v2\/types\/post"}],"author":[{"embeddable":true,"href":"https:\/\/sequiol.es\/es\/wp-json\/wp\/v2\/users\/1"}],"replies":[{"embeddable":true,"href":"https:\/\/sequiol.es\/es\/wp-json\/wp\/v2\/comments?post=133709"}],"version-history":[{"count":2,"href":"https:\/\/sequiol.es\/es\/wp-json\/wp\/v2\/posts\/133709\/revisions"}],"predecessor-version":[{"id":133714,"href":"https:\/\/sequiol.es\/es\/wp-json\/wp\/v2\/posts\/133709\/revisions\/133714"}],"wp:featuredmedia":[{"embeddable":true,"href":"https:\/\/sequiol.es\/es\/wp-json\/wp\/v2\/media\/133697"}],"wp:attachment":[{"href":"https:\/\/sequiol.es\/es\/wp-json\/wp\/v2\/media?parent=133709"}],"wp:term":[{"taxonomy":"category","embeddable":true,"href":"https:\/\/sequiol.es\/es\/wp-json\/wp\/v2\/categories?post=133709"},{"taxonomy":"post_tag","embeddable":true,"href":"https:\/\/sequiol.es\/es\/wp-json\/wp\/v2\/tags?post=133709"}],"curies":[{"name":"wp","href":"https:\/\/api.w.org\/{rel}","templated":true}]}}