{"id":129020,"date":"2024-10-19T18:54:02","date_gmt":"2024-10-19T16:54:02","guid":{"rendered":"https:\/\/sequiol.es\/?p=129020"},"modified":"2024-11-12T18:55:08","modified_gmt":"2024-11-12T17:55:08","slug":"40-aniversario-jacaranda","status":"publish","type":"post","link":"https:\/\/sequiol.es\/es\/40-aniversario-jacaranda\/","title":{"rendered":"40 Aniversario Jacaranda"},"content":{"rendered":"<p><span style=\"font-weight: 400;\">El s\u00e1bado 19 de octubre fue una jornada especial para Sequiol. Las Madrinas, Natalia y Claudia, acompa\u00f1adas por Vicente Javier, tuvieron el honor de asistir a un evento muy significativo: el concierto del grupo de boleros Jacaranda en la Plaza Mayor. Este evento fue organizado con motivo de la celebraci\u00f3n del 40 aniversario de la agrupaci\u00f3n musical, un grupo muy querido que ha acompa\u00f1ado con su m\u00fasica momentos especiales de nuestra ciudad a lo largo de las \u00faltimas cuatro d\u00e9cadas.\u00a0<\/span><\/p>\n<p><span style=\"font-weight: 400;\">La Plaza Mayor se llen\u00f3 de vecinos y visitantes que acudieron para disfrutar de una noche m\u00e1gica de boleros, en la que las melod\u00edas y letras evocaban recuerdos entra\u00f1ables. Natalia y Claudia, asistieron representando con orgullo el esp\u00edritu festivo y tradicional del Sequiol.\u00a0<\/span><\/p>\n<p><span style=\"font-weight: 400;\">El concierto de Jacaranda fue una aut\u00e9ntica celebraci\u00f3n de la m\u00fasica y de la historia del grupo, que ha sabido mantenerse fiel a su estilo y conquistar el coraz\u00f3n de generaciones. Las canciones que interpretaron emocionaron a los presentes, creando una atm\u00f3sfera c\u00e1lida y nost\u00e1lgica que se prolong\u00f3 durante toda la noche.\u00a0<\/span><\/p>\n<p>&nbsp;<\/p>\n\r\n\t<div class=\"slideshow_container slideshow_container_style-light\" style=\"height: 400px; \" data-slideshow-id=\"129010\" data-style-name=\"style-light\" data-style-version=\"2.3.1\" >\r\n\r\n\t\t\t\t\t<div class=\"slideshow_loading_icon\"><\/div>\r\n\t\t\r\n\t\t<div class=\"slideshow_content\" style=\"display: none;\">\r\n\r\n\t\t\t<div class=\"slideshow_view\">\r\n\t\t\t\t<div class=\"slideshow_slide slideshow_slide_image\">\r\n\t\t\t\t\t\t\t\t\t\t\t<img src=\"https:\/\/sequiol.es\/wp-content\/uploads\/2024\/11\/20241019_JACARANDA_IMG_3830-scaled.webp\" alt=\"20241019_JACARANDA_IMG_3830\" width=\"2560\" height=\"1920\" \/>\r\n\t\t\t\t\t\t\t\t\t\t<div class=\"slideshow_description_box slideshow_transparent\">\r\n\t\t\t\t\t\t<div class=\"slideshow_title\">20241019_JACARANDA_IMG_3830<\/div>\t\t\t\t\t\t\t\t\t\t\t<\/div>\r\n\t\t\t\t<\/div>\r\n\r\n\t\t\t\t\t\t<div style=\"clear: both;\"><\/div><\/div><div class=\"slideshow_view\">\r\n\t\t\t\t<div class=\"slideshow_slide slideshow_slide_image\">\r\n\t\t\t\t\t\t\t\t\t\t\t<img src=\"https:\/\/sequiol.es\/wp-content\/uploads\/2024\/11\/20241019_JACARANDA_IMG_3826-scaled.webp\" alt=\"20241019_JACARANDA_IMG_3826\" width=\"2560\" height=\"1920\" \/>\r\n\t\t\t\t\t\t\t\t\t\t<div class=\"slideshow_description_box slideshow_transparent\">\r\n\t\t\t\t\t\t<div class=\"slideshow_title\">20241019_JACARANDA_IMG_3826<\/div>\t\t\t\t\t\t\t\t\t\t\t<\/div>\r\n\t\t\t\t<\/div>\r\n\r\n\t\t\t\t\t\t<div style=\"clear: both;\"><\/div><\/div><div class=\"slideshow_view\">\r\n\t\t\t\t<div class=\"slideshow_slide slideshow_slide_image\">\r\n\t\t\t\t\t\t\t\t\t\t\t<img src=\"https:\/\/sequiol.es\/wp-content\/uploads\/2024\/11\/20241019_JACARANDA_IMG_3824-scaled.webp\" alt=\"20241019_JACARANDA_IMG_3824\" width=\"2560\" height=\"1920\" \/>\r\n\t\t\t\t\t\t\t\t\t\t<div class=\"slideshow_description_box slideshow_transparent\">\r\n\t\t\t\t\t\t<div class=\"slideshow_title\">20241019_JACARANDA_IMG_3824<\/div>\t\t\t\t\t\t\t\t\t\t\t<\/div>\r\n\t\t\t\t<\/div>\r\n\r\n\t\t\t\t\t\t<div style=\"clear: both;\"><\/div><\/div>\r\n\t\t<\/div>\r\n\r\n\t\t<div class=\"slideshow_controlPanel slideshow_transparent\" style=\"display: none;\"><ul><li class=\"slideshow_togglePlay\" data-play-text=\"Play\" data-pause-text=\"Pause\"><\/li><\/ul><\/div>\r\n\r\n\t\t<div class=\"slideshow_button slideshow_previous slideshow_transparent\" role=\"button\" data-previous-text=\"Previous\" style=\"display: none;\"><\/div>\r\n\t\t<div class=\"slideshow_button slideshow_next slideshow_transparent\" role=\"button\" data-next-text=\"Next\" style=\"display: none;\"><\/div>\r\n\r\n\t\t<div class=\"slideshow_pagination\" style=\"display: none;\" data-go-to-text=\"Go to slide\"><div class=\"slideshow_pagination_center\"><\/div><\/div>\r\n\r\n\t\t<!-- WordPress Slideshow Version 2.3.1 -->\r\n\r\n\t\t\t<\/div>\r\n\r\n\n","protected":false},"excerpt":{"rendered":"<p>El s\u00e1bado 19 de octubre fue una jornada especial para Sequiol. Las Madrinas, Natalia y Claudia, acompa\u00f1adas por Vicente Javier, tuvieron el honor de asistir a un evento muy significativo: el concierto del grupo de boleros Jacaranda en la Plaza Mayor. Este evento fue organizado con motivo de la celebraci\u00f3n del 40 aniversario de la [&hellip;]<\/p>\n","protected":false},"author":1,"featured_media":129013,"comment_status":"open","ping_status":"open","sticky":false,"template":"","format":"standard","meta":{"footnotes":""},"categories":[178],"tags":[],"class_list":["post-129020","post","type-post","status-publish","format-standard","has-post-thumbnail","hentry","category-magdalena-2025"],"_links":{"self":[{"href":"https:\/\/sequiol.es\/es\/wp-json\/wp\/v2\/posts\/129020","targetHints":{"allow":["GET"]}}],"collection":[{"href":"https:\/\/sequiol.es\/es\/wp-json\/wp\/v2\/posts"}],"about":[{"href":"https:\/\/sequiol.es\/es\/wp-json\/wp\/v2\/types\/post"}],"author":[{"embeddable":true,"href":"https:\/\/sequiol.es\/es\/wp-json\/wp\/v2\/users\/1"}],"replies":[{"embeddable":true,"href":"https:\/\/sequiol.es\/es\/wp-json\/wp\/v2\/comments?post=129020"}],"version-history":[{"count":1,"href":"https:\/\/sequiol.es\/es\/wp-json\/wp\/v2\/posts\/129020\/revisions"}],"predecessor-version":[{"id":129021,"href":"https:\/\/sequiol.es\/es\/wp-json\/wp\/v2\/posts\/129020\/revisions\/129021"}],"wp:featuredmedia":[{"embeddable":true,"href":"https:\/\/sequiol.es\/es\/wp-json\/wp\/v2\/media\/129013"}],"wp:attachment":[{"href":"https:\/\/sequiol.es\/es\/wp-json\/wp\/v2\/media?parent=129020"}],"wp:term":[{"taxonomy":"category","embeddable":true,"href":"https:\/\/sequiol.es\/es\/wp-json\/wp\/v2\/categories?post=129020"},{"taxonomy":"post_tag","embeddable":true,"href":"https:\/\/sequiol.es\/es\/wp-json\/wp\/v2\/tags?post=129020"}],"curies":[{"name":"wp","href":"https:\/\/api.w.org\/{rel}","templated":true}]}}