{"id":124372,"date":"2024-01-27T13:50:39","date_gmt":"2024-01-27T12:50:39","guid":{"rendered":"https:\/\/sequiol.es\/?p=124372"},"modified":"2024-02-20T13:55:15","modified_gmt":"2024-02-20T12:55:15","slug":"fitur-2024","status":"publish","type":"post","link":"https:\/\/sequiol.es\/es\/fitur-2024\/","title":{"rendered":"FITUR 2024"},"content":{"rendered":"<p><span style=\"font-weight: 400;\">Y un a\u00f1o m\u00e1s, la Federaci\u00f3n Gestora de Gaiates viaja hasta Madrid para representar las Fiestas de Castell\u00f3n en la Feria Internacional de Turismo, y c\u00f3mo no, Sequiol tambi\u00e9n ha ido a representar, as\u00ed pues el pasado 27 de enero, nuestra Madrina de la Gaiata, Maria Voltes, acompa\u00f1ada del Vicepresidente, Javier Rodr\u00edguez, fue rumbo a Madrid para participar en el desfile junto al resto de sectores gaiateros en la Feria Internacional de Turismo, junto a la Reina, Lourdes y su Corte de Honor. Un desfile en el que la Gaiata de la Ciudad Infantil 2024 tuvo su m\u00e1ximo protagonismo, un reconocimiento de nuestras fiestas y muestra de lo que significan para que todos aquellos asistentes sean part\u00edcipes de ellas.\u00a0<\/span><\/p>\n<p><span style=\"font-weight: 400;\">Esta experiencia, que gracias a la la Junta de Fiestas, conjuntamente con el Patronato de fiestas, la concejal\u00eda de Turismo, la Federaci\u00f3n Gestora de Gaiates y el propio Ayuntamiento de la ciudad, se propusieron dar el realce que le corresponde a nuestra semana grande de fiestas y con ello participar en eventos como la mayor feria internacional de turismo que cada a\u00f1o se celebra en Madrid.\u00a0<\/span><\/p>\n<p><span style=\"font-weight: 400;\">Finalmente, despu\u00e9s de un muy buen trabajo, nuestra Madrina asisti\u00f3 a la comida oficial junto al resto de m\u00e1ximas representantes all\u00ed en Madrid, y pasaron un fin de semana espectacular por las calles madrile\u00f1as.\u00a0<\/span><\/p>\n<p><span style=\"font-weight: 400;\">Una experiencia espectacular, esperamos volver el pr\u00f3ximo a\u00f1o.\u00a0<\/span><\/p>\n<p>Fotos cortes\u00eda COMISIO \r\n\t<div class=\"slideshow_container slideshow_container_style-light\" style=\"height: 400px; \" data-slideshow-id=\"124345\" data-style-name=\"style-light\" data-style-version=\"2.3.1\" >\r\n\r\n\t\t\t\t\t<div class=\"slideshow_loading_icon\"><\/div>\r\n\t\t\r\n\t\t<div class=\"slideshow_content\" style=\"display: none;\">\r\n\r\n\t\t\t<div class=\"slideshow_view\">\r\n\t\t\t\t<div class=\"slideshow_slide slideshow_slide_image\">\r\n\t\t\t\t\t\t\t\t\t\t\t<img src=\"https:\/\/sequiol.es\/wp-content\/uploads\/2024\/02\/FITUR-2024-2-scaled.jpg\" alt=\"FITUR 2024 (2)\" width=\"1920\" height=\"2560\" \/>\r\n\t\t\t\t\t\t\t\t\t\t<div class=\"slideshow_description_box slideshow_transparent\">\r\n\t\t\t\t\t\t<div class=\"slideshow_title\">FITUR 2024 (2)<\/div>\t\t\t\t\t\t\t\t\t\t\t<\/div>\r\n\t\t\t\t<\/div>\r\n\r\n\t\t\t\t\t\t<div style=\"clear: both;\"><\/div><\/div><div class=\"slideshow_view\">\r\n\t\t\t\t<div class=\"slideshow_slide slideshow_slide_image\">\r\n\t\t\t\t\t\t\t\t\t\t\t<img src=\"https:\/\/sequiol.es\/wp-content\/uploads\/2024\/02\/FITUR-2024-1-scaled.jpg\" alt=\"FITUR 2024 (1)\" width=\"2560\" height=\"1920\" \/>\r\n\t\t\t\t\t\t\t\t\t\t<div class=\"slideshow_description_box slideshow_transparent\">\r\n\t\t\t\t\t\t<div class=\"slideshow_title\">FITUR 2024 (1)<\/div>\t\t\t\t\t\t\t\t\t\t\t<\/div>\r\n\t\t\t\t<\/div>\r\n\r\n\t\t\t\t\t\t<div style=\"clear: both;\"><\/div><\/div><div class=\"slideshow_view\">\r\n\t\t\t\t<div class=\"slideshow_slide slideshow_slide_image\">\r\n\t\t\t\t\t\t\t\t\t\t\t<img src=\"https:\/\/sequiol.es\/wp-content\/uploads\/2024\/02\/101C5117-4AC0-4675-803D-41BFBB39ED42-scaled.jpg\" alt=\"101C5117-4AC0-4675-803D-41BFBB39ED42\" width=\"1440\" height=\"2560\" \/>\r\n\t\t\t\t\t\t\t\t\t\t<div class=\"slideshow_description_box slideshow_transparent\">\r\n\t\t\t\t\t\t<div class=\"slideshow_title\">101C5117-4AC0-4675-803D-41BFBB39ED42<\/div>\t\t\t\t\t\t\t\t\t\t\t<\/div>\r\n\t\t\t\t<\/div>\r\n\r\n\t\t\t\t\t\t<div style=\"clear: both;\"><\/div><\/div><div class=\"slideshow_view\">\r\n\t\t\t\t<div class=\"slideshow_slide slideshow_slide_image\">\r\n\t\t\t\t\t\t\t\t\t\t\t<img src=\"https:\/\/sequiol.es\/wp-content\/uploads\/2024\/02\/IMG_1927.jpg\" alt=\"IMG_1927\" width=\"1286\" height=\"965\" \/>\r\n\t\t\t\t\t\t\t\t\t\t<div class=\"slideshow_description_box slideshow_transparent\">\r\n\t\t\t\t\t\t<div class=\"slideshow_title\">IMG_1927<\/div>\t\t\t\t\t\t\t\t\t\t\t<\/div>\r\n\t\t\t\t<\/div>\r\n\r\n\t\t\t\t\t\t<div style=\"clear: both;\"><\/div><\/div><div class=\"slideshow_view\">\r\n\t\t\t\t<div class=\"slideshow_slide slideshow_slide_image\">\r\n\t\t\t\t\t\t\t\t\t\t\t<img src=\"https:\/\/sequiol.es\/wp-content\/uploads\/2024\/02\/IMG_0001.jpg\" alt=\"IMG_0001\" width=\"2048\" height=\"1536\" \/>\r\n\t\t\t\t\t\t\t\t\t\t<div class=\"slideshow_description_box slideshow_transparent\">\r\n\t\t\t\t\t\t<div class=\"slideshow_title\">IMG_0001<\/div>\t\t\t\t\t\t\t\t\t\t\t<\/div>\r\n\t\t\t\t<\/div>\r\n\r\n\t\t\t\t\t\t<div style=\"clear: both;\"><\/div><\/div><div class=\"slideshow_view\">\r\n\t\t\t\t<div class=\"slideshow_slide slideshow_slide_image\">\r\n\t\t\t\t\t\t\t\t\t\t\t<img src=\"https:\/\/sequiol.es\/wp-content\/uploads\/2024\/02\/FITUR-2024-5-scaled.jpg\" alt=\"FITUR 2024 (5)\" width=\"1920\" height=\"2560\" \/>\r\n\t\t\t\t\t\t\t\t\t\t<div class=\"slideshow_description_box slideshow_transparent\">\r\n\t\t\t\t\t\t<div class=\"slideshow_title\">FITUR 2024 (5)<\/div>\t\t\t\t\t\t\t\t\t\t\t<\/div>\r\n\t\t\t\t<\/div>\r\n\r\n\t\t\t\t\t\t<div style=\"clear: both;\"><\/div><\/div><div class=\"slideshow_view\">\r\n\t\t\t\t<div class=\"slideshow_slide slideshow_slide_image\">\r\n\t\t\t\t\t\t\t\t\t\t\t<img src=\"https:\/\/sequiol.es\/wp-content\/uploads\/2024\/02\/FITUR-2024-4-scaled.jpg\" alt=\"FITUR 2024 (4)\" width=\"2560\" height=\"1920\" \/>\r\n\t\t\t\t\t\t\t\t\t\t<div class=\"slideshow_description_box slideshow_transparent\">\r\n\t\t\t\t\t\t<div class=\"slideshow_title\">FITUR 2024 (4)<\/div>\t\t\t\t\t\t\t\t\t\t\t<\/div>\r\n\t\t\t\t<\/div>\r\n\r\n\t\t\t\t\t\t<div style=\"clear: both;\"><\/div><\/div><div class=\"slideshow_view\">\r\n\t\t\t\t<div class=\"slideshow_slide slideshow_slide_image\">\r\n\t\t\t\t\t\t\t\t\t\t\t<img src=\"https:\/\/sequiol.es\/wp-content\/uploads\/2024\/02\/FITUR-2024-3-scaled.jpg\" alt=\"FITUR 2024 (3)\" width=\"1920\" height=\"2560\" \/>\r\n\t\t\t\t\t\t\t\t\t\t<div class=\"slideshow_description_box slideshow_transparent\">\r\n\t\t\t\t\t\t<div class=\"slideshow_title\">FITUR 2024 (3)<\/div>\t\t\t\t\t\t\t\t\t\t\t<\/div>\r\n\t\t\t\t<\/div>\r\n\r\n\t\t\t\t\t\t<div style=\"clear: both;\"><\/div><\/div>\r\n\t\t<\/div>\r\n\r\n\t\t<div class=\"slideshow_controlPanel slideshow_transparent\" style=\"display: none;\"><ul><li class=\"slideshow_togglePlay\" data-play-text=\"Play\" data-pause-text=\"Pause\"><\/li><\/ul><\/div>\r\n\r\n\t\t<div class=\"slideshow_button slideshow_previous slideshow_transparent\" role=\"button\" data-previous-text=\"Previous\" style=\"display: none;\"><\/div>\r\n\t\t<div class=\"slideshow_button slideshow_next slideshow_transparent\" role=\"button\" data-next-text=\"Next\" style=\"display: none;\"><\/div>\r\n\r\n\t\t<div class=\"slideshow_pagination\" style=\"display: none;\" data-go-to-text=\"Go to slide\"><div class=\"slideshow_pagination_center\"><\/div><\/div>\r\n\r\n\t\t<!-- WordPress Slideshow Version 2.3.1 -->\r\n\r\n\t\t\t<\/div>\r\n\r\n<\/p>\n","protected":false},"excerpt":{"rendered":"<p>Y un a\u00f1o m\u00e1s, la Federaci\u00f3n Gestora de Gaiates viaja hasta Madrid para representar las Fiestas de Castell\u00f3n en la Feria Internacional de Turismo, y c\u00f3mo no, Sequiol tambi\u00e9n ha ido a representar, as\u00ed pues el pasado 27 de enero, nuestra Madrina de la Gaiata, Maria Voltes, acompa\u00f1ada del Vicepresidente, Javier Rodr\u00edguez, fue rumbo a [&hellip;]<\/p>\n","protected":false},"author":4,"featured_media":124360,"comment_status":"open","ping_status":"open","sticky":false,"template":"","format":"standard","meta":{"footnotes":""},"categories":[174],"tags":[],"class_list":["post-124372","post","type-post","status-publish","format-standard","has-post-thumbnail","hentry","category-magdalena-2024-2"],"_links":{"self":[{"href":"https:\/\/sequiol.es\/es\/wp-json\/wp\/v2\/posts\/124372","targetHints":{"allow":["GET"]}}],"collection":[{"href":"https:\/\/sequiol.es\/es\/wp-json\/wp\/v2\/posts"}],"about":[{"href":"https:\/\/sequiol.es\/es\/wp-json\/wp\/v2\/types\/post"}],"author":[{"embeddable":true,"href":"https:\/\/sequiol.es\/es\/wp-json\/wp\/v2\/users\/4"}],"replies":[{"embeddable":true,"href":"https:\/\/sequiol.es\/es\/wp-json\/wp\/v2\/comments?post=124372"}],"version-history":[{"count":1,"href":"https:\/\/sequiol.es\/es\/wp-json\/wp\/v2\/posts\/124372\/revisions"}],"predecessor-version":[{"id":124373,"href":"https:\/\/sequiol.es\/es\/wp-json\/wp\/v2\/posts\/124372\/revisions\/124373"}],"wp:featuredmedia":[{"embeddable":true,"href":"https:\/\/sequiol.es\/es\/wp-json\/wp\/v2\/media\/124360"}],"wp:attachment":[{"href":"https:\/\/sequiol.es\/es\/wp-json\/wp\/v2\/media?parent=124372"}],"wp:term":[{"taxonomy":"category","embeddable":true,"href":"https:\/\/sequiol.es\/es\/wp-json\/wp\/v2\/categories?post=124372"},{"taxonomy":"post_tag","embeddable":true,"href":"https:\/\/sequiol.es\/es\/wp-json\/wp\/v2\/tags?post=124372"}],"curies":[{"name":"wp","href":"https:\/\/api.w.org\/{rel}","templated":true}]}}