{"id":123831,"date":"2023-12-16T19:26:39","date_gmt":"2023-12-16T18:26:39","guid":{"rendered":"https:\/\/sequiol.es\/?p=123831"},"modified":"2024-01-12T19:30:05","modified_gmt":"2024-01-12T18:30:05","slug":"exaltacion-falla-barri-valencia-burriana","status":"publish","type":"post","link":"https:\/\/sequiol.es\/es\/exaltacion-falla-barri-valencia-burriana\/","title":{"rendered":"EXALTACI\u00d3N FALLA BARRI VALENCIA BURRIANA"},"content":{"rendered":"<p><span style=\"font-weight: 400;\">Se acercaba la Navidad y se acercaba el cierre de las Presentaciones de gaiata en el Palau de la Festa hasta volver de vacaciones navide\u00f1as, y el pasado sabado 16 de diciembre Falla hermana de Burriana, Barri Val\u00e8ncia, celebraba la Exaltaci\u00f3n de las Falleras Mayores y sus Cortes de Honor.<\/span><\/p>\n<p><span style=\"font-weight: 400;\">En \u201cLa Llar Fallera\u201d, nuestros m\u00e1ximos representantes Mar\u00eda Voltes, Leyre Salinas y Victor L\u00f3pez, asist\u00edan al entra\u00f1able acto de Exaltaci\u00f3n de la Fallera Mayor Infantil, y la Fallera Mayor, y sus Cortes de Honor.\u00a0<\/span><\/p>\n<p><span style=\"font-weight: 400;\">Con un magn\u00edfico decorado dando sentido y d\u00e1ndole una historia a seguir para la presentaci\u00f3n de la Corte de Honor, la numerosa representaci\u00f3n de la falla fue accediendo al escenario, cerrando el desfile sus Falleras Mayores.<\/span><\/p>\n<p><span style=\"font-weight: 400;\">Magn\u00edfica velada al lado de nuestros amigos de Burriana, quienes nos hicieron sentir una vez m\u00e1s como en casa.<\/span><\/p>\n<p>&nbsp;<\/p>\n<p>&nbsp;<\/p>\n<p>Fotos cortes\u00eda COMISIO \r\n\t<div class=\"slideshow_container slideshow_container_style-light\" style=\"height: 400px; \" data-slideshow-id=\"123680\" data-style-name=\"style-light\" data-style-version=\"2.3.1\" >\r\n\r\n\t\t\t\t\t<div class=\"slideshow_loading_icon\"><\/div>\r\n\t\t\r\n\t\t<div class=\"slideshow_content\" style=\"display: none;\">\r\n\r\n\t\t\t<div class=\"slideshow_view\">\r\n\t\t\t\t<div class=\"slideshow_slide slideshow_slide_image\">\r\n\t\t\t\t\t\t\t\t\t\t\t<img src=\"https:\/\/sequiol.es\/wp-content\/uploads\/2023\/12\/FALLA-BARRI-VALENCIA-6.jpg\" alt=\"FALLA BARRI VALENCIA (6)\" width=\"1536\" height=\"2048\" \/>\r\n\t\t\t\t\t\t\t\t\t\t<div class=\"slideshow_description_box slideshow_transparent\">\r\n\t\t\t\t\t\t<div class=\"slideshow_title\">FALLA BARRI VALENCIA (6)<\/div>\t\t\t\t\t\t\t\t\t\t\t<\/div>\r\n\t\t\t\t<\/div>\r\n\r\n\t\t\t\t\t\t<div style=\"clear: both;\"><\/div><\/div><div class=\"slideshow_view\">\r\n\t\t\t\t<div class=\"slideshow_slide slideshow_slide_image\">\r\n\t\t\t\t\t\t\t\t\t\t\t<img src=\"https:\/\/sequiol.es\/wp-content\/uploads\/2023\/12\/FALLA-BARRI-VALENCIA-5.jpg\" alt=\"FALLA BARRI VALENCIA (5)\" width=\"733\" height=\"489\" \/>\r\n\t\t\t\t\t\t\t\t\t\t<div class=\"slideshow_description_box slideshow_transparent\">\r\n\t\t\t\t\t\t<div class=\"slideshow_title\">FALLA BARRI VALENCIA (5)<\/div>\t\t\t\t\t\t\t\t\t\t\t<\/div>\r\n\t\t\t\t<\/div>\r\n\r\n\t\t\t\t\t\t<div style=\"clear: both;\"><\/div><\/div><div class=\"slideshow_view\">\r\n\t\t\t\t<div class=\"slideshow_slide slideshow_slide_image\">\r\n\t\t\t\t\t\t\t\t\t\t\t<img src=\"https:\/\/sequiol.es\/wp-content\/uploads\/2023\/12\/FALLA-BARRI-VALENCIA-4-scaled.jpg\" alt=\"FALLA BARRI VALENCIA (4)\" width=\"2560\" height=\"1920\" \/>\r\n\t\t\t\t\t\t\t\t\t\t<div class=\"slideshow_description_box slideshow_transparent\">\r\n\t\t\t\t\t\t<div class=\"slideshow_title\">FALLA BARRI VALENCIA (4)<\/div>\t\t\t\t\t\t\t\t\t\t\t<\/div>\r\n\t\t\t\t<\/div>\r\n\r\n\t\t\t\t\t\t<div style=\"clear: both;\"><\/div><\/div><div class=\"slideshow_view\">\r\n\t\t\t\t<div class=\"slideshow_slide slideshow_slide_image\">\r\n\t\t\t\t\t\t\t\t\t\t\t<img src=\"https:\/\/sequiol.es\/wp-content\/uploads\/2023\/12\/FALLA-BARRI-VALENCIA-3-scaled.jpg\" alt=\"FALLA BARRI VALENCIA (3)\" width=\"2560\" height=\"1920\" \/>\r\n\t\t\t\t\t\t\t\t\t\t<div class=\"slideshow_description_box slideshow_transparent\">\r\n\t\t\t\t\t\t<div class=\"slideshow_title\">FALLA BARRI VALENCIA (3)<\/div>\t\t\t\t\t\t\t\t\t\t\t<\/div>\r\n\t\t\t\t<\/div>\r\n\r\n\t\t\t\t\t\t<div style=\"clear: both;\"><\/div><\/div><div class=\"slideshow_view\">\r\n\t\t\t\t<div class=\"slideshow_slide slideshow_slide_image\">\r\n\t\t\t\t\t\t\t\t\t\t\t<img src=\"https:\/\/sequiol.es\/wp-content\/uploads\/2023\/12\/FALLA-BARRI-VALENCIA-2-scaled.jpg\" alt=\"FALLA BARRI VALENCIA (2)\" width=\"2560\" height=\"1920\" \/>\r\n\t\t\t\t\t\t\t\t\t\t<div class=\"slideshow_description_box slideshow_transparent\">\r\n\t\t\t\t\t\t<div class=\"slideshow_title\">FALLA BARRI VALENCIA (2)<\/div>\t\t\t\t\t\t\t\t\t\t\t<\/div>\r\n\t\t\t\t<\/div>\r\n\r\n\t\t\t\t\t\t<div style=\"clear: both;\"><\/div><\/div><div class=\"slideshow_view\">\r\n\t\t\t\t<div class=\"slideshow_slide slideshow_slide_image\">\r\n\t\t\t\t\t\t\t\t\t\t\t<img src=\"https:\/\/sequiol.es\/wp-content\/uploads\/2023\/12\/FALLA-BARRI-VALENCIA-1-scaled.jpg\" alt=\"FALLA BARRI VALENCIA (1)\" width=\"1920\" height=\"2560\" \/>\r\n\t\t\t\t\t\t\t\t\t\t<div class=\"slideshow_description_box slideshow_transparent\">\r\n\t\t\t\t\t\t<div class=\"slideshow_title\">FALLA BARRI VALENCIA (1)<\/div>\t\t\t\t\t\t\t\t\t\t\t<\/div>\r\n\t\t\t\t<\/div>\r\n\r\n\t\t\t\t\t\t<div style=\"clear: both;\"><\/div><\/div>\r\n\t\t<\/div>\r\n\r\n\t\t<div class=\"slideshow_controlPanel slideshow_transparent\" style=\"display: none;\"><ul><li class=\"slideshow_togglePlay\" data-play-text=\"Play\" data-pause-text=\"Pause\"><\/li><\/ul><\/div>\r\n\r\n\t\t<div class=\"slideshow_button slideshow_previous slideshow_transparent\" role=\"button\" data-previous-text=\"Previous\" style=\"display: none;\"><\/div>\r\n\t\t<div class=\"slideshow_button slideshow_next slideshow_transparent\" role=\"button\" data-next-text=\"Next\" style=\"display: none;\"><\/div>\r\n\r\n\t\t<div class=\"slideshow_pagination\" style=\"display: none;\" data-go-to-text=\"Go to slide\"><div class=\"slideshow_pagination_center\"><\/div><\/div>\r\n\r\n\t\t<!-- WordPress Slideshow Version 2.3.1 -->\r\n\r\n\t\t\t<\/div>\r\n\r\n<\/p>\n","protected":false},"excerpt":{"rendered":"<p>Se acercaba la Navidad y se acercaba el cierre de las Presentaciones de gaiata en el Palau de la Festa hasta volver de vacaciones navide\u00f1as, y el pasado sabado 16 de diciembre Falla hermana de Burriana, Barri Val\u00e8ncia, celebraba la Exaltaci\u00f3n de las Falleras Mayores y sus Cortes de Honor. En \u201cLa Llar Fallera\u201d, nuestros [&hellip;]<\/p>\n","protected":false},"author":4,"featured_media":123695,"comment_status":"open","ping_status":"open","sticky":false,"template":"","format":"standard","meta":{"footnotes":""},"categories":[174],"tags":[],"class_list":["post-123831","post","type-post","status-publish","format-standard","has-post-thumbnail","hentry","category-magdalena-2024-2"],"_links":{"self":[{"href":"https:\/\/sequiol.es\/es\/wp-json\/wp\/v2\/posts\/123831","targetHints":{"allow":["GET"]}}],"collection":[{"href":"https:\/\/sequiol.es\/es\/wp-json\/wp\/v2\/posts"}],"about":[{"href":"https:\/\/sequiol.es\/es\/wp-json\/wp\/v2\/types\/post"}],"author":[{"embeddable":true,"href":"https:\/\/sequiol.es\/es\/wp-json\/wp\/v2\/users\/4"}],"replies":[{"embeddable":true,"href":"https:\/\/sequiol.es\/es\/wp-json\/wp\/v2\/comments?post=123831"}],"version-history":[{"count":1,"href":"https:\/\/sequiol.es\/es\/wp-json\/wp\/v2\/posts\/123831\/revisions"}],"predecessor-version":[{"id":123832,"href":"https:\/\/sequiol.es\/es\/wp-json\/wp\/v2\/posts\/123831\/revisions\/123832"}],"wp:featuredmedia":[{"embeddable":true,"href":"https:\/\/sequiol.es\/es\/wp-json\/wp\/v2\/media\/123695"}],"wp:attachment":[{"href":"https:\/\/sequiol.es\/es\/wp-json\/wp\/v2\/media?parent=123831"}],"wp:term":[{"taxonomy":"category","embeddable":true,"href":"https:\/\/sequiol.es\/es\/wp-json\/wp\/v2\/categories?post=123831"},{"taxonomy":"post_tag","embeddable":true,"href":"https:\/\/sequiol.es\/es\/wp-json\/wp\/v2\/tags?post=123831"}],"curies":[{"name":"wp","href":"https:\/\/api.w.org\/{rel}","templated":true}]}}