{"id":113732,"date":"2022-12-09T00:18:07","date_gmt":"2022-12-08T23:18:07","guid":{"rendered":"https:\/\/sequiol.es\/?p=113732"},"modified":"2022-12-13T00:19:21","modified_gmt":"2022-12-12T23:19:21","slug":"cena-de-navidad-gestora-de-gaiatas","status":"publish","type":"post","link":"https:\/\/sequiol.es\/es\/cena-de-navidad-gestora-de-gaiatas\/","title":{"rendered":"CENA DE NAVIDAD GESTORA DE GAIATAS"},"content":{"rendered":"<p><span style=\"font-weight: 400;\">Reci\u00e9n estrenado el mes de diciembre, ten\u00eda lugar la tradicional Cena de Navidad de la Gestora de Gaiatas, conocida coloquialmente en el mundo de la fiesta por la \u201cCena de la Pascuera\u201d. Atendiendo la convocatoria de la Federaci\u00f3 Gestora de Gaiates, asistieron a esta los miembros de la Gestora de Gaiatas, el Patronato de Fiestas, la Reina de la Magdalena 2023 Selene Tar\u00edn, las Damas de la Ciudad, adem\u00e1s de Presidentes y Madrinas de los distintos sectores gaiateros.<\/span><\/p>\n<p><span style=\"font-weight: 400;\">Y como no pod\u00eda ser de otra manera, la representaci\u00f3n Sequiolera, encabezada por nuestra Madrina, Adriana Llopis Pascual, acompa\u00f1ada por nuestra Presidenta, Elisabeth Breva.<\/span><\/p>\n<p><span style=\"font-weight: 400;\">La velada transcurri\u00f3 en el restaurante \u00c1gora, ubicado en la Universitat Jaume I, y entre risas y an\u00e9cdotas, y con una rica y amplia cena, fue pasando una velada fiestera estupenda.\u00a0<\/span><\/p>\n<p><span style=\"font-weight: 400;\">Una vez finalizada la cena, comenz\u00f3 el turno de los discursos y de las felicitaciones por las fiestas navide\u00f1as, y para ello, tanto Omar Braina, Presidente del Patronato Municipal de las Fiestas, como Jos\u00e9 Antonio Lle\u00f3, Presidente de la Gestora de Gaitas, quisieron dirigir unas palabras. Y para finalizar, nuestra Reina Selene les dese\u00f3 felices fiestas a todos los presentes.\u00a0<\/span><\/p>\n<p><span style=\"font-weight: 400;\">Seguidamente, comenz\u00f3 el momento en el que ofrendaron a todas las representantes de las comisiones gaiateras con una flor de Pascua, y nuestra Madrina Adriana tambi\u00e9n recibi\u00f3 una.<\/span><\/p>\n<p><span style=\"font-weight: 400;\">Para finalizar la velada, cerr\u00e1ndose el acto con un brindis, pasaron al momento m\u00e1s divertido de la noche, donde todos los asistentes disfrutaron bailando.\u00a0<\/span><\/p>\n<p>&nbsp;<\/p>\n<p>+Fotos cortes\u00eda COMISION \r\n\t<div class=\"slideshow_container slideshow_container_style-light\" style=\"height: 400px; \" data-slideshow-id=\"113695\" data-style-name=\"style-light\" data-style-version=\"2.3.1\" >\r\n\r\n\t\t\t\t\t<div class=\"slideshow_loading_icon\"><\/div>\r\n\t\t\r\n\t\t<div class=\"slideshow_content\" style=\"display: none;\">\r\n\r\n\t\t\t<div class=\"slideshow_view\">\r\n\t\t\t\t<div class=\"slideshow_slide slideshow_slide_image\">\r\n\t\t\t\t\t\t\t\t\t\t\t<img src=\"https:\/\/sequiol.es\/wp-content\/uploads\/2022\/12\/Copia-de-PHOTO-2022-12-10-19-56-40.jpg\" alt=\"Copia de PHOTO-2022-12-10-19-56-40\" width=\"2048\" height=\"1366\" \/>\r\n\t\t\t\t\t\t\t\t\t\t<div class=\"slideshow_description_box slideshow_transparent\">\r\n\t\t\t\t\t\t<div class=\"slideshow_title\">Copia de PHOTO-2022-12-10-19-56-40<\/div>\t\t\t\t\t\t\t\t\t\t\t<\/div>\r\n\t\t\t\t<\/div>\r\n\r\n\t\t\t\t\t\t<div style=\"clear: both;\"><\/div><\/div><div class=\"slideshow_view\">\r\n\t\t\t\t<div class=\"slideshow_slide slideshow_slide_image\">\r\n\t\t\t\t\t\t\t\t\t\t\t<img src=\"https:\/\/sequiol.es\/wp-content\/uploads\/2022\/12\/Copia-de-PHOTO-2022-12-10-00-26-16.jpg\" alt=\"Copia de PHOTO-2022-12-10-00-26-16\" width=\"1024\" height=\"768\" \/>\r\n\t\t\t\t\t\t\t\t\t\t<div class=\"slideshow_description_box slideshow_transparent\">\r\n\t\t\t\t\t\t<div class=\"slideshow_title\">Copia de PHOTO-2022-12-10-00-26-16<\/div>\t\t\t\t\t\t\t\t\t\t\t<\/div>\r\n\t\t\t\t<\/div>\r\n\r\n\t\t\t\t\t\t<div style=\"clear: both;\"><\/div><\/div><div class=\"slideshow_view\">\r\n\t\t\t\t<div class=\"slideshow_slide slideshow_slide_image\">\r\n\t\t\t\t\t\t\t\t\t\t\t<img src=\"https:\/\/sequiol.es\/wp-content\/uploads\/2022\/12\/Copia-de-PHOTO-2022-12-09-23-57-57.jpg\" alt=\"Copia de PHOTO-2022-12-09-23-57-57\" width=\"1600\" height=\"900\" \/>\r\n\t\t\t\t\t\t\t\t\t\t<div class=\"slideshow_description_box slideshow_transparent\">\r\n\t\t\t\t\t\t<div class=\"slideshow_title\">Copia de PHOTO-2022-12-09-23-57-57<\/div>\t\t\t\t\t\t\t\t\t\t\t<\/div>\r\n\t\t\t\t<\/div>\r\n\r\n\t\t\t\t\t\t<div style=\"clear: both;\"><\/div><\/div><div class=\"slideshow_view\">\r\n\t\t\t\t<div class=\"slideshow_slide slideshow_slide_image\">\r\n\t\t\t\t\t\t\t\t\t\t\t<img src=\"https:\/\/sequiol.es\/wp-content\/uploads\/2022\/12\/Copia-de-IMG_7102-scaled.jpg\" alt=\"Copia de IMG_7102\" width=\"1920\" height=\"2560\" \/>\r\n\t\t\t\t\t\t\t\t\t\t<div class=\"slideshow_description_box slideshow_transparent\">\r\n\t\t\t\t\t\t<div class=\"slideshow_title\">Copia de IMG_7102<\/div>\t\t\t\t\t\t\t\t\t\t\t<\/div>\r\n\t\t\t\t<\/div>\r\n\r\n\t\t\t\t\t\t<div style=\"clear: both;\"><\/div><\/div><div class=\"slideshow_view\">\r\n\t\t\t\t<div class=\"slideshow_slide slideshow_slide_image\">\r\n\t\t\t\t\t\t\t\t\t\t\t<img src=\"https:\/\/sequiol.es\/wp-content\/uploads\/2022\/12\/Copia-de-IMG_7100-scaled.jpg\" alt=\"Copia de IMG_7100\" width=\"1920\" height=\"2560\" \/>\r\n\t\t\t\t\t\t\t\t\t\t<div class=\"slideshow_description_box slideshow_transparent\">\r\n\t\t\t\t\t\t<div class=\"slideshow_title\">Copia de IMG_7100<\/div>\t\t\t\t\t\t\t\t\t\t\t<\/div>\r\n\t\t\t\t<\/div>\r\n\r\n\t\t\t\t\t\t<div style=\"clear: both;\"><\/div><\/div><div class=\"slideshow_view\">\r\n\t\t\t\t<div class=\"slideshow_slide slideshow_slide_image\">\r\n\t\t\t\t\t\t\t\t\t\t\t<img src=\"https:\/\/sequiol.es\/wp-content\/uploads\/2022\/12\/Copia-de-IMG_7097-scaled.jpg\" alt=\"Copia de IMG_7097\" width=\"1920\" height=\"2560\" \/>\r\n\t\t\t\t\t\t\t\t\t\t<div class=\"slideshow_description_box slideshow_transparent\">\r\n\t\t\t\t\t\t<div class=\"slideshow_title\">Copia de IMG_7097<\/div>\t\t\t\t\t\t\t\t\t\t\t<\/div>\r\n\t\t\t\t<\/div>\r\n\r\n\t\t\t\t\t\t<div style=\"clear: both;\"><\/div><\/div><div class=\"slideshow_view\">\r\n\t\t\t\t<div class=\"slideshow_slide slideshow_slide_image\">\r\n\t\t\t\t\t\t\t\t\t\t\t<img src=\"https:\/\/sequiol.es\/wp-content\/uploads\/2022\/12\/Copia-de-IMG_7080-scaled.jpg\" alt=\"Copia de IMG_7080\" width=\"2560\" height=\"1923\" \/>\r\n\t\t\t\t\t\t\t\t\t\t<div class=\"slideshow_description_box slideshow_transparent\">\r\n\t\t\t\t\t\t<div class=\"slideshow_title\">Copia de IMG_7080<\/div>\t\t\t\t\t\t\t\t\t\t\t<\/div>\r\n\t\t\t\t<\/div>\r\n\r\n\t\t\t\t\t\t<div style=\"clear: both;\"><\/div><\/div><div class=\"slideshow_view\">\r\n\t\t\t\t<div class=\"slideshow_slide slideshow_slide_image\">\r\n\t\t\t\t\t\t\t\t\t\t\t<img src=\"https:\/\/sequiol.es\/wp-content\/uploads\/2022\/12\/Copia-de-452.jpg\" alt=\"Copia de 452\" width=\"886\" height=\"591\" \/>\r\n\t\t\t\t\t\t\t\t\t\t<div class=\"slideshow_description_box slideshow_transparent\">\r\n\t\t\t\t\t\t<div class=\"slideshow_title\">Copia de 452<\/div>\t\t\t\t\t\t\t\t\t\t\t<\/div>\r\n\t\t\t\t<\/div>\r\n\r\n\t\t\t\t\t\t<div style=\"clear: both;\"><\/div><\/div><div class=\"slideshow_view\">\r\n\t\t\t\t<div class=\"slideshow_slide slideshow_slide_image\">\r\n\t\t\t\t\t\t\t\t\t\t\t<img src=\"https:\/\/sequiol.es\/wp-content\/uploads\/2022\/12\/Copia-de-338.jpg\" alt=\"Copia de 338\" width=\"591\" height=\"886\" \/>\r\n\t\t\t\t\t\t\t\t\t\t<div class=\"slideshow_description_box slideshow_transparent\">\r\n\t\t\t\t\t\t<div class=\"slideshow_title\">Copia de 338<\/div>\t\t\t\t\t\t\t\t\t\t\t<\/div>\r\n\t\t\t\t<\/div>\r\n\r\n\t\t\t\t\t\t<div style=\"clear: both;\"><\/div><\/div><div class=\"slideshow_view\">\r\n\t\t\t\t<div class=\"slideshow_slide slideshow_slide_image\">\r\n\t\t\t\t\t\t\t\t\t\t\t<img src=\"https:\/\/sequiol.es\/wp-content\/uploads\/2022\/12\/Copia-de-287.jpg\" alt=\"Copia de 287\" width=\"886\" height=\"591\" \/>\r\n\t\t\t\t\t\t\t\t\t\t<div class=\"slideshow_description_box slideshow_transparent\">\r\n\t\t\t\t\t\t<div class=\"slideshow_title\">Copia de 287<\/div>\t\t\t\t\t\t\t\t\t\t\t<\/div>\r\n\t\t\t\t<\/div>\r\n\r\n\t\t\t\t\t\t<div style=\"clear: both;\"><\/div><\/div><div class=\"slideshow_view\">\r\n\t\t\t\t<div class=\"slideshow_slide slideshow_slide_image\">\r\n\t\t\t\t\t\t\t\t\t\t\t<img src=\"https:\/\/sequiol.es\/wp-content\/uploads\/2022\/12\/Copia-de-059.jpg\" alt=\"Copia de 059\" width=\"886\" height=\"591\" \/>\r\n\t\t\t\t\t\t\t\t\t\t<div class=\"slideshow_description_box slideshow_transparent\">\r\n\t\t\t\t\t\t<div class=\"slideshow_title\">Copia de 059<\/div>\t\t\t\t\t\t\t\t\t\t\t<\/div>\r\n\t\t\t\t<\/div>\r\n\r\n\t\t\t\t\t\t<div style=\"clear: both;\"><\/div><\/div><div class=\"slideshow_view\">\r\n\t\t\t\t<div class=\"slideshow_slide slideshow_slide_image\">\r\n\t\t\t\t\t\t\t\t\t\t\t<img src=\"https:\/\/sequiol.es\/wp-content\/uploads\/2022\/12\/Copia-de-053.jpg\" alt=\"Copia de 053\" width=\"886\" height=\"591\" \/>\r\n\t\t\t\t\t\t\t\t\t\t<div class=\"slideshow_description_box slideshow_transparent\">\r\n\t\t\t\t\t\t<div class=\"slideshow_title\">Copia de 053<\/div>\t\t\t\t\t\t\t\t\t\t\t<\/div>\r\n\t\t\t\t<\/div>\r\n\r\n\t\t\t\t\t\t<div style=\"clear: both;\"><\/div><\/div>\r\n\t\t<\/div>\r\n\r\n\t\t<div class=\"slideshow_controlPanel slideshow_transparent\" style=\"display: none;\"><ul><li class=\"slideshow_togglePlay\" data-play-text=\"Play\" data-pause-text=\"Pause\"><\/li><\/ul><\/div>\r\n\r\n\t\t<div class=\"slideshow_button slideshow_previous slideshow_transparent\" role=\"button\" data-previous-text=\"Previous\" style=\"display: none;\"><\/div>\r\n\t\t<div class=\"slideshow_button slideshow_next slideshow_transparent\" role=\"button\" data-next-text=\"Next\" style=\"display: none;\"><\/div>\r\n\r\n\t\t<div class=\"slideshow_pagination\" style=\"display: none;\" data-go-to-text=\"Go to slide\"><div class=\"slideshow_pagination_center\"><\/div><\/div>\r\n\r\n\t\t<!-- WordPress Slideshow Version 2.3.1 -->\r\n\r\n\t\t\t<\/div>\r\n\r\n<\/p>\n","protected":false},"excerpt":{"rendered":"<p>Reci\u00e9n estrenado el mes de diciembre, ten\u00eda lugar la tradicional Cena de Navidad de la Gestora de Gaiatas, conocida coloquialmente en el mundo de la fiesta por la \u201cCena de la Pascuera\u201d. Atendiendo la convocatoria de la Federaci\u00f3 Gestora de Gaiates, asistieron a esta los miembros de la Gestora de Gaiatas, el Patronato de Fiestas, [&hellip;]<\/p>\n","protected":false},"author":4,"featured_media":113705,"comment_status":"open","ping_status":"open","sticky":false,"template":"","format":"standard","meta":{"footnotes":""},"categories":[171],"tags":[],"class_list":["post-113732","post","type-post","status-publish","format-standard","has-post-thumbnail","hentry","category-magdalena-2023-2"],"_links":{"self":[{"href":"https:\/\/sequiol.es\/es\/wp-json\/wp\/v2\/posts\/113732","targetHints":{"allow":["GET"]}}],"collection":[{"href":"https:\/\/sequiol.es\/es\/wp-json\/wp\/v2\/posts"}],"about":[{"href":"https:\/\/sequiol.es\/es\/wp-json\/wp\/v2\/types\/post"}],"author":[{"embeddable":true,"href":"https:\/\/sequiol.es\/es\/wp-json\/wp\/v2\/users\/4"}],"replies":[{"embeddable":true,"href":"https:\/\/sequiol.es\/es\/wp-json\/wp\/v2\/comments?post=113732"}],"version-history":[{"count":1,"href":"https:\/\/sequiol.es\/es\/wp-json\/wp\/v2\/posts\/113732\/revisions"}],"predecessor-version":[{"id":113733,"href":"https:\/\/sequiol.es\/es\/wp-json\/wp\/v2\/posts\/113732\/revisions\/113733"}],"wp:featuredmedia":[{"embeddable":true,"href":"https:\/\/sequiol.es\/es\/wp-json\/wp\/v2\/media\/113705"}],"wp:attachment":[{"href":"https:\/\/sequiol.es\/es\/wp-json\/wp\/v2\/media?parent=113732"}],"wp:term":[{"taxonomy":"category","embeddable":true,"href":"https:\/\/sequiol.es\/es\/wp-json\/wp\/v2\/categories?post=113732"},{"taxonomy":"post_tag","embeddable":true,"href":"https:\/\/sequiol.es\/es\/wp-json\/wp\/v2\/tags?post=113732"}],"curies":[{"name":"wp","href":"https:\/\/api.w.org\/{rel}","templated":true}]}}