{"id":109164,"date":"2022-04-10T16:35:39","date_gmt":"2022-04-10T14:35:39","guid":{"rendered":"https:\/\/sequiol.es\/?p=109164"},"modified":"2022-06-29T16:37:24","modified_gmt":"2022-06-29T14:37:24","slug":"gala-de-la-pirotecnia-magdalena-2022","status":"publish","type":"post","link":"https:\/\/sequiol.es\/es\/gala-de-la-pirotecnia-magdalena-2022\/","title":{"rendered":"GALA DE LA PIROTECNIA &#8211;  MAGDALENA 2022"},"content":{"rendered":"<p>El pasado domingo 10 de abril, en el Palau de la Festa, se celebr\u00f3 la Gala de la Pirotecnia. Un acto concebido para agradecer la participaci\u00f3n de todas las firmas pirot\u00e9cnicas que act\u00faan durante la reci\u00e9n finalizada semana festera de la Magdalena. Adem\u00e1s, en este acto, se da a conocer el veredicto del Jurado del concurso de Mascletaes \u00abCiutat de Castell\u00f3\u00bb; que este a\u00f1o cumpl\u00eda su vigesimosexta edici\u00f3n.<br \/>\nAl acto acudieron las Reinas de las Fiestas, Carmen y Gal\u2022la, con sus respectivas Cortes de Honor; el Concejal de Fiestas y Presidente del Patronato; as\u00ed como miembros del Consejo Rector. A la cita estaban invitados, adem\u00e1s de los representantes de las diferentes firmas pirot\u00e9cnicas participantes, las representaciones de los diferentes entes colaboradores y vinculados de la Ciudad. Y, como no pod\u00eda ser de otra manera, la Gaiata 15 Sequiol, contaba con la presencia de nuestras m\u00e1ximas representantes: la Madrina,  Lourdes Climent y la Madrina Infantil, Alejandra S\u00e1ez, acompa\u00f1adas por el Vicepresidente de la asociaci\u00f3n, Javier Rodr\u00edguez.<br \/>\nCon la maestr\u00eda caracter\u00edstica del polifac\u00e9tico Sequiolo Javier Roig, dio comienzo la gala, con una soberbia actuaci\u00f3n de la Colla de Dol\u00e7ainer Xaloc, bajo la direcci\u00f3n de Adri\u00e1n Nebot, que conjugo el son del tabal y la dol\u00e7aina con el sonido y las im\u00e1genes de la pirotecnia; una composici\u00f3n ideada para el acto de la Enfarol\u00e0, que no se pudo realizar.<br \/>\nSeguidamente, Javier, invit\u00f3 a tomar el escenario a las Reinas de las Fiestas, acompa\u00f1adas por el Presidente del Patronato de Fiestas, para hacer entrega de una metopa a los representantes de las diferentes empresas pirot\u00e9cnicas, participantes en la Magdalena 2022: Pirotecnia Pibierzo, Pirotecnia Turis, Pirot\u00e9cnia Hermanos Sirvent, Pirotecnia Caballer FX, Pirotecnia Zaragozana, Pirotecnia Pe\u00f1arroja y Pirotecnia Mart\u00ed.<br \/>\nUna actuaci\u00f3n musical abri\u00f3 el momento de los homenajes. En primer lugar fueron los representantes del Club Deportivo Castell\u00f3n, por cumplirse este a\u00f1o su centenario, los que recibieron un detalle de las manos de las Reinas de las Fiestas. Seguidamente se brind\u00f3 un recuerdo p\u00f3stumo a Manuel Garc\u00eda de la Osa, una persona siempre dispuesta a prestar su colaboraci\u00f3n con las sucesivas Juntas de Fiestas y, especialmente, en el \u00e1mbito pirot\u00e9cnico.<br \/>\nA continuaci\u00f3n, llegaba el momento estelar de la gala: la lectura del acta del Jurado de Mascletaes. Un jurado compuesto por Luis Oria, como Presidente, y los vocales: Agust\u00edn Mon, Candi Segura, Antonio \u00c1guila, Irene Segura, Rafa Alabau, Raquel Carceller, Jorge Batiste, Carmen Gumbau, Jovi Monroig, Crist\u00f3bal Badenes, Paco Carbonell, Jos\u00e9 Manuel Milian y Lid\u00f3n Batiste, actuando como secretaria del mismo.<br \/>\nTom\u00f3 la palabra la Secretaria del Jurado para dar lectura al veredicto. En primer lugar se indicaba que, ante la ausencia del Presidente, ejerc\u00eda como tal el primer vocal, Agust\u00edn Mon. Segundo, en virtud de lo dispuesto en la cl\u00e1usula decimoquinta, del apartado tercero, de las bases t\u00e9cnicas que regulan dicho concurso, las cuatro empresas que no efectuaron su disparo en los d\u00edas programados por las inclemencias meteorol\u00f3gicas; esto es Pirot\u00e9cnia Pibierzo, Pirotecnia Turis, Pirotecnia Caballer FX y Pirotecnia Pe\u00f1arroja, ; quedaban fuera del concurso. Y tercero, seg\u00fan las facultades que les otorgaban las cl\u00e1usulas decimoprimera y decimosegunda de las bases administrativas que regulan este concurso, el Jurado, por unanimidad, tomaba la decisi\u00f3n de declarar desierto la XXVI edici\u00f3n del concurso, \u00abdadas las circunstancias excepcionales y teniendo en consideraci\u00f3n las dificultades que tuvieron las empresas que s\u00ed pudieron disparar para montar sus espect\u00e1culos a causa de las condiciones meteorol\u00f3gicas\u00bb. No obstante, se hacia una menci\u00f3n especial a la masclet\u00e0 disparada el domingo 27 de marzo, por Pirotecnia Mart\u00ed.<br \/>\nPara finalizar el acto, tom\u00f3 la palabra el presidente del Patronato quien quiso agradecer a todos: empresas, entes festeros, comisi\u00f3n&#8230;, a todos cuantos han hecho posible el desarrollo de la Magdalena 2022, haciendo una menci\u00f3n espec\u00edfica a quien hab\u00eda asumido el \u00e1rea de pirotecnia, dentro de la comisi\u00f3n, e ide\u00f3logo de esta gala; el Sequiolo Jorge Mart\u00ed.<br \/>\nEl visionado de una masclet\u00e0 dio paso al vino de honor que pon\u00eda punto y final a la gala de la pirotecnia de la Magdalena 2022. Una edici\u00f3n en la que la lluvia nos priv\u00f3 de poder disfrutar de los siete espect\u00e1culos pirot\u00e9cnicos que compon\u00edan la vigesimosexta edici\u00f3n del concurso de Mascletaes \u00abCiutat de Castello\u00bb. Todos los castellonenses esperamos ya, impacientes, las fechas en las que poder disfrutar de todos estos espect\u00e1culos pirot\u00e9cnicos suspendidos durante la semana magdalenera. <\/p>\n<p>Fotos cortes\u00eda MUPHY \r\n\t<div class=\"slideshow_container slideshow_container_style-light\" style=\"height: 400px; \" data-slideshow-id=\"109127\" data-style-name=\"style-light\" data-style-version=\"2.3.1\" >\r\n\r\n\t\t\t\t\t<div class=\"slideshow_loading_icon\"><\/div>\r\n\t\t\r\n\t\t<div class=\"slideshow_content\" style=\"display: none;\">\r\n\r\n\t\t\t<div class=\"slideshow_view\">\r\n\t\t\t\t<div class=\"slideshow_slide slideshow_slide_image\">\r\n\t\t\t\t\t\t\t\t\t\t\t<img src=\"https:\/\/sequiol.es\/wp-content\/uploads\/2022\/06\/PHOTO-2022-04-11-11-44-08.jpg\" alt=\"PHOTO-2022-04-11-11-44-08\" width=\"1600\" height=\"1200\" \/>\r\n\t\t\t\t\t\t\t\t\t\t<div class=\"slideshow_description_box slideshow_transparent\">\r\n\t\t\t\t\t\t<div class=\"slideshow_title\">PHOTO-2022-04-11-11-44-08<\/div>\t\t\t\t\t\t\t\t\t\t\t<\/div>\r\n\t\t\t\t<\/div>\r\n\r\n\t\t\t\t\t\t<div style=\"clear: both;\"><\/div><\/div><div class=\"slideshow_view\">\r\n\t\t\t\t<div class=\"slideshow_slide slideshow_slide_image\">\r\n\t\t\t\t\t\t\t\t\t\t\t<img src=\"https:\/\/sequiol.es\/wp-content\/uploads\/2022\/06\/f6de962c-ba8f-4d92-a7ac-975b5e361e84.jpg\" alt=\"f6de962c-ba8f-4d92-a7ac-975b5e361e84\" width=\"1600\" height=\"1066\" \/>\r\n\t\t\t\t\t\t\t\t\t\t<div class=\"slideshow_description_box slideshow_transparent\">\r\n\t\t\t\t\t\t<div class=\"slideshow_title\">f6de962c-ba8f-4d92-a7ac-975b5e361e84<\/div>\t\t\t\t\t\t\t\t\t\t\t<\/div>\r\n\t\t\t\t<\/div>\r\n\r\n\t\t\t\t\t\t<div style=\"clear: both;\"><\/div><\/div><div class=\"slideshow_view\">\r\n\t\t\t\t<div class=\"slideshow_slide slideshow_slide_image\">\r\n\t\t\t\t\t\t\t\t\t\t\t<img src=\"https:\/\/sequiol.es\/wp-content\/uploads\/2022\/06\/e573a606-4f04-4b87-88b1-263d2f112c98.jpg\" alt=\"e573a606-4f04-4b87-88b1-263d2f112c98\" width=\"1600\" height=\"1066\" \/>\r\n\t\t\t\t\t\t\t\t\t\t<div class=\"slideshow_description_box slideshow_transparent\">\r\n\t\t\t\t\t\t<div class=\"slideshow_title\">e573a606-4f04-4b87-88b1-263d2f112c98<\/div>\t\t\t\t\t\t\t\t\t\t\t<\/div>\r\n\t\t\t\t<\/div>\r\n\r\n\t\t\t\t\t\t<div style=\"clear: both;\"><\/div><\/div><div class=\"slideshow_view\">\r\n\t\t\t\t<div class=\"slideshow_slide slideshow_slide_image\">\r\n\t\t\t\t\t\t\t\t\t\t\t<img src=\"https:\/\/sequiol.es\/wp-content\/uploads\/2022\/06\/dff9b589-9f52-49f7-a0ab-5574f6146c4f.jpg\" alt=\"dff9b589-9f52-49f7-a0ab-5574f6146c4f\" width=\"1600\" height=\"1066\" \/>\r\n\t\t\t\t\t\t\t\t\t\t<div class=\"slideshow_description_box slideshow_transparent\">\r\n\t\t\t\t\t\t<div class=\"slideshow_title\">dff9b589-9f52-49f7-a0ab-5574f6146c4f<\/div>\t\t\t\t\t\t\t\t\t\t\t<\/div>\r\n\t\t\t\t<\/div>\r\n\r\n\t\t\t\t\t\t<div style=\"clear: both;\"><\/div><\/div><div class=\"slideshow_view\">\r\n\t\t\t\t<div class=\"slideshow_slide slideshow_slide_image\">\r\n\t\t\t\t\t\t\t\t\t\t\t<img src=\"https:\/\/sequiol.es\/wp-content\/uploads\/2022\/06\/b028a963-95ec-4684-8773-9a221956e9e0.jpg\" alt=\"b028a963-95ec-4684-8773-9a221956e9e0\" width=\"1600\" height=\"1066\" \/>\r\n\t\t\t\t\t\t\t\t\t\t<div class=\"slideshow_description_box slideshow_transparent\">\r\n\t\t\t\t\t\t<div class=\"slideshow_title\">b028a963-95ec-4684-8773-9a221956e9e0<\/div>\t\t\t\t\t\t\t\t\t\t\t<\/div>\r\n\t\t\t\t<\/div>\r\n\r\n\t\t\t\t\t\t<div style=\"clear: both;\"><\/div><\/div><div class=\"slideshow_view\">\r\n\t\t\t\t<div class=\"slideshow_slide slideshow_slide_image\">\r\n\t\t\t\t\t\t\t\t\t\t\t<img src=\"https:\/\/sequiol.es\/wp-content\/uploads\/2022\/06\/337073cb-5544-4835-a6b7-02c82ee13c22.jpg\" alt=\"337073cb-5544-4835-a6b7-02c82ee13c22\" width=\"1600\" height=\"1066\" \/>\r\n\t\t\t\t\t\t\t\t\t\t<div class=\"slideshow_description_box slideshow_transparent\">\r\n\t\t\t\t\t\t<div class=\"slideshow_title\">337073cb-5544-4835-a6b7-02c82ee13c22<\/div>\t\t\t\t\t\t\t\t\t\t\t<\/div>\r\n\t\t\t\t<\/div>\r\n\r\n\t\t\t\t\t\t<div style=\"clear: both;\"><\/div><\/div><div class=\"slideshow_view\">\r\n\t\t\t\t<div class=\"slideshow_slide slideshow_slide_image\">\r\n\t\t\t\t\t\t\t\t\t\t\t<img src=\"https:\/\/sequiol.es\/wp-content\/uploads\/2022\/06\/9026ea33-6708-42be-9ed7-28d94220df23.jpg\" alt=\"9026ea33-6708-42be-9ed7-28d94220df23\" width=\"1600\" height=\"1066\" \/>\r\n\t\t\t\t\t\t\t\t\t\t<div class=\"slideshow_description_box slideshow_transparent\">\r\n\t\t\t\t\t\t<div class=\"slideshow_title\">9026ea33-6708-42be-9ed7-28d94220df23<\/div>\t\t\t\t\t\t\t\t\t\t\t<\/div>\r\n\t\t\t\t<\/div>\r\n\r\n\t\t\t\t\t\t<div style=\"clear: both;\"><\/div><\/div><div class=\"slideshow_view\">\r\n\t\t\t\t<div class=\"slideshow_slide slideshow_slide_image\">\r\n\t\t\t\t\t\t\t\t\t\t\t<img src=\"https:\/\/sequiol.es\/wp-content\/uploads\/2022\/06\/72d3e13a-3b65-4405-b79b-6d7b10f95704.jpg\" alt=\"72d3e13a-3b65-4405-b79b-6d7b10f95704\" width=\"1600\" height=\"1066\" \/>\r\n\t\t\t\t\t\t\t\t\t\t<div class=\"slideshow_description_box slideshow_transparent\">\r\n\t\t\t\t\t\t<div class=\"slideshow_title\">72d3e13a-3b65-4405-b79b-6d7b10f95704<\/div>\t\t\t\t\t\t\t\t\t\t\t<\/div>\r\n\t\t\t\t<\/div>\r\n\r\n\t\t\t\t\t\t<div style=\"clear: both;\"><\/div><\/div><div class=\"slideshow_view\">\r\n\t\t\t\t<div class=\"slideshow_slide slideshow_slide_image\">\r\n\t\t\t\t\t\t\t\t\t\t\t<img src=\"https:\/\/sequiol.es\/wp-content\/uploads\/2022\/06\/55c1bd2f-e11e-40c5-9323-0d665dbec9c9.jpg\" alt=\"55c1bd2f-e11e-40c5-9323-0d665dbec9c9\" width=\"1600\" height=\"1066\" \/>\r\n\t\t\t\t\t\t\t\t\t\t<div class=\"slideshow_description_box slideshow_transparent\">\r\n\t\t\t\t\t\t<div class=\"slideshow_title\">55c1bd2f-e11e-40c5-9323-0d665dbec9c9<\/div>\t\t\t\t\t\t\t\t\t\t\t<\/div>\r\n\t\t\t\t<\/div>\r\n\r\n\t\t\t\t\t\t<div style=\"clear: both;\"><\/div><\/div><div class=\"slideshow_view\">\r\n\t\t\t\t<div class=\"slideshow_slide slideshow_slide_image\">\r\n\t\t\t\t\t\t\t\t\t\t\t<img src=\"https:\/\/sequiol.es\/wp-content\/uploads\/2022\/06\/39dfe14a-dd8d-4fc1-b16e-b8ccbb2cb213.jpg\" alt=\"39dfe14a-dd8d-4fc1-b16e-b8ccbb2cb213\" width=\"1600\" height=\"1066\" \/>\r\n\t\t\t\t\t\t\t\t\t\t<div class=\"slideshow_description_box slideshow_transparent\">\r\n\t\t\t\t\t\t<div class=\"slideshow_title\">39dfe14a-dd8d-4fc1-b16e-b8ccbb2cb213<\/div>\t\t\t\t\t\t\t\t\t\t\t<\/div>\r\n\t\t\t\t<\/div>\r\n\r\n\t\t\t\t\t\t<div style=\"clear: both;\"><\/div><\/div><div class=\"slideshow_view\">\r\n\t\t\t\t<div class=\"slideshow_slide slideshow_slide_image\">\r\n\t\t\t\t\t\t\t\t\t\t\t<img src=\"https:\/\/sequiol.es\/wp-content\/uploads\/2022\/06\/8c5d1006-8dee-4386-ba1a-29852894ab63.jpg\" alt=\"8c5d1006-8dee-4386-ba1a-29852894ab63\" width=\"1600\" height=\"1066\" \/>\r\n\t\t\t\t\t\t\t\t\t\t<div class=\"slideshow_description_box slideshow_transparent\">\r\n\t\t\t\t\t\t<div class=\"slideshow_title\">8c5d1006-8dee-4386-ba1a-29852894ab63<\/div>\t\t\t\t\t\t\t\t\t\t\t<\/div>\r\n\t\t\t\t<\/div>\r\n\r\n\t\t\t\t\t\t<div style=\"clear: both;\"><\/div><\/div><div class=\"slideshow_view\">\r\n\t\t\t\t<div class=\"slideshow_slide slideshow_slide_image\">\r\n\t\t\t\t\t\t\t\t\t\t\t<img src=\"https:\/\/sequiol.es\/wp-content\/uploads\/2022\/06\/6f719147-d85f-4d39-a346-cb76769100bb.jpg\" alt=\"6f719147-d85f-4d39-a346-cb76769100bb\" width=\"1600\" height=\"1066\" \/>\r\n\t\t\t\t\t\t\t\t\t\t<div class=\"slideshow_description_box slideshow_transparent\">\r\n\t\t\t\t\t\t<div class=\"slideshow_title\">6f719147-d85f-4d39-a346-cb76769100bb<\/div>\t\t\t\t\t\t\t\t\t\t\t<\/div>\r\n\t\t\t\t<\/div>\r\n\r\n\t\t\t\t\t\t<div style=\"clear: both;\"><\/div><\/div>\r\n\t\t<\/div>\r\n\r\n\t\t<div class=\"slideshow_controlPanel slideshow_transparent\" style=\"display: none;\"><ul><li class=\"slideshow_togglePlay\" data-play-text=\"Play\" data-pause-text=\"Pause\"><\/li><\/ul><\/div>\r\n\r\n\t\t<div class=\"slideshow_button slideshow_previous slideshow_transparent\" role=\"button\" data-previous-text=\"Previous\" style=\"display: none;\"><\/div>\r\n\t\t<div class=\"slideshow_button slideshow_next slideshow_transparent\" role=\"button\" data-next-text=\"Next\" style=\"display: none;\"><\/div>\r\n\r\n\t\t<div class=\"slideshow_pagination\" style=\"display: none;\" data-go-to-text=\"Go to slide\"><div class=\"slideshow_pagination_center\"><\/div><\/div>\r\n\r\n\t\t<!-- WordPress Slideshow Version 2.3.1 -->\r\n\r\n\t\t\t<\/div>\r\n\r\n<\/p>\n","protected":false},"excerpt":{"rendered":"<p>El pasado domingo 10 de abril, en el Palau de la Festa, se celebr\u00f3 la Gala de la Pirotecnia. Un acto concebido para agradecer la participaci\u00f3n de todas las firmas pirot\u00e9cnicas que act\u00faan durante la reci\u00e9n finalizada semana festera de la Magdalena. Adem\u00e1s, en este acto, se da a conocer el veredicto del Jurado del [&hellip;]<\/p>\n","protected":false},"author":4,"featured_media":109146,"comment_status":"open","ping_status":"open","sticky":false,"template":"","format":"standard","meta":{"footnotes":""},"categories":[158],"tags":[],"class_list":["post-109164","post","type-post","status-publish","format-standard","has-post-thumbnail","hentry","category-magdalena-2022-2"],"_links":{"self":[{"href":"https:\/\/sequiol.es\/es\/wp-json\/wp\/v2\/posts\/109164","targetHints":{"allow":["GET"]}}],"collection":[{"href":"https:\/\/sequiol.es\/es\/wp-json\/wp\/v2\/posts"}],"about":[{"href":"https:\/\/sequiol.es\/es\/wp-json\/wp\/v2\/types\/post"}],"author":[{"embeddable":true,"href":"https:\/\/sequiol.es\/es\/wp-json\/wp\/v2\/users\/4"}],"replies":[{"embeddable":true,"href":"https:\/\/sequiol.es\/es\/wp-json\/wp\/v2\/comments?post=109164"}],"version-history":[{"count":1,"href":"https:\/\/sequiol.es\/es\/wp-json\/wp\/v2\/posts\/109164\/revisions"}],"predecessor-version":[{"id":109165,"href":"https:\/\/sequiol.es\/es\/wp-json\/wp\/v2\/posts\/109164\/revisions\/109165"}],"wp:featuredmedia":[{"embeddable":true,"href":"https:\/\/sequiol.es\/es\/wp-json\/wp\/v2\/media\/109146"}],"wp:attachment":[{"href":"https:\/\/sequiol.es\/es\/wp-json\/wp\/v2\/media?parent=109164"}],"wp:term":[{"taxonomy":"category","embeddable":true,"href":"https:\/\/sequiol.es\/es\/wp-json\/wp\/v2\/categories?post=109164"},{"taxonomy":"post_tag","embeddable":true,"href":"https:\/\/sequiol.es\/es\/wp-json\/wp\/v2\/tags?post=109164"}],"curies":[{"name":"wp","href":"https:\/\/api.w.org\/{rel}","templated":true}]}}